{"id":147563,"date":"2026-06-20T09:03:12","date_gmt":"2026-06-20T09:03:12","guid":{"rendered":"https:\/\/www.europesays.com\/be-fr\/147563\/"},"modified":"2026-06-20T09:03:12","modified_gmt":"2026-06-20T09:03:12","slug":"et-si-lheure-de-vos-repas-comptait-plus-que-ce-que-vous-mettez-dans-votre-assiette-voici-la-surprenante-reponse-de-la-science","status":"publish","type":"post","link":"https:\/\/www.europesays.com\/be-fr\/147563\/","title":{"rendered":"Et si l&rsquo;heure de vos repas comptait plus que ce que vous mettez dans votre assiette ? Voici la surprenante r\u00e9ponse de la science"},"content":{"rendered":"<p><a href=\"https:\/\/www.futura-sciences.com\/sante\/actualites\/nutrition-naturellement-votre-six-conseils-dr-cocaul-manger-mieux-91827\/\" title=\"Naturellement v\u00f4tre : six conseils du Dr Cocaul pour manger mieux\" rel=\"nofollow noopener\" target=\"_blank\">Manger<\/a> t\u00f4t ou tard : la question peut sembler anodine, pourtant la biologie y r\u00e9pond sans ambigu\u00eft\u00e9. Notre organisme fonctionne selon une horloge interne, le <a href=\"https:\/\/www.futura-sciences.com\/sante\/definitions\/biologie-circadien-2148\/\" rel=\"nofollow noopener\" target=\"_blank\">rythme circadien<\/a>, qui r\u00e9gule bien plus que le sommeil. Il orchestre aussi la fa\u00e7on dont nous m\u00e9tabolisons les aliments, heure par heure. Plusieurs \u00e9tudes men\u00e9es sur des animaux et des humains convergent vers la m\u00eame conclusion : manger trop tard perturbe profond\u00e9ment notre m\u00e9tabolisme, favorise la prise de poids et augmente les risques cardiovasculaires.<\/p>\n<p>Ce que votre horloge biologique r\u00e9v\u00e8le sur vos repas<\/p>\n<p>Le <a href=\"https:\/\/www.futura-sciences.com\/sante\/questions-reponses\/sommeil-rythme-biologique-quest-ce-rythme-circadien-723\/\" title=\"Rythme biologique : qu&#039;est ce que le rythme circadien ?\" rel=\"nofollow noopener\" target=\"_blank\">rythme circadien<\/a>, c&rsquo;est ce syst\u00e8me automatique qui envoie des signaux hormonaux dans tout le corps pour indiquer quand dormir, quand \u00eatre actif, et quand manger. Ce cycle se r\u00e9p\u00e8te chaque jour avec une r\u00e9gularit\u00e9 remarquable. Le probl\u00e8me ? Nos envies alimentaires ne s&rsquo;alignent pas toujours sur ce rythme optimal.<\/p>\n<p>\n            <img decoding=\"async\" data-imgid=\"sm\" src=\"https:\/\/www.europesays.com\/be-fr\/wp-content\/uploads\/2026\/06\/2-horloge-interne.jpg\" width=\"320\" height=\"320\" alt=\"Dans les cellules, des mol\u00e9cules horlog\u00e8res contr\u00f4lent le rythme circadien de l\u2019activit\u00e9 cellulaire. \u00a9 geralt, Pixabay, CC0\" loading=\"lazy\"\/><br \/>\n        <a href=\"https:\/\/www.futura-sciences.com\/sante\/actualites\/maladie-horloge-biologique-rupture-rythme-circadien-favorise-maladies-74297\/\" class=\"article-link article-title\" target=\"_blank\" rel=\"nofollow noopener\">Horloge biologique : comment une rupture du rythme circadien favorise des maladies<\/a><\/p>\n<p class=\"article-synopsis\">\n        Des chercheurs ont identifi\u00e9 un nouveau m\u00e9canisme qui peut expliquer comment la perturbation des rythmes biologiques interne favorise des maladies comme le diab\u00e8te. Une prot\u00e9ine pr\u00e9sente dans des cellules du foie et du c\u00f4lon est impliqu\u00e9e dans le contr\u00f4le du rythme circadien de ces tissus&#8230;. Lire la suite\n    <\/p>\n<\/p>\n<p>Des recherches ont montr\u00e9 que, m\u00eame priv\u00e9s de <a href=\"https:\/\/www.futura-sciences.com\/sciences\/definitions\/physique-lumiere-326\/\" rel=\"nofollow noopener\" target=\"_blank\">lumi\u00e8re<\/a> et de rep\u00e8res temporels, les humains ressentent leur pic de faim vers 20 heures et leur creux vers 8 heures du matin. Autrement dit, notre instinct pousse \u00e0 manger le soir, alors que le corps est biologiquement mieux \u00e9quip\u00e9 pour traiter les nutriments le matin. Cette contradiction a une explication \u00e9volutive : \u00e0 l&rsquo;\u00e9poque o\u00f9 la nourriture \u00e9tait rare, stocker de l&rsquo;<a href=\"https:\/\/www.futura-sciences.com\/sciences\/definitions\/energie-energie-15884\/\" rel=\"nofollow noopener\" target=\"_blank\">\u00e9nergie<\/a> tard dans la journ\u00e9e repr\u00e9sentait un avantage de survie. Aujourd&rsquo;hui, dans nos soci\u00e9t\u00e9s d&rsquo;abondance, ce m\u00e9canisme devient un inconv\u00e9nient.<\/p>\n<p class=\"fs-media\">\n<p><img decoding=\"async\" data-imgid=\"full\" src=\"https:\/\/www.europesays.com\/be-fr\/wp-content\/uploads\/2026\/06\/horaires-des-repas-.png\" width=\"1080\" height=\"2160\" alt=\"\" loading=\"lazy\"\/><br \/>\nL&rsquo;horaire des\u00a0repas semble aussi important\u00a0que le contenu de l&rsquo;assiette. \u00a9 Erdikocak, iStock<\/p>\n<p>L&rsquo;<a href=\"https:\/\/www.futura-sciences.com\/sante\/actualites\/diabete-incroyable-avancee-medicaments-reveillent-insuline-seulement-48-h-121019\/\" title=\"Incroyable avanc\u00e9e : des m\u00e9dicaments r\u00e9veillent l\u2019insuline en seulement 48 h !\" rel=\"nofollow noopener\" target=\"_blank\">insuline<\/a> illustre parfaitement ce d\u00e9calage. Cette hormone essentielle r\u00e9gule le <a href=\"https:\/\/www.futura-sciences.com\/sante\/definitions\/biologie-glucose-736\/\" rel=\"nofollow noopener\" target=\"_blank\">glucose<\/a> sanguin, et sa sensibilit\u00e9 suit un rythme circadien pr\u00e9cis. Les cellules graisseuses sont environ 50 % plus sensibles \u00e0 l&rsquo;<a href=\"https:\/\/www.futura-sciences.com\/sante\/definitions\/medecine-insuline-173\/\" rel=\"nofollow noopener\" target=\"_blank\">insuline<\/a> \u00e0 midi qu&rsquo;\u00e0 minuit. Concr\u00e8tement : le m\u00eame repas pris le matin g\u00e9n\u00e8re une \u00e9l\u00e9vation de <a href=\"https:\/\/www.futura-sciences.com\/sante\/definitions\/medecine-glycemie-740\/\" rel=\"nofollow noopener\" target=\"_blank\">glyc\u00e9mie<\/a> bien moins significative que le soir. Manger tard, c&rsquo;est donc imposer \u00e0 votre corps un travail qu&rsquo;il est moins bien arm\u00e9 pour accomplir.<\/p>\n<p>Travailleurs de nuit, microbiome et preuves humaines<\/p>\n<p>Les travailleurs post\u00e9s incarnent, malgr\u00e9 eux, une exp\u00e9rience grandeur nature de ce d\u00e9r\u00e8glement. Aux \u00c9tats-Unis, environ 15 millions de personnes travaillent la nuit. Les donn\u00e9es sur leur sant\u00e9 sont pr\u00e9occupantes :<\/p>\n<p>Ces chiffres frappants s&rsquo;expliquent en grande partie par la lutte permanente contre leur rythme circadien naturel, notamment sur les horaires de repas.<\/p>\n<p>\n            <img decoding=\"async\" data-imgid=\"sm\" src=\"https:\/\/www.europesays.com\/be-fr\/wp-content\/uploads\/2026\/06\/assiette vide.jpg\" width=\"320\" height=\"320\" alt=\"Est-ce possible de perdre du poids en ne mangeant rien le soir ? \u00a9mpix-foto, Adobe Stock\" loading=\"lazy\"\/><br \/>\n        <a href=\"https:\/\/www.futura-sciences.com\/sante\/questions-reponses\/alimentation-ne-pas-manger-soir-aide-t-il-vraiment-perdre-poids-22959\/\" class=\"article-link article-title\" target=\"_blank\" rel=\"nofollow noopener\">Ne pas manger le soir aide-t-il vraiment \u00e0 perdre du poids ?<\/a><\/p>\n<p class=\"article-synopsis\">\n        Pour perdre du poids, il existe tout un tas de techniques sur Internet, qu\u2019elles soient efficaces ou non. Parmi elles, une m\u00e9thode serait de sauter le repas du soir ce qui r\u00e9duirait son apport calorique journalier. Mais est-ce que cela aide-t-il vraiment ?&#8230; Lire la suite\n    <\/p>\n<\/p>\n<p>Le <a href=\"https:\/\/www.futura-sciences.com\/sante\/definitions\/genetique-microbiome-5151\/\" rel=\"nofollow noopener\" target=\"_blank\">microbiome<\/a> intestinal ajoute une dimension suppl\u00e9mentaire. Cet <a href=\"https:\/\/www.futura-sciences.com\/planete\/definitions\/environnement-ecosysteme-135\/\" rel=\"nofollow noopener\" target=\"_blank\">\u00e9cosyst\u00e8me<\/a> bact\u00e9rien, qui influence une multitude de fonctions corporelles, fluctue lui aussi selon un cycle journalier. Des \u00e9tudes sur des souris ont r\u00e9v\u00e9l\u00e9 que les <a href=\"https:\/\/www.futura-sciences.com\/sante\/definitions\/medecine-bacterie-101\/\" rel=\"nofollow noopener\" target=\"_blank\">bact\u00e9ries<\/a> intestinales sont plus actives sur le plan m\u00e9tabolique pendant les phases d&rsquo;\u00e9veil, et davantage orient\u00e9es vers la d\u00e9toxification pendant le repos. Nourrir son corps au bon moment, c&rsquo;est donc aussi entretenir la diversit\u00e9 de ce microbiome, un facteur imm\u00e9diatement associ\u00e9 \u00e0 un meilleur \u00e9tat de sant\u00e9 g\u00e9n\u00e9ral.<\/p>\n<p>\n            <img decoding=\"async\" data-imgid=\"sm\" src=\"https:\/\/www.europesays.com\/be-fr\/wp-content\/uploads\/2026\/06\/1781946192_659_alimentation-calories-microbiote.jpeg\" width=\"320\" height=\"320\" alt=\"Calculer la teneur en prot\u00e9ines, glucides et lipides ne suffit pas pour savoir combien de calories nous absorbons quand nous mangeons. Il faut aussi tenir compte du r\u00f4le du microbiote. \u00a9 Oleg, Adobe Stock (image g\u00e9n\u00e9r\u00e9e \u00e0 l\u2019aide de l\u2019IA)\" loading=\"lazy\"\/><br \/>\n        <a href=\"https:\/\/www.futura-sciences.com\/sante\/actualites\/microbiotes-microbiote-intestinal-module-absorption-reelle-calories-selon-nouvelle-etude-134852\/\" class=\"article-link article-title\" target=\"_blank\" rel=\"nofollow noopener\">Le microbiote intestinal module l\u2019absorption r\u00e9elle des calories, selon une nouvelle \u00e9tude<\/a><\/p>\n<p class=\"article-synopsis\">\n        Et si les calories affich\u00e9es sur les \u00e9tiquettes n\u2019\u00e9taient qu\u2019une partie de l\u2019histoire ? Des chercheurs montrent que notre microbiote intestinal joue un r\u00f4le majeur dans l\u2019\u00e9nergie r\u00e9ellement absorb\u00e9e par l\u2019organisme. Une d\u00e9couverte qui pourrait changer notre mani\u00e8re de penser l\u2019alimentation, les fibres\u2026 et la gestion du poids&#8230;. Lire la suite\n    <\/p>\n<\/p>\n<p>C\u00f4t\u00e9 humain, une \u00e9tude sur la <a href=\"https:\/\/www.futura-sciences.com\/sante\/actualites\/sport-cette-activite-change-tout-science-prouve-quelle-agit-mieux-quun-regime-meme-perte-poids-c7g3-126850\/\" title=\"Cette activit\u00e9 change tout : la science prouve qu\u2019elle agit mieux qu\u2019un r\u00e9gime, m\u00eame sans perte de poids\" rel=\"nofollow noopener\" target=\"_blank\">perte de poids<\/a> men\u00e9e sur vingt semaines a compar\u00e9 les horaires de d\u00e9jeuner des participants : ceux qui mangeaient plus t\u00f4t perdaient davantage de poids, et br\u00fblaient plus d&rsquo;\u00e9nergie que les autres. Ce n&rsquo;est pas qu&rsquo;une question de <a href=\"https:\/\/www.futura-sciences.com\/sante\/definitions\/nutrition-calorie-16189\/\" rel=\"nofollow noopener\" target=\"_blank\">calories<\/a> ing\u00e9r\u00e9es, c&rsquo;est aussi une question de moment.<\/p>\n<p>D\u00e9caler ses repas vers le matin : par o\u00f9 commencer<\/p>\n<p>Inutile de transformer votre quotidien du jour au lendemain. L&rsquo;id\u00e9e n&rsquo;est pas de d\u00eener \u00e0 17 heures, mais d&rsquo;inverser progressivement la logique habituelle : un petit-d\u00e9jeuner plus consistant, un d\u00e9jeuner <a href=\"https:\/\/www.futura-sciences.com\/sciences\/definitions\/chimie-solide-15332\/\" rel=\"nofollow noopener\" target=\"_blank\">solide<\/a>, et un d\u00eener all\u00e9g\u00e9 pris avant 19\u00a0h\u00a030 si possible.<\/p>\n<p>La <a href=\"https:\/\/www.futura-sciences.com\/maison\/definitions\/maison-resistance-10889\/\" rel=\"nofollow noopener\" target=\"_blank\">r\u00e9sistance<\/a> vient souvent du contexte social : les d\u00eeners tardifs sont ancr\u00e9s dans nos habitudes culturelles. Mais m\u00eame un d\u00e9calage modeste de 30 \u00e0 45 minutes sur vos horaires habituels peut suffire \u00e0 enclencher un b\u00e9n\u00e9fice mesurable sur votre <a href=\"https:\/\/www.futura-sciences.com\/sante\/questions-reponses\/glycemie-glycemie-12-aliments-connaitre-mieux-controler-votre-sucre-k2m6-24268\/\" title=\"Glyc\u00e9mie : 12 aliments \u00e0 conna\u00eetre pour mieux contr\u00f4ler votre sucre\" rel=\"nofollow noopener\" target=\"_blank\">glyc\u00e9mie<\/a> et votre \u00e9nergie matinale. Votre biologie vous remerciera.<\/p>\n","protected":false},"excerpt":{"rendered":"Manger t\u00f4t ou tard : la question peut sembler anodine, pourtant la biologie y r\u00e9pond sans ambigu\u00eft\u00e9. Notre&hellip;\n","protected":false},"author":2,"featured_media":147564,"comment_status":"","ping_status":"","sticky":false,"template":"","format":"standard","meta":{"footnotes":"","_share_on_mastodon":"0"},"categories":[82],"tags":[826,12,13,18,17,5823,32934,48619,15273,13333,86,48618,6752,6728,2099,1705,1701,10036,8770,15029,87],"class_list":["post-147563","post","type-post","status-publish","format-standard","has-post-thumbnail","category-sante","tag-alimentation","tag-be","tag-be-fr","tag-belgique","tag-belgium","tag-corps-humain","tag-cycle-circadien","tag-dejeuner","tag-diner","tag-glycemie","tag-health","tag-horaire-des-repas","tag-horloge-biologique","tag-insuline","tag-les-tendances","tag-microbiote-intestinal","tag-microbiotes","tag-perte-de-poids","tag-repas","tag-rythme-circadien","tag-sante"],"share_on_mastodon":{"url":"https:\/\/pubeurope.com\/@be_fr\/116781633475849738","error":""},"_links":{"self":[{"href":"https:\/\/www.europesays.com\/be-fr\/wp-json\/wp\/v2\/posts\/147563","targetHints":{"allow":["GET"]}}],"collection":[{"href":"https:\/\/www.europesays.com\/be-fr\/wp-json\/wp\/v2\/posts"}],"about":[{"href":"https:\/\/www.europesays.com\/be-fr\/wp-json\/wp\/v2\/types\/post"}],"author":[{"embeddable":true,"href":"https:\/\/www.europesays.com\/be-fr\/wp-json\/wp\/v2\/users\/2"}],"replies":[{"embeddable":true,"href":"https:\/\/www.europesays.com\/be-fr\/wp-json\/wp\/v2\/comments?post=147563"}],"version-history":[{"count":0,"href":"https:\/\/www.europesays.com\/be-fr\/wp-json\/wp\/v2\/posts\/147563\/revisions"}],"wp:featuredmedia":[{"embeddable":true,"href":"https:\/\/www.europesays.com\/be-fr\/wp-json\/wp\/v2\/media\/147564"}],"wp:attachment":[{"href":"https:\/\/www.europesays.com\/be-fr\/wp-json\/wp\/v2\/media?parent=147563"}],"wp:term":[{"taxonomy":"category","embeddable":true,"href":"https:\/\/www.europesays.com\/be-fr\/wp-json\/wp\/v2\/categories?post=147563"},{"taxonomy":"post_tag","embeddable":true,"href":"https:\/\/www.europesays.com\/be-fr\/wp-json\/wp\/v2\/tags?post=147563"}],"curies":[{"name":"wp","href":"https:\/\/api.w.org\/{rel}","templated":true}]}}