{"id":148227,"date":"2026-06-20T21:05:12","date_gmt":"2026-06-20T21:05:12","guid":{"rendered":"https:\/\/www.europesays.com\/be-fr\/148227\/"},"modified":"2026-06-20T21:05:12","modified_gmt":"2026-06-20T21:05:12","slug":"les-chiffres-fous-de-lelimination-de-la-turquie-62-frappes-0-but-normalement-cela-arrive-une-fois-tous-les-50-ans","status":"publish","type":"post","link":"https:\/\/www.europesays.com\/be-fr\/148227\/","title":{"rendered":"Les chiffres fous de l&rsquo;\u00e9limination de la Turquie\u00a0: 62 frappes, 0 but\u00a0: \u00ab\u00a0Normalement cela arrive une fois tous les 50 ans\u00a0\u00bb"},"content":{"rendered":"<p class=\"ap-StoryElement ap-StoryElement--mb ap-StoryText\">Avec des chiffres que ne renieraient pas les Derviches tourneurs tant ils donnent le vertige sans avancer\u2026<\/p>\n<p>12 tirs cadr\u00e9s sur 62, 3,5 expected goals<\/p>\n<p class=\"ap-StoryElement ap-StoryElement--mb ap-StoryText\">30 frappes contre l&rsquo;Australie puis 32 contre le Paraguay mais seulement 7 et 5 cadr\u00e9s, soit un total de 12 sur 62 pour un total de 3,5 expected goals. 210 incursions dans les 30 derniers m\u00e8tres adverses contre 64, 46 occasions \u00e0 13, 20 corners \u00e0 5 et respectivement 71,6 et 78,5 % de possession face au Paraguay qui a ouvert le score apr\u00e8s 64 secondes et a jou\u00e9 une mi-temps \u00e0 dix apr\u00e8s l&rsquo;exclusion historique d&rsquo;Almiron.<\/p>\n<p><a href=\"https:\/\/www.dhnet.be\/sports\/football\/coupe-du-monde\/2026\/06\/20\/lechec-cuisant-de-la-turquie-une-exclusion-stupide-et-historique-le-maroc-assure-voici-la-nuit-americaine-AOG7DBSJ6RHLBL42CCZIEO35OQ\/\" target=\"_self\" class=\"ap-StoryInterstitialLink ap-StoryElement ap-StoryElement--mb\" rel=\"nofollow noopener\">L&rsquo;\u00e9chec cuisant de la Turquie, une exclusion stupide et historique, le Maroc assure : voici la nuit am\u00e9ricaine<\/a><\/p>\n<p class=\"ap-StoryElement ap-StoryElement--mb ap-StoryText\">\u00ab\u00a0On voit bien que les stats ne signifient rien. C&rsquo;est avec les buts qu&rsquo;on gagne des matchs et on n&rsquo;en a pas marqu\u00e9. C&rsquo;est aussi simple que cela\u00a0\u00bb, a l\u00e2ch\u00e9 d\u00e9pit\u00e9 Kenan Yildiz. Le meilleur joueur de la Juventus cette saison a frapp\u00e9 12 fois au but en deux rencontres contre 11 \u00e0 Calhanoglu et \u00e0 G\u00fcler, l&rsquo;autre p\u00e9pite n\u00e9e en 2005 qui brille au Real Madrid. Et qui n&rsquo;a pas \u00e9t\u00e9 plus inspir\u00e9 : \u00ab\u00a0il n&rsquo;y a pas grand-chose \u00e0 dire. Nous sommes tr\u00e8s d\u00e9\u00e7us et nous avons honte. Nous nous excusons envers notre peuple. Peut-\u00eatre leur a-t-on donn\u00e9 trop d&rsquo;espoir sans assumer en performant derri\u00e8re ?\u00a0\u00bb<\/p>\n<p class=\"ap-StoryElement ap-StoryElement--mb ap-StoryText\">Le quart de finale du dernier Euro perdu contre les Pays-Bas et la promotion en Ligue de la prochaine Ligue des nations ont d\u00e9cupl\u00e9 les attentes.<\/p>\n<p><a href=\"https:\/\/www.dhnet.be\/sports\/football\/coupe-du-monde\/2026\/06\/20\/vous-avez-gache-le-plaisir-de-85-millions-de-personnes-la-presse-turque-se-dechaine-apres-lelimination-de-la-coupe-du-monde-FJ2S5XNR6REGJCORPV2BUA72D4\/\" target=\"_self\" class=\"ap-StoryInterstitialLink ap-StoryElement ap-StoryElement--mb\" rel=\"nofollow noopener\">\u00ab\u00a0Vous avez g\u00e2ch\u00e9 le plaisir de 85 millions de personnes\u00a0\u00bb: la presse turque se d\u00e9cha\u00eene apr\u00e8s l&rsquo;\u00e9limination de la Coupe du monde<\/a><\/p>\n<p class=\"ap-StoryElement ap-StoryElement--mb ap-StoryText\">\u00ab\u00a0On se cr\u00e9e des occasions mais cela ne rentre pas. Je me demande dans ce qu&rsquo;on aurait pu faire de plus. Quand cela ne veut pas, cela ne veut pas. Normalement, cela arrive une fois tous les 50 ans mais cela nous est arriv\u00e9 deux fois en deux rencontres. Deux matchs avec 62 tirs, sans m\u00eame parler de possession du ballon. Le destin n&rsquo;\u00e9tait pas de notre c\u00f4t\u00e9. On a manqu\u00e9 de lucidit\u00e9 mais je suis fier de mes gars\u00a0\u00bb, a regrett\u00e9 Vincenzo Montella en poste depuis 2023 et qui a prolong\u00e9 il y a un an jusqu&rsquo;en juin 2028 sans avoir d\u00e9sormais la garantie d&rsquo;affronter les Diables, l&rsquo;Italie et la France \u00e0 l&rsquo;automne prochain en Ligue des nations\u2026<\/p>\n<p>Le technique<\/p>\n<p class=\"ap-StoryElement ap-StoryElement--mb ap-StoryText\">TURQUIE : Cakir ; M\u00fcldur, Demiral, Bardakci (86e K\u00f6k\u00e7\u00fc), Kadioglu (70e Elmali ; Calhanoglu, Y\u00fcksek (60e Uzun) ; Akg\u00fcn (60e G\u00fcl), G\u00fcler, Yildiz ; Akt\u00fcrkoglu (46e Yilmaz).<\/p>\n<p class=\"ap-StoryElement ap-StoryElement--mb ap-StoryText\">PARAGUAY : Gill ; Caceres (81e Maidana), Gomez, Alderete, Alonso ; Almiron, Cubas, Gomez (67e Velazquez), Galarza (90e Canale) ; Pitta (46e Bobadilla), Enciso (90e Avalos).<\/p>\n<p class=\"ap-StoryElement ap-StoryElement--mb ap-StoryText\">ARBITRE : Ivan Barton (SAL).<\/p>\n<p class=\"ap-StoryElement ap-StoryElement--mb ap-StoryText\">Cartes jaunes : Galarza, Elmali.<\/p>\n<p class=\"ap-StoryElement ap-StoryElement--mb ap-StoryText\">Carte rouge : 45e Almiron.<\/p>\n<p class=\"ap-StoryElement ap-StoryElement--mb ap-StoryText\">But : 2e Galarza (0-1).<\/p>\n","protected":false},"excerpt":{"rendered":"Avec des chiffres que ne renieraient pas les Derviches tourneurs tant ils donnent le vertige sans avancer\u2026 12&hellip;\n","protected":false},"author":2,"featured_media":148228,"comment_status":"","ping_status":"","sticky":false,"template":"","format":"standard","meta":{"footnotes":"","_share_on_mastodon":"0"},"categories":[81],"tags":[18041,868,4497,1010,1012,1013,12,13,18,17,1749,1014,1015,28373,482,1017,14110,44101,6809,27646,1018,891,33961,41113,1020,1535,12071,11414,894,11415,901,902,1023,48763,562,1025,906,17683,12090,84,1028,48764,1029,1030,1031,912],"class_list":["post-148227","post","type-post","status-publish","format-standard","has-post-thumbnail","category-sports","tag-18041","tag-868","tag-2025-2026","tag-a","tag-am","tag-auf","tag-be","tag-be-fr","tag-belgique","tag-belgium","tag-club","tag-der","tag-ein","tag-fc","tag-football","tag-fusball","tag-im","tag-internazionale","tag-ita","tag-italian","tag-italien","tag-italy","tag-juventus","tag-loise","tag-landerspiels","tag-league","tag-liga","tag-lois","tag-match","tag-openda","tag-player","tag-quer","tag-saison","tag-schaut","tag-serie","tag-settember","tag-soccer","tag-spielerin","tag-sportart","tag-sports","tag-stadion","tag-turiner","tag-und","tag-vom","tag-wahrend","tag-x0x"],"share_on_mastodon":{"url":"https:\/\/pubeurope.com\/@be_fr\/116784472344504007","error":""},"_links":{"self":[{"href":"https:\/\/www.europesays.com\/be-fr\/wp-json\/wp\/v2\/posts\/148227","targetHints":{"allow":["GET"]}}],"collection":[{"href":"https:\/\/www.europesays.com\/be-fr\/wp-json\/wp\/v2\/posts"}],"about":[{"href":"https:\/\/www.europesays.com\/be-fr\/wp-json\/wp\/v2\/types\/post"}],"author":[{"embeddable":true,"href":"https:\/\/www.europesays.com\/be-fr\/wp-json\/wp\/v2\/users\/2"}],"replies":[{"embeddable":true,"href":"https:\/\/www.europesays.com\/be-fr\/wp-json\/wp\/v2\/comments?post=148227"}],"version-history":[{"count":0,"href":"https:\/\/www.europesays.com\/be-fr\/wp-json\/wp\/v2\/posts\/148227\/revisions"}],"wp:featuredmedia":[{"embeddable":true,"href":"https:\/\/www.europesays.com\/be-fr\/wp-json\/wp\/v2\/media\/148228"}],"wp:attachment":[{"href":"https:\/\/www.europesays.com\/be-fr\/wp-json\/wp\/v2\/media?parent=148227"}],"wp:term":[{"taxonomy":"category","embeddable":true,"href":"https:\/\/www.europesays.com\/be-fr\/wp-json\/wp\/v2\/categories?post=148227"},{"taxonomy":"post_tag","embeddable":true,"href":"https:\/\/www.europesays.com\/be-fr\/wp-json\/wp\/v2\/tags?post=148227"}],"curies":[{"name":"wp","href":"https:\/\/api.w.org\/{rel}","templated":true}]}}