{"id":148347,"date":"2026-06-21T03:30:20","date_gmt":"2026-06-21T03:30:20","guid":{"rendered":"https:\/\/www.europesays.com\/be-fr\/148347\/"},"modified":"2026-06-21T03:30:20","modified_gmt":"2026-06-21T03:30:20","slug":"jai-vite-compris-que-notre-argent-etait-perdu-ces-193-belges-voulaient-juste-faire-installer-des-panneaux-photovoltaiques-chez-eux-mais-ils-se-sont-tous-f","status":"publish","type":"post","link":"https:\/\/www.europesays.com\/be-fr\/148347\/","title":{"rendered":"\u00ab\u00a0J\u2019ai vite compris que notre argent \u00e9tait perdu&#8230;\u00a0\u00bb\u00a0: ces 193 Belges voulaient juste faire installer des panneaux photovolta\u00efques chez eux&#8230; mais ils se sont tous fait avoir et leur argent s\u2019est envol\u00e9\u00a0!"},"content":{"rendered":"<p>\u00ab\u00a0D\u2019abord, l\u2019\u00e9lectricien \u00e9tait malade, puis le temps \u00e9tait trop mauvais. Chaque semaine, ils trouvaient de nouvelles excuses\u00a0\u00bb. Pendant plus de deux ans, d\u2019avril 2021 \u00e0 septembre 2023, le groupe de construction flamand Bouwgroep De Winter BV est accus\u00e9 d\u2019avoir escroqu\u00e9 193 clients en Belgique, principalement dans le cadre d\u2019installations de panneaux photovolta\u00efques. Le montant total des acomptes per\u00e7us d\u00e9passerait 1,13 million d\u2019euros, avant que l\u2019entreprise ne disparaisse.<\/p>\n<p>Selon le dossier, de nombreuses victimes racontent un sc\u00e9nario similaire\u00a0: paiements anticip\u00e9s, rendez-vous report\u00e9s, puis silence total. Lorenz Vantomme, une victime, t\u00e9moigne <a href=\"https:\/\/www.hln.be\/gent\/ruim-1-miljoen-euro-aan-voorschotten-geind-maar-amper-zonnepanelen-gelegd-hoe-bouwgroep-de-winter-bijna-200-slachtoffers-maakte~ae6775c7\/\" target=\"_blank\" rel=\"nofollow noopener\">aupr\u00e8s de HLN<\/a>\u00a0: \u00ab\u00a0Le 29 ao\u00fbt 2022, j\u2019ai vers\u00e9 un acompte de 5.758 euros pour l\u2019installation de panneaux solaires et d\u2019une batterie domestique de 20 kW.\u00a0\u00bb Il poursuit\u00a0: \u00ab\u00a0La livraison \u00e9tait pr\u00e9vue le 10 novembre, mais ce jour-l\u00e0, j\u2019ai re\u00e7u un appel disant que l\u2019\u00e9lectricien \u00e9tait malade. J\u2019ai accept\u00e9, mais ensuite les rendez-vous ont continu\u00e9 \u00e0 \u00eatre annul\u00e9s. Apr\u00e8s quatre ou cinq reports, j\u2019ai compris que notre argent \u00e9tait probablement perdu\u00a0\u00bb.<\/p>\n","protected":false},"excerpt":{"rendered":"\u00ab\u00a0D\u2019abord, l\u2019\u00e9lectricien \u00e9tait malade, puis le temps \u00e9tait trop mauvais. Chaque semaine, ils trouvaient de nouvelles excuses\u00a0\u00bb. Pendant&hellip;\n","protected":false},"author":2,"featured_media":148348,"comment_status":"","ping_status":"","sticky":false,"template":"","format":"standard","meta":{"footnotes":"","_share_on_mastodon":"0"},"categories":[2],"tags":[1877,3102,6958,12,13,6113,18,17,24527,48780,8136,6745,6324,11397,1722,37634,14601,48779,8960],"class_list":["post-148347","post","type-post","status-publish","format-standard","has-post-thumbnail","category-belgique","tag-jai","tag-argent","tag-avoir","tag-be","tag-be-fr","tag-belges","tag-belgique","tag-belgium","tag-compris","tag-envole","tag-etait","tag-faire","tag-installer","tag-juste","tag-notre","tag-panneaux","tag-perdu","tag-photovoltaiques","tag-voulaient"],"share_on_mastodon":{"url":"https:\/\/pubeurope.com\/@be_fr\/116785986096997313","error":""},"_links":{"self":[{"href":"https:\/\/www.europesays.com\/be-fr\/wp-json\/wp\/v2\/posts\/148347","targetHints":{"allow":["GET"]}}],"collection":[{"href":"https:\/\/www.europesays.com\/be-fr\/wp-json\/wp\/v2\/posts"}],"about":[{"href":"https:\/\/www.europesays.com\/be-fr\/wp-json\/wp\/v2\/types\/post"}],"author":[{"embeddable":true,"href":"https:\/\/www.europesays.com\/be-fr\/wp-json\/wp\/v2\/users\/2"}],"replies":[{"embeddable":true,"href":"https:\/\/www.europesays.com\/be-fr\/wp-json\/wp\/v2\/comments?post=148347"}],"version-history":[{"count":0,"href":"https:\/\/www.europesays.com\/be-fr\/wp-json\/wp\/v2\/posts\/148347\/revisions"}],"wp:featuredmedia":[{"embeddable":true,"href":"https:\/\/www.europesays.com\/be-fr\/wp-json\/wp\/v2\/media\/148348"}],"wp:attachment":[{"href":"https:\/\/www.europesays.com\/be-fr\/wp-json\/wp\/v2\/media?parent=148347"}],"wp:term":[{"taxonomy":"category","embeddable":true,"href":"https:\/\/www.europesays.com\/be-fr\/wp-json\/wp\/v2\/categories?post=148347"},{"taxonomy":"post_tag","embeddable":true,"href":"https:\/\/www.europesays.com\/be-fr\/wp-json\/wp\/v2\/tags?post=148347"}],"curies":[{"name":"wp","href":"https:\/\/api.w.org\/{rel}","templated":true}]}}