{"id":148565,"date":"2026-06-21T08:39:14","date_gmt":"2026-06-21T08:39:14","guid":{"rendered":"https:\/\/www.europesays.com\/be-fr\/148565\/"},"modified":"2026-06-21T08:39:14","modified_gmt":"2026-06-21T08:39:14","slug":"chantal-fazio-tiam-expose-a-sainte-croix","status":"publish","type":"post","link":"https:\/\/www.europesays.com\/be-fr\/148565\/","title":{"rendered":"Chantal Fazio-Tiam expose \u00e0 Sainte-Croix."},"content":{"rendered":"<p>La peinture accompagne Chantal Fazio-Tiam depuis l\u2019enfance. Elle a grandi dans l\u2019atelier de poterie de ses parents, un lieu o\u00f9 la cr\u00e9ation, les couleurs et les mati\u00e8res faisaient partie du quotidien. Tr\u00e8s t\u00f4t, elle y d\u00e9couvre le plaisir de dessiner et de peindre, d\u00e9veloppant au fil des ann\u00e9es une sensibilit\u00e9 artistique personnelle qui ne l\u2019a jamais quitt\u00e9e.<\/p>\n<p>Depuis, son parcours s\u2019est construit au rythme des expositions et des rencontres. Elle participe r\u00e9guli\u00e8rement \u00e0 des expositions en solo ainsi qu\u2019\u00e0 de nombreux salons d\u2019aquarelle. Son travail a notamment \u00e9t\u00e9 pr\u00e9sent\u00e9 \u00e0 Caussade, Saint-Yrieix-la-Perche, Uckange cette ann\u00e9e, ainsi qu\u2019\u00e0 Saint-Antonin-Noble-Val, o\u00f9 elle expose depuis maintenant cinq ans. Son activit\u00e9 artistique d\u00e9passe \u00e9galement les fronti\u00e8res fran\u00e7aises : elle participe ponctuellement \u00e0 des manifestations \u00e0 l\u2019\u00e9tranger et prendra part cette ann\u00e9e \u00e0 une exposition en Pologne, nouvelle \u00e9tape dans son parcours de diffusion artistique.<\/p>\n<p>Actuellement, l\u2019artiste vient d\u2019exposer \u00e0 Saint-Antonin-Noble-Val durant deux semaines avant de rejoindre Sainte-Croix. Elle pr\u00e9sentera ses \u0153uvres \u00e0 la salle Capitulaire, au rez-de-chauss\u00e9e de la mairie, du 23 au 29 juin de 14h \u00e0 18h. <\/p>\n<p>Le vernissage est pr\u00e9vu le vendredi 26 juin \u00e0 18 heures, un moment privil\u00e9gi\u00e9 qui permettra au public de d\u00e9couvrir son univers, d\u2019\u00e9changer avec elle sur sa d\u00e9marche et de partager un temps convivial autour de ses aquarelles.<\/p>\n<p>Spectacle \u00e0 C\u00e9nac<\/p>\n<p>Mardi 23 juin \u00e0 20h30, \u00ab\u00a0Les Tony\u00a0\u00bb proposent un spectacle pour toute la famille : acrobaties, magie, sketchs comiques, petit chien, com\u00e9diens\u2026<\/p>\n<p>Tarifs : 6\u20ac pour les adultes, 4\u20ac pour les enfants. Une buvette sera propos\u00e9e par l\u2019APE de l\u2019\u00e9cole de Ste Croix.<\/p>\n<p>F\u00eate des \u00e9lus de Ste Croix<\/p>\n<p>Le samedi 27 juin, l\u2019\u00e9quipe municipale donne rendez-vous aux habitants pour partager un moment festif convivial et traditionnel. A 9h30, visite guid\u00e9e de Ste Croix, \u00e0 10h45 inauguration d\u2019un local \u00e0 vocation commerciale, \u00e0 11h15 plantation d\u2019un arbre \u00e0 la salle des f\u00eates. L\u2019ap\u00e9ritif sera anim\u00e9 par le groupe \u00ab\u00a0Les \u00e9chos des 3 clochers\u00a0\u00bb<\/p>\n","protected":false},"excerpt":{"rendered":"La peinture accompagne Chantal Fazio-Tiam depuis l\u2019enfance. Elle a grandi dans l\u2019atelier de poterie de ses parents, un&hellip;\n","protected":false},"author":2,"featured_media":148566,"comment_status":"","ping_status":"","sticky":false,"template":"","format":"standard","meta":{"footnotes":"","_share_on_mastodon":"0"},"categories":[101],"tags":[126,124,125,384,12,13,18,17,191,127,96,95,321,48801],"class_list":["post-148565","post","type-post","status-publish","format-standard","has-post-thumbnail","category-arts-et-design","tag-arts","tag-arts-and-design","tag-arts-et-design","tag-aveyron","tag-be","tag-be-fr","tag-belgique","tag-belgium","tag-culture-et-loisirs","tag-design","tag-divertissement","tag-entertainment","tag-expositions","tag-saintecroix"],"share_on_mastodon":{"url":"https:\/\/pubeurope.com\/@be_fr\/116787201123474287","error":""},"_links":{"self":[{"href":"https:\/\/www.europesays.com\/be-fr\/wp-json\/wp\/v2\/posts\/148565","targetHints":{"allow":["GET"]}}],"collection":[{"href":"https:\/\/www.europesays.com\/be-fr\/wp-json\/wp\/v2\/posts"}],"about":[{"href":"https:\/\/www.europesays.com\/be-fr\/wp-json\/wp\/v2\/types\/post"}],"author":[{"embeddable":true,"href":"https:\/\/www.europesays.com\/be-fr\/wp-json\/wp\/v2\/users\/2"}],"replies":[{"embeddable":true,"href":"https:\/\/www.europesays.com\/be-fr\/wp-json\/wp\/v2\/comments?post=148565"}],"version-history":[{"count":0,"href":"https:\/\/www.europesays.com\/be-fr\/wp-json\/wp\/v2\/posts\/148565\/revisions"}],"wp:featuredmedia":[{"embeddable":true,"href":"https:\/\/www.europesays.com\/be-fr\/wp-json\/wp\/v2\/media\/148566"}],"wp:attachment":[{"href":"https:\/\/www.europesays.com\/be-fr\/wp-json\/wp\/v2\/media?parent=148565"}],"wp:term":[{"taxonomy":"category","embeddable":true,"href":"https:\/\/www.europesays.com\/be-fr\/wp-json\/wp\/v2\/categories?post=148565"},{"taxonomy":"post_tag","embeddable":true,"href":"https:\/\/www.europesays.com\/be-fr\/wp-json\/wp\/v2\/tags?post=148565"}],"curies":[{"name":"wp","href":"https:\/\/api.w.org\/{rel}","templated":true}]}}