{"id":148775,"date":"2026-06-21T12:06:12","date_gmt":"2026-06-21T12:06:12","guid":{"rendered":"https:\/\/www.europesays.com\/be-fr\/148775\/"},"modified":"2026-06-21T12:06:12","modified_gmt":"2026-06-21T12:06:12","slug":"le-telephone-nothing-cmf-au-prix-abordable-est-victime-de-la-crise-de-la-dram","status":"publish","type":"post","link":"https:\/\/www.europesays.com\/be-fr\/148775\/","title":{"rendered":"Le t\u00e9l\u00e9phone \u00ab Nothing CMF \u00bb, au prix abordable, est victime de la crise de la DRAM"},"content":{"rendered":"<p class=\"bodytext\">La crise de la DRAM n&rsquo;entra\u00eene pas seulement une hausse des prix des smartphones de milieu de gamme et haut de gamme. La hausse rapide des co\u00fbts de la m\u00e9moire vive (RAM) et du stockage flash est encore plus perceptible sur les mod\u00e8les bon march\u00e9. Nothing r\u00e9agit d\u00e9sormais en retirant de sa gamme le CMF Phone 2 Pro, un mod\u00e8le abordable. L&rsquo;appareil est toujours disponible chez certains revendeurs, mais il n&rsquo;appara\u00eet plus sur <a href=\"https:\/\/nothing.tech\/collections\/shop-all\" target=\"_blank\" rel=\"nofollow noopener\">, le site officiel de Nothing<\/a>. <a href=\"https:\/\/x.com\/AkisEvangelidis\/status\/2067855233968156975\" target=\"_blank\" rel=\"nofollow\">Akis Evangelidis, cofondateur de Nothing,<\/a> a \u00e9galement confirm\u00e9 dans le message X ci-dessous qu\u2019aucun nouveau CMF Phone ne serait lanc\u00e9 en 2026. Nothing travaillait sur un successeur au CMF Phone 2 Pro, mais compte tenu des prix tr\u00e8s \u00e9lev\u00e9s de la DRAM et de la NAND, l\u2019entreprise ne serait tout simplement pas en mesure de commercialiser un smartphone offrant de meilleures caract\u00e9ristiques techniques que le CMF Phone 2 Pro tout en conservant un prix adapt\u00e9 \u00e0 la sous-marque CMF, ax\u00e9e sur les produits abordables de Nothing.&#13;<\/p>\n<p class=\"bodytext\">\u00c0 la place, Nothing pr\u00e9voit de se concentrer sur d\u2019autres cat\u00e9gories de produits et de lancer plusieurs nouveaux produits CMF qui ne sont pas aussi fortement touch\u00e9s par la crise de la DRAM. Ce changement de strat\u00e9gie ne concerne que les CMF Phone, et non les Nothing Phone, qui sont g\u00e9n\u00e9ralement positionn\u00e9s \u00e0 des prix l\u00e9g\u00e8rement plus \u00e9lev\u00e9s et disposent donc d\u2019une plus grande marge de man\u0153uvre pour compenser la hausse des co\u00fbts de m\u00e9moire, soit par des compromis mat\u00e9riels, soit par une augmentation de prix. La crise de la DRAM devrait perdurer encore plusieurs ann\u00e9es ; par cons\u00e9quent, toute personne \u00e0 la recherche d\u2019un smartphone de milieu de gamme abordable dans les mois \u00e0 venir aurait peut-\u00eatre int\u00e9r\u00eat \u00e0 se tourner vers les mod\u00e8les de l\u2019ann\u00e9e derni\u00e8re plut\u00f4t que d\u2019attendre les nouveaut\u00e9s.<\/p>\n","protected":false},"excerpt":{"rendered":"La crise de la DRAM n&rsquo;entra\u00eene pas seulement une hausse des prix des smartphones de milieu de gamme&hellip;\n","protected":false},"author":2,"featured_media":148776,"comment_status":"","ping_status":"","sticky":false,"template":"","format":"standard","meta":{"footnotes":"","_share_on_mastodon":"0"},"categories":[70],"tags":[47183,12,13,18,17,25108,1289,48826,48827,1285,1287,48828,1286,73,71,75,72,1512,76,74,1288],"class_list":["post-148775","post","type-post","status-publish","format-standard","has-post-thumbnail","category-sciences-et-technologies","tag-abandonne","tag-be","tag-be-fr","tag-belgique","tag-belgium","tag-confirme","tag-informations-sur-des-ordinateurs-portatifs","tag-nothing-cmf-phone-2-pro","tag-nothing-cmf-phone-3-pro","tag-nouvelles","tag-rapport","tag-retire-du-marche","tag-revues","tag-science","tag-science-and-technology","tag-sciences","tag-sciences-et-technologies","tag-smartphone","tag-technologies","tag-technology","tag-test"],"share_on_mastodon":{"url":"https:\/\/pubeurope.com\/@be_fr\/116788015012245450","error":""},"_links":{"self":[{"href":"https:\/\/www.europesays.com\/be-fr\/wp-json\/wp\/v2\/posts\/148775","targetHints":{"allow":["GET"]}}],"collection":[{"href":"https:\/\/www.europesays.com\/be-fr\/wp-json\/wp\/v2\/posts"}],"about":[{"href":"https:\/\/www.europesays.com\/be-fr\/wp-json\/wp\/v2\/types\/post"}],"author":[{"embeddable":true,"href":"https:\/\/www.europesays.com\/be-fr\/wp-json\/wp\/v2\/users\/2"}],"replies":[{"embeddable":true,"href":"https:\/\/www.europesays.com\/be-fr\/wp-json\/wp\/v2\/comments?post=148775"}],"version-history":[{"count":0,"href":"https:\/\/www.europesays.com\/be-fr\/wp-json\/wp\/v2\/posts\/148775\/revisions"}],"wp:featuredmedia":[{"embeddable":true,"href":"https:\/\/www.europesays.com\/be-fr\/wp-json\/wp\/v2\/media\/148776"}],"wp:attachment":[{"href":"https:\/\/www.europesays.com\/be-fr\/wp-json\/wp\/v2\/media?parent=148775"}],"wp:term":[{"taxonomy":"category","embeddable":true,"href":"https:\/\/www.europesays.com\/be-fr\/wp-json\/wp\/v2\/categories?post=148775"},{"taxonomy":"post_tag","embeddable":true,"href":"https:\/\/www.europesays.com\/be-fr\/wp-json\/wp\/v2\/tags?post=148775"}],"curies":[{"name":"wp","href":"https:\/\/api.w.org\/{rel}","templated":true}]}}