{"id":148791,"date":"2026-06-21T12:22:18","date_gmt":"2026-06-21T12:22:18","guid":{"rendered":"https:\/\/www.europesays.com\/be-fr\/148791\/"},"modified":"2026-06-21T12:22:18","modified_gmt":"2026-06-21T12:22:18","slug":"christie-morreale-cheffe-de-groupe-ps-au-parlement-wallon-est-notre-invitee-de-ce-dimanche-le-gouvernement-mr-engages-va-casser-leconomie-wallonne-video","status":"publish","type":"post","link":"https:\/\/www.europesays.com\/be-fr\/148791\/","title":{"rendered":"Christie Morreale, cheffe de groupe PS au Parlement wallon, est notre invit\u00e9e de ce dimanche\u00a0: \u00ab\u00a0Le gouvernement MR-Engag\u00e9s va casser l\u2019\u00e9conomie wallonne\u00a0\u00bb (vid\u00e9o)"},"content":{"rendered":"<p class=\"question r-question\">O\u00f9 vont-ils trouver deux milliards d\u2019\u00e9conomie\u00a0?<\/p>\n<p class=\"reponse r-reponse\">Tout part d\u2019une terrible erreur de leur part. D\u00e8s le d\u00e9but, les \u00e9conomistes les avaient avertis\u00a0: \u00ab\u00a0Ne proc\u00e9dez pas \u00e0 une r\u00e9forme fiscale si vous devez diminuer les d\u00e9penses. Il faut d\u2019abord r\u00e9duire les d\u00e9penses, puis voir si vous avez la marge de man\u0153uvre n\u00e9cessaire pour all\u00e9ger les recettes de la R\u00e9gion.\u00a0\u00bb<\/p>\n<p class=\"question r-question\">Qu\u2019auriez-vous fait\u00a0?<\/p>\n<p class=\"reponse r-reponse\">Il faut prendre le temps d\u2019emmener la population dans ce qui est acceptable collectivement, parce que casser la machine \u00e9conomique ou la faire basculer dans la pr\u00e9carit\u00e9 extr\u00eame est tr\u00e8s dangereux. Aujourd\u2019hui, il y a un ralentissement de l\u2019\u00e9conomie int\u00e9rieure, tous les commer\u00e7ants me le disent. Le secteur de la construction s\u2019\u00e9croule avec la fin des primes \u00e0 la r\u00e9novation, la fin des investissements publics communaux, des investissements r\u00e9gionaux. La machine \u00e9conomique se grippe et va se casser. Ils ont bris\u00e9 le cercle vertueux.<\/p>\n<p>&#13;<br \/>\n&#13;<\/p>\n<p class=\"question r-question\">Le citoyen pourrait aussi acheter local et moins d\u2019objets provenant de Chine, non\u00a0?<\/p>\n<p class=\"reponse r-reponse\">Cette politique pousse les gens \u00e0 consommer low cost, parce qu\u2019ils ont moins de pouvoir d\u2019achat. M\u00eame chose pour les repas \u00e0 l\u2019\u00e9cole. Elle brise la relocalisation de notre alimentation, que nous avions mise en place avec les agriculteurs wallons. Enfin, pour le CETA, le ministre-pr\u00e9sident n\u2019a m\u00eame pas \u00e9crit \u00e0 la Commission europ\u00e9enne pour lui demander de prot\u00e9ger nos agriculteurs.<\/p>\n<p>&#13;<br \/>\n&#13;<\/p>\n<p>&#13;<br \/>\n&#13;<\/p>\n<p>&#13;<br \/>\n&#13;<\/p>\n<p class=\"question r-question\">Dans ce contexte, l\u2019industrie de l\u2019armement est quand m\u00eame un espoir\u00a0?<\/p>\n<p class=\"reponse r-reponse\">Si, un jour, on a une guerre sur le territoire europ\u00e9en, la priorit\u00e9 num\u00e9ro 1, ce sera d\u2019avoir des m\u00e9dicaments produits en Europe. En Wallonie, nous avons un secteur pharmaceutique tr\u00e8s fort, et nous ne l\u2019utilisons pas pour cr\u00e9er un \u00e9cosyst\u00e8me nous permettant de relancer la production de m\u00e9dicaments prioritaires. Notre ministre de l\u2019\u00c9conomie, devrait aller voir Mme von der Leyen, \u00e0 la Commission europ\u00e9enne.<\/p>\n<p class=\"question r-question\">Que vous disent les gens que vous rencontrez\u00a0?<\/p>\n<p class=\"reponse r-reponse\">Ils cherchent un job et n\u2019en trouvent pas. Les chiffres du ch\u00f4mage ont explos\u00e9\u00a0: 269.000 demandeurs d\u2019emploi en Wallonie. Pire, le nombre d\u2019offres d\u2019emploi a chut\u00e9 de 42\u00a0% depuis qu\u2019ils sont en place. Ils ont d\u00e9cid\u00e9 de r\u00e9investir 340 millions dans des aides \u00e0 l\u2019emploi qui ne sont maintenant plus li\u00e9es \u00e0 la qualit\u00e9 de l\u2019emploi, mais \u00e0 de l\u2019int\u00e9rim. Ils am\u00e8nent les flexi jobs -en les g\u00e9n\u00e9ralisant- et des jobs d\u2019\u00e9tudiants, o\u00f9 ils peuvent travailler un tiers-temps \u00e0 partir de 15 ans. C\u2019est-\u00e0-dire qu\u2019on imprime l\u2019id\u00e9e chez les \u00e9tudiants qu\u2019il faut gagner de l\u2019argent pour consommer.<\/p>\n<p class=\"question r-question\">Vous dites qu\u2019ils affaiblissent l\u2019\u00c9tat\u00a0?<\/p>\n<p class=\"reponse r-reponse\">Le plus grave, c\u2019est la diminution des rentr\u00e9es des cotisations\u2026 Cela va affaiblir l\u2019\u00c9tat qui va perdre des rentr\u00e9es financi\u00e8res. Cela va amener une d\u00e9t\u00e9rioration de notre \u00e9conomie, des conditions sociales et des services qu\u2019on pourra rendre \u00e0 la population. Plus de trois quarts de la population, aujourd\u2019hui, n\u2019ont pas confiance dans leur gouvernement, ce qui est un score historiquement bas. Les gens ne comprennent pas que ce gouvernement fasse des cadeaux \u00e0 des gens qui ach\u00e8tent des voitures de luxe. Aujourd\u2019hui, les mesures sont caricaturales, contre-productives.<\/p>\n<p class=\"question r-question\">Le pouvoir d\u2019achat s\u2019\u00e9croule vraiment\u00a0?<\/p>\n<p class=\"reponse r-reponse\">La facture d\u2019\u00e9lectricit\u00e9, la facture d\u2019eau, les prix des bus ont augment\u00e9, les services \u00e0 la population sont payants, 38\u00a0% des efforts r\u00e9alis\u00e9s par le gouvernement le sont sur le dos des communes, et donc aujourd\u2019hui, les garderies et les repas sont payants\u2026<\/p>\n","protected":false},"excerpt":{"rendered":"O\u00f9 vont-ils trouver deux milliards d\u2019\u00e9conomie\u00a0? Tout part d\u2019une terrible erreur de leur part. D\u00e8s le d\u00e9but, les&hellip;\n","protected":false},"author":2,"featured_media":148792,"comment_status":"","ping_status":"","sticky":false,"template":"","format":"standard","meta":{"footnotes":"","_share_on_mastodon":"0"},"categories":[2],"tags":[12,13,18,17,26157,48831,48829,7954,37,2668,11768,21042,724,48830,48832,1722,4484,139,7418,35010],"class_list":["post-148791","post","type-post","status-publish","format-standard","has-post-thumbnail","category-belgique","tag-be","tag-be-fr","tag-belgique","tag-belgium","tag-casser","tag-cheffe","tag-christie","tag-dimanche","tag-economie","tag-gouvernement","tag-groupe","tag-invitee","tag-le","tag-morreale","tag-mr-engages","tag-notre","tag-parlement","tag-video","tag-wallon","tag-wallonne"],"share_on_mastodon":{"url":"https:\/\/pubeurope.com\/@be_fr\/116788078034998595","error":""},"_links":{"self":[{"href":"https:\/\/www.europesays.com\/be-fr\/wp-json\/wp\/v2\/posts\/148791","targetHints":{"allow":["GET"]}}],"collection":[{"href":"https:\/\/www.europesays.com\/be-fr\/wp-json\/wp\/v2\/posts"}],"about":[{"href":"https:\/\/www.europesays.com\/be-fr\/wp-json\/wp\/v2\/types\/post"}],"author":[{"embeddable":true,"href":"https:\/\/www.europesays.com\/be-fr\/wp-json\/wp\/v2\/users\/2"}],"replies":[{"embeddable":true,"href":"https:\/\/www.europesays.com\/be-fr\/wp-json\/wp\/v2\/comments?post=148791"}],"version-history":[{"count":0,"href":"https:\/\/www.europesays.com\/be-fr\/wp-json\/wp\/v2\/posts\/148791\/revisions"}],"wp:featuredmedia":[{"embeddable":true,"href":"https:\/\/www.europesays.com\/be-fr\/wp-json\/wp\/v2\/media\/148792"}],"wp:attachment":[{"href":"https:\/\/www.europesays.com\/be-fr\/wp-json\/wp\/v2\/media?parent=148791"}],"wp:term":[{"taxonomy":"category","embeddable":true,"href":"https:\/\/www.europesays.com\/be-fr\/wp-json\/wp\/v2\/categories?post=148791"},{"taxonomy":"post_tag","embeddable":true,"href":"https:\/\/www.europesays.com\/be-fr\/wp-json\/wp\/v2\/tags?post=148791"}],"curies":[{"name":"wp","href":"https:\/\/api.w.org\/{rel}","templated":true}]}}