{"id":14992,"date":"2026-02-21T21:17:06","date_gmt":"2026-02-21T21:17:06","guid":{"rendered":"https:\/\/www.europesays.com\/be-fr\/14992\/"},"modified":"2026-02-21T21:17:06","modified_gmt":"2026-02-21T21:17:06","slug":"vincent-lindon-benjamin-lavernhe-camille-cottin-notre-reportage-en-exclusivite-sur-le-plateau-de-tournage-des-miserables","status":"publish","type":"post","link":"https:\/\/www.europesays.com\/be-fr\/14992\/","title":{"rendered":"Vincent Lindon, Benjamin Lavernhe, Camille Cottin\u2026 Notre reportage en exclusivit\u00e9 sur le plateau de tournage des Mis\u00e9rables"},"content":{"rendered":"<p data-module=\"standfirst\" data-context=\"@media (min-width:48em)\">\n    REPORTAGE &#8211; Port\u00e9e par un budget de 36 millions d\u2019euros et un casting de taille, cette nouvelle adaptation du chef-d\u2019\u0153uvre de Victor Hugo en salle le 14 octobre promet de marier habilement aventure et psychologie.<\/p>\n<p class=\"fig-paragraph fig-paragraph--dropped\">\u00c0 Bordeaux, en ce jour tr\u00e8s ensoleill\u00e9, une odeur de poudre se r\u00e9pand aux abords de la place du Chapelet. Les six acc\u00e8s conduisant \u00e0 l\u2019\u00e9glise Notre-Dame ayant \u00e9t\u00e9 coup\u00e9s \u00e0 la circulation, il faut franchir le barrage des r\u00e9gisseurs pour remonter \u00e0 la source des effluves. Arriv\u00e9 sur place, c\u2019est la stup\u00e9faction. Sous les fen\u00eatres des h\u00f4tels particuliers du XVIIIe, une centaine de r\u00e9volutionnaires d\u00e9cha\u00een\u00e9s et la Garde nationale de la Monarchie de Juillet s\u2019entre-tuent sur des barricades \u00e0 coups de ba\u00efonnette, de sabre-briquet et de pistolet. Casquette noire viss\u00e9e sur la t\u00eate, un homme observe la sc\u00e8ne avec une excitation enfantine\u00a0:\u00a0<a href=\"https:\/\/video.lefigaro.fr\/figaro\/culture\/pour-quelle-raison-l-adaptation-des-miserables-de-fred-cavaye-est-avancee-de-deux-mois-20260127\" data-fig-type=\"Video\" data-gtm-custom-categorie=\"navigation\" data-gtm-custom-action=\"crossclick\" data-gtm-custom-label=\"Contextuel\" data-gtm-event=\"customEventSPE\" data-fig-domain=\"LEFIGARO\" rel=\"nofollow noopener\" target=\"_blank\">Fred Cavay\u00e9<\/a>. Pour son huiti\u00e8me long-m\u00e9trage, l\u2019\u00e9clectique cin\u00e9aste s\u2019est offert le luxe de porter \u00e0 l\u2019\u00e9cran un monument du patrimoine litt\u00e9raire\u00a0: Les Mis\u00e9rables.<\/p>\n<p class=\"fig-paragraph\">\u00ab Lorsque l\u2019envie est n\u00e9e, pendant le confinement, j\u2019ai relu le roman de Victor Hugo, revu les adaptations qui en ont \u00e9t\u00e9 faites et commenc\u00e9 \u00e0 travailler sur un synopsis. L\u2019id\u00e9e n\u2019\u00e9tant \u00e9videmment\u2026<\/p>\n<p class=\"fig-premium-paywall__infos\">\n        Cet article est r\u00e9serv\u00e9 aux abonn\u00e9s.        Il vous reste 92% \u00e0 d\u00e9couvrir.\n    <\/p>\n<p>                <img  data- alt=\"Le Figaro\" class=\"fig-img--complete fig-img\"\/><\/p>\n<p class=\"fig-premium-paywall__title\">Vous avez envie de lire la suite ?<\/p>\n<p class=\"fig-premium-paywall__subtitle\">D\u00e9bloquez tous les articles imm\u00e9diatement.<\/p>\n<p class=\"fig-premium-paywall__connect\">\n                D\u00e9j\u00e0 abonn\u00e9\u00a0?                <a class=\"fig-premium-paywall__connect-link\" href=\"https:\/\/connect.lefigaro.fr\/login?client=horizon_web&amp;type=main&amp;redirect_uri=https%3A%2F%2Fwww.lefigaro.fr%2Fculture%2Fvincent-lindon-benjamin-lavernhe-camille-cottin-notre-reportage-en-exclusivite-sur-le-plateau-de-tournage-des-miserables-20260221\" data-js-gtm=\"{&quot;event&quot;:&quot;customEventGA4&quot;,&quot;eventName&quot;:&quot;click_action&quot;,&quot;feature&quot;:&quot;paywall&quot;,&quot;location&quot;:&quot;paywall&quot;,&quot;button_action&quot;:&quot;connect&quot;,&quot;click_text&quot;:&quot;Connectez-vous&quot;}\" rel=\"nofollow noopener\" target=\"_blank\"><br \/>\n                    Connectez-vous<br \/>\n                <\/a>\n            <\/p>\n","protected":false},"excerpt":{"rendered":"REPORTAGE &#8211; Port\u00e9e par un budget de 36 millions d\u2019euros et un casting de taille, cette nouvelle adaptation&hellip;\n","protected":false},"author":2,"featured_media":14993,"comment_status":"","ping_status":"","sticky":false,"template":"","format":"standard","meta":{"footnotes":"","_share_on_mastodon":"0"},"categories":[102],"tags":[12,13,18,17,129,128,96,95,9291,109,9292,9293],"class_list":["post-14992","post","type-post","status-publish","format-standard","has-post-thumbnail","category-people","tag-be","tag-be-fr","tag-belgique","tag-belgium","tag-celebrities","tag-celebrity","tag-divertissement","tag-entertainment","tag-les-miserables","tag-people","tag-victor-hugo","tag-vincent-lindon"],"share_on_mastodon":{"url":"","error":""},"_links":{"self":[{"href":"https:\/\/www.europesays.com\/be-fr\/wp-json\/wp\/v2\/posts\/14992","targetHints":{"allow":["GET"]}}],"collection":[{"href":"https:\/\/www.europesays.com\/be-fr\/wp-json\/wp\/v2\/posts"}],"about":[{"href":"https:\/\/www.europesays.com\/be-fr\/wp-json\/wp\/v2\/types\/post"}],"author":[{"embeddable":true,"href":"https:\/\/www.europesays.com\/be-fr\/wp-json\/wp\/v2\/users\/2"}],"replies":[{"embeddable":true,"href":"https:\/\/www.europesays.com\/be-fr\/wp-json\/wp\/v2\/comments?post=14992"}],"version-history":[{"count":0,"href":"https:\/\/www.europesays.com\/be-fr\/wp-json\/wp\/v2\/posts\/14992\/revisions"}],"wp:featuredmedia":[{"embeddable":true,"href":"https:\/\/www.europesays.com\/be-fr\/wp-json\/wp\/v2\/media\/14993"}],"wp:attachment":[{"href":"https:\/\/www.europesays.com\/be-fr\/wp-json\/wp\/v2\/media?parent=14992"}],"wp:term":[{"taxonomy":"category","embeddable":true,"href":"https:\/\/www.europesays.com\/be-fr\/wp-json\/wp\/v2\/categories?post=14992"},{"taxonomy":"post_tag","embeddable":true,"href":"https:\/\/www.europesays.com\/be-fr\/wp-json\/wp\/v2\/tags?post=14992"}],"curies":[{"name":"wp","href":"https:\/\/api.w.org\/{rel}","templated":true}]}}