{"id":150427,"date":"2026-06-22T19:49:27","date_gmt":"2026-06-22T19:49:27","guid":{"rendered":"https:\/\/www.europesays.com\/be-fr\/150427\/"},"modified":"2026-06-22T19:49:27","modified_gmt":"2026-06-22T19:49:27","slug":"direct-guerre-au-moyen-orient-nous-avons-pose-des-bases-tres-solides-pour-aboutir-a-un-accord-final-reussi-se-felicite-jd-vance","status":"publish","type":"post","link":"https:\/\/www.europesays.com\/be-fr\/150427\/","title":{"rendered":"DIRECT- Guerre au Moyen-Orient: \u00ab\u00a0Nous avons pos\u00e9 des bases tr\u00e8s solides pour aboutir \u00e0 un accord final r\u00e9ussi\u00a0\u00bb, se f\u00e9licite JD Vance"},"content":{"rendered":"<p><a href=\"https:\/\/www.lalibre.be\/international\/moyen-orient\/iran\/2026\/06\/21\/la-main-tendue-des-etats-unis-a-liran-pour-transformer-la-relation-entre-les-deux-pays-AUQ27DKEVFHTHG5PN6C3E4ZMRA\/\" target=\"_self\" class=\"ap-StoryInterstitialLink ap-StoryElement ap-StoryElement--mb\" rel=\"nofollow noopener\">La main tendue des \u00c9tats-Unis \u00e0 l&rsquo;Iran pour \u00ab\u00a0transformer\u00a0\u00bb la relation entre les deux pays<\/a><\/p>\n<p class=\"ap-StoryElement ap-StoryElement--mb ap-StoryText\">Le Liban a \u00e9t\u00e9 entra\u00een\u00e9 dans la guerre au Moyen-Orient le 2 mars par le Hezbollah, en soutien \u00e0 T\u00e9h\u00e9ran vis\u00e9 par une offensive isra\u00e9lo-am\u00e9ricaine. Depuis, l&rsquo;arm\u00e9e isra\u00e9lienne m\u00e8ne une offensive terrestre dans le sud du pays et op\u00e8re dans ce qui est pr\u00e9sent\u00e9 comme une zone de s\u00e9curit\u00e9 d&rsquo;une dizaine de kilom\u00e8tres de profondeur \u00e0 partir de la fronti\u00e8re, devant prot\u00e9ger les habitants du nord d&rsquo;Isra\u00ebl.<\/p>\n<p>Les derni\u00e8res infos ici :         <\/p>\n<p>Liban: les d\u00e9g\u00e2ts estim\u00e9s \u00e0 1,38 milliard de dollars, 11.000 b\u00e2timents d\u00e9truits<\/p>\n<p>Le Liban, ravag\u00e9 depuis d\u00e9but mars par une nouvelle guerre entre Isra\u00ebl et le Hezbollah pro-iranien, a subi des d\u00e9g\u00e2ts estim\u00e9s \u00e0 plus d&rsquo;un milliard de dollars, avec 11.000 b\u00e2timents d\u00e9truits dans le sud, selon une \u00e9tude.<\/p>\n<p>D&rsquo;ap\u00e8s une \u00ab\u00a0\u00e9valuation rapide\u00a0\u00bb bas\u00e9e sur la comparaison d&rsquo;images satellite de fin avril et d&rsquo;octobre 2025, la facture s&rsquo;\u00e9l\u00e8ve \u00e0 1,38 milliard de dollars (1,2 milliard d&rsquo;euros), \u00e9crivent le Programme des Nations unies pour le d\u00e9veloppement (Pnud) et le Conseil national de la recherche scientifique (CNRS), li\u00e9 au gouvernement libanais.<\/p>\n<p>\u00ab\u00a0Au total, 11.095 b\u00e2timents ont \u00e9t\u00e9 enti\u00e8rement d\u00e9truits, ce qui a eu un impact sur 17.891 logements, tandis que 2.242 b\u00e2timents ont \u00e9t\u00e9 partiellement endommag\u00e9s\u00a0\u00bb, selon le communiqu\u00e9.<\/p>\n<p>Rubio se rendra \u00e0 partir de mardi dans des pays du Golfe, en pleines n\u00e9gociations avec l&rsquo;Iran<\/p>\n<p>Le chef de la diplomatie am\u00e9ricaine Marco Rubio se rendra \u00e0 partir de mardi dans trois pays du Golfe, en pleines n\u00e9gociations avec l&rsquo;Iran, pour mettre d\u00e9finitivement fin \u00e0 la guerre au Moyen-Orient.<\/p>\n<p>Le secr\u00e9taire d&rsquo;Etat am\u00e9ricain, dont ce sera le premier d\u00e9placement au Moyen-Orient depuis le d\u00e9but de la guerre le 28 f\u00e9vrier, se rendra aux Emirats arabes unis, au Kowe\u00eft et \u00e0 Bahre\u00efn jusqu&rsquo;\u00e0 jeudi, a indiqu\u00e9 le porte-parole du d\u00e9partement d&rsquo;Etat, Tommy Pigott, dans un communiqu\u00e9.<\/p>\n<p>Les Etats-Unis suspendent leurs sanctions sur le p\u00e9trole iranien jusqu&rsquo;au 21 ao\u00fbt<\/p>\n<p>Les Etats-Unis ont officiellement suspendu lundi, jusqu&rsquo;au 21 ao\u00fbt, leurs sanctions visant le p\u00e9trole iranien dans le cadre du protocole d&rsquo;accord sign\u00e9 avec T\u00e9h\u00e9ran.<\/p>\n<p>\u00ab\u00a0Toutes les transactions\u00a0\u00bb qui \u00e9taient auparavant \u00ab\u00a0interdites\u00a0\u00bb concernant la production, la vente, le transport d&rsquo;hydrocarbures d&rsquo;origine iranienne \u00ab\u00a0sont autoris\u00e9es jusqu&rsquo;au 21 ao\u00fbt \u00e0 00H01\u00a0\u00bb heure de Washington, selon une licence publi\u00e9e sur le site du minist\u00e8re am\u00e9ricain des Finances, qui g\u00e8re les sanctions \u00e9conomiques.<\/p>\n<p>L&rsquo;annonce a fait s&rsquo;enfoncer les cours du p\u00e9trole, qui \u00e9taient d\u00e9j\u00e0 baisse. Le prix du baril de Brent de la mer du Nord, r\u00e9f\u00e9rence du march\u00e9 mondial, s&rsquo;\u00e9changeait autour de 77,80 dollars vers 14H00 GMT.<\/p>\n<p>Les Etats-Unis s&rsquo;\u00e9taient engag\u00e9s le 18 juin \u00e0 \u00ab\u00a0mettre fin \u00e0 tous les types de sanctions\u00a0\u00bb unilat\u00e9rales et internationales contre l&rsquo;Iran.<\/p>\n<p>\u00ab\u00a0Les exportations de p\u00e9trole et de produits p\u00e9trochimiques ne sont plus restreintes\u00a0\u00bb, s&rsquo;est f\u00e9licit\u00e9 le chef de la diplomatie iranienne, Abbas Araghchi, \u00e0 l&rsquo;issue des pourparlers avec Washington qui se sont tenus en Suisse.<\/p>\n<p>Washington va s&rsquo;assurer qu&rsquo;un \u00e9ventuel d\u00e9blocage d&rsquo;avoirs iraniens ne financerait pas le terrorisme<\/p>\n<p>Les Etats-Unis vont s&rsquo;assurer qu&rsquo;un \u00e9ventuel d\u00e9blocage d&rsquo;avoirs iraniens ne financerait pas le \u00ab\u00a0terrorisme\u00a0\u00bb, a indiqu\u00e9 lundi le vice-pr\u00e9sident am\u00e9ricain JD Vance, expliquant que le gendre de Donald Trump, Jared Kushner, avait fait une proposition de m\u00e9canisme de contr\u00f4le.<\/p>\n<p>La question des avoirs iraniens \u00ab\u00a0n&rsquo;\u00e9tait pas une priorit\u00e9 \u00e9lev\u00e9e pour nous\u00a0\u00bb lors des pourparlers entre T\u00e9h\u00e9ran et Washington mais les Etats-Unis voulaient \u00ab\u00a0mettre en place un processus permettant, si nous devions un jour d\u00e9bloquer des avoirs iraniens, de nous assurer que cet argent iranien profite au peuple iranien et ne serve pas \u00e0 financer le terrorisme\u00a0\u00bb, a d\u00e9clar\u00e9 JD Vance, devant les journalistes.<\/p>\n<p>\u00ab\u00a0Des bases tr\u00e8s solides\u00a0\u00bb en vue d&rsquo;un accord final, selon JD Vance<\/p>\n<p>Les pourparlers entre l&rsquo;Iran et les Etats-Unis tenus dimanche en Suisse pour mettre fin \u00e0 la guerre au Moyen-Orient ont permis d&rsquo;\u00e9tablir des \u00ab\u00a0bases tr\u00e8s solides\u00a0\u00bb en vue d&rsquo;un accord final, a affirm\u00e9 lundi le vice-pr\u00e9sident am\u00e9ricain JD Vance.<\/p>\n<p>\u00ab\u00a0Nous avons pos\u00e9 des bases tr\u00e8s solides pour aboutir \u00e0 un accord final r\u00e9ussi. L&rsquo;accord final, c&rsquo;est la maison. Nous en avons pos\u00e9 les fondations. Nous n&rsquo;avons pas encore construit la maison, mais nous avons pos\u00e9 des bases solides pour atteindre une issue favorable pour le peuple am\u00e9ricain\u00a0\u00bb, a-t-il d\u00e9clar\u00e9 aux journalistes.<\/p>\n<p>Ormuz: le trafic continue, malgr\u00e9 l&rsquo;annonce iranienne d&rsquo;une refermeture du d\u00e9troit<\/p>\n<p>Le trafic maritime dans le d\u00e9troit d&rsquo;Ormuz se poursuivait lundi \u00e0 un rythme plus soutenu qu&rsquo;avant l&rsquo;accord entre l&rsquo;Iran et les Etats-Unis, selon des plateformes de suivi maritime, malgr\u00e9 l&rsquo;annonce samedi par T\u00e9h\u00e9ran d&rsquo;une nouvelle fermeture de ce passage strat\u00e9gique.<\/p>\n<p>Lundi \u00e0 la mi-journ\u00e9e (13H00 HB), la plateforme de suivi maritime Kpler d\u00e9comptait d\u00e9j\u00e0 15 franchissements de navires de transports de mati\u00e8res premi\u00e8res sur la matin\u00e9e. Un niveau comparable \u00e0 jeudi et samedi, deux jours o\u00f9 le trafic avait tutoy\u00e9 les 30 franchissements sur la journ\u00e9e.<\/p>\n<p>Au moins cinq autres navires, dont le franchissement n&rsquo;avait pas encore \u00e9t\u00e9 confirm\u00e9 par Kpler, semblaient avoir \u00e9galement pass\u00e9 le d\u00e9troit, selon leurs signaux AIS visibles sur la plateforme MarineTraffic.<\/p>\n<p>T\u00e9h\u00e9ran a accept\u00e9 le retour d&rsquo;inspecteurs de l&rsquo;AIEA en Iran, annonce JD Vance<\/p>\n<p>L&rsquo;Iran a accept\u00e9 d&rsquo;inviter \u00e0 nouveau des inspecteurs de l&rsquo;Agence internationale de l&rsquo;\u00e9nergie atomique (AIEA) sur son territoire, a annonc\u00e9 lundi le vice-pr\u00e9sident am\u00e9ricain JD Vance au lendemain de n\u00e9gociations tenues en Suisse pour mettre fin \u00e0 la guerre au Moyen-Orient.<\/p>\n<p>\u00ab\u00a0Les Iraniens ont accept\u00e9 d&rsquo;inviter \u00e0 nouveau les inspecteurs de l&rsquo;AIEA. Il s&rsquo;agit d&rsquo;une \u00e9tape majeure pour le peuple am\u00e9ricain et d&rsquo;un premier pas vers la d\u00e9nucl\u00e9arisation d\u00e9finitive, c&rsquo;est-\u00e0-dire l&rsquo;arr\u00eat d\u00e9finitif du programme d&rsquo;armement nucl\u00e9aire iranien\u00a0\u00bb, a annonc\u00e9 M. Vance, alors que l&rsquo;accord sign\u00e9 la semaine derni\u00e8re entre l&rsquo;Iran et les Etats-Unis pr\u00e9voit la dilution des stocks d&rsquo;uranium iraniens sous supervision de l&rsquo;organisation.<\/p>\n<p>Le pr\u00e9sident iranien attendu mardi au Pakistan, \u00e0 la suite des pourparlers avec les Etats-Unis<\/p>\n<p>Le pr\u00e9sident iranien Massoud Pezeshkian se rendra mardi au Pakistan voisin, m\u00e9diateur dans les pourparlers entre l&rsquo;Iran et les Etats-Unis visant \u00e0 mettre fin \u00e0 la guerre au Moyen-Orient, selon un porte-parole de la pr\u00e9sidence.<\/p>\n<p>Cette visite, annonc\u00e9e au lendemain de discussions en Suisse entre T\u00e9h\u00e9ran et Washington, portera notamment sur \u00ab\u00a0la poursuite des consultations\u00a0\u00bb entre les deux pays, a-t-il soulign\u00e9, cit\u00e9 par l&rsquo;agence de presse gouvernementale Irna.<\/p>\n<p>L&rsquo;Iran dit avoir eu une \u00ab\u00a0br\u00e8ve discussion\u00a0\u00bb sur le nucl\u00e9aire avec les Etats-Unis<\/p>\n<p>Pourparlers Iran-USA: la Suisse annonce une \u00ab\u00a0reprise imm\u00e9diate\u00a0\u00bb de discussions techniques<\/p>\n<p>            Load more        <\/p>\n<p class=\"ap-StoryElement ap-StoryElement--mb ap-StoryText\">Un cessez-le-feu avait \u00e9t\u00e9 annonc\u00e9 vendredi, apr\u00e8s un pr\u00e9c\u00e9dent qui n&rsquo;avait pas \u00e9t\u00e9 respect\u00e9. L&rsquo;arm\u00e9e isra\u00e9lienne restera dans le sud du Liban \u00ab\u00a0aussi longtemps que n\u00e9cessaire\u00a0\u00bb, a d\u00e9clar\u00e9 dimanche le Premier ministre isra\u00e9lien Benjamin Netanyahu, sur fond de n\u00e9gociations entre l&rsquo;Iran et les Etats-Unis en Suisse pour mettre fin au conflit dans la r\u00e9gion.<\/p>\n<p><a href=\"https:\/\/www.lalibre.be\/international\/moyen-orient\/iran\/2026\/06\/20\/donald-trump-a-soudain-exige-de-signer-le-protocole-daccord-avec-liran-a-versailles-il-fallu-tout-improviser-62GOUOWZPNH2FEYI3D626D6CFA\/\" target=\"_self\" class=\"ap-StoryInterstitialLink ap-StoryElement ap-StoryElement--mb\" rel=\"nofollow noopener\">Donald Trump a soudain exig\u00e9 de signer le protocole d&rsquo;accord avec l&rsquo;Iran \u00e0 Versailles: il fallu tout improviser<\/a><\/p>\n<p class=\"ap-StoryElement ap-StoryElement--mb ap-StoryText\">Le ministre de la D\u00e9fense, Isra\u00ebl Katz, a en outre affirm\u00e9 que les troupes isra\u00e9liennes pouvaient agir \u00ab\u00a0sans aucune restriction\u00a0\u00bb pour \u00ab\u00a0\u00e9liminer les menaces\u00a0\u00bb au Liban. \u00ab\u00a0Isra\u00ebl ne se retirera pas de la zone de s\u00e9curit\u00e9 au Liban\u00a0\u00bb, a-t-il r\u00e9p\u00e9t\u00e9.<\/p>\n<p class=\"ap-StoryElement ap-StoryElement--mb ap-StoryText\">\u00ab\u00a0Isra\u00ebl est un agresseur et doit partir. <a href=\"https:\/\/www.lalibre.be\/international\/moyen-orient\/iran\/2026\/06\/19\/lapplication-de-laccord-preliminaire-americano-iranien-commence-par-un-atermoiement-YX2AZMCRZNDJ3MQVETKHPMM5BY\/\" target=\"_self\" rel=\"nofollow noopener\">Les Etats-Unis<\/a> assument l&rsquo;enti\u00e8re responsabilit\u00e9\u00a0\u00bb des actions isra\u00e9liennes, a r\u00e9agi Na\u00efm Qassem. \u00ab\u00a0M\u00eame si Isra\u00ebl multiplie ses actes criminels, nous (nous) d\u00e9fendrons\u00a0\u00bb, a-t-il assur\u00e9.<\/p>\n<p><a href=\"https:\/\/www.lalibre.be\/international\/moyen-orient\/iran\/2026\/06\/21\/donald-trump-vient-de-se-faire-remettre-a-sa-place-dune-facon-assez-incroyable-OIFL3U7O6ZF2VH5J5MNWWZBPY4\/\" target=\"_self\" class=\"ap-StoryInterstitialLink ap-StoryElement ap-StoryElement--mb\" rel=\"nofollow noopener\">\u00ab\u00a0Donald Trump vient de se faire remettre \u00e0 sa place, d&rsquo;une fa\u00e7on assez incroyable\u00a0\u00bb<\/a><\/p>\n","protected":false},"excerpt":{"rendered":"La main tendue des \u00c9tats-Unis \u00e0 l&rsquo;Iran pour \u00ab\u00a0transformer\u00a0\u00bb la relation entre les deux pays Le Liban a&hellip;\n","protected":false},"author":2,"featured_media":150428,"comment_status":"","ping_status":"","sticky":false,"template":"","format":"standard","meta":{"footnotes":"","_share_on_mastodon":"0"},"categories":[9],"tags":[12,13,18,17,31,7414,4484,1431,1433,1434,7417,7418,2982,32,7420],"class_list":["post-150427","post","type-post","status-publish","format-standard","has-post-thumbnail","category-international","tag-be","tag-be-fr","tag-belgique","tag-belgium","tag-international","tag-namen","tag-parlement","tag-plenaire","tag-pleniere","tag-seance","tag-waals","tag-wallon","tag-wallonie","tag-world-news","tag-zitting"],"share_on_mastodon":{"url":"https:\/\/pubeurope.com\/@be_fr\/116795497849689131","error":""},"_links":{"self":[{"href":"https:\/\/www.europesays.com\/be-fr\/wp-json\/wp\/v2\/posts\/150427","targetHints":{"allow":["GET"]}}],"collection":[{"href":"https:\/\/www.europesays.com\/be-fr\/wp-json\/wp\/v2\/posts"}],"about":[{"href":"https:\/\/www.europesays.com\/be-fr\/wp-json\/wp\/v2\/types\/post"}],"author":[{"embeddable":true,"href":"https:\/\/www.europesays.com\/be-fr\/wp-json\/wp\/v2\/users\/2"}],"replies":[{"embeddable":true,"href":"https:\/\/www.europesays.com\/be-fr\/wp-json\/wp\/v2\/comments?post=150427"}],"version-history":[{"count":0,"href":"https:\/\/www.europesays.com\/be-fr\/wp-json\/wp\/v2\/posts\/150427\/revisions"}],"wp:featuredmedia":[{"embeddable":true,"href":"https:\/\/www.europesays.com\/be-fr\/wp-json\/wp\/v2\/media\/150428"}],"wp:attachment":[{"href":"https:\/\/www.europesays.com\/be-fr\/wp-json\/wp\/v2\/media?parent=150427"}],"wp:term":[{"taxonomy":"category","embeddable":true,"href":"https:\/\/www.europesays.com\/be-fr\/wp-json\/wp\/v2\/categories?post=150427"},{"taxonomy":"post_tag","embeddable":true,"href":"https:\/\/www.europesays.com\/be-fr\/wp-json\/wp\/v2\/tags?post=150427"}],"curies":[{"name":"wp","href":"https:\/\/api.w.org\/{rel}","templated":true}]}}