{"id":150479,"date":"2026-06-22T20:43:12","date_gmt":"2026-06-22T20:43:12","guid":{"rendered":"https:\/\/www.europesays.com\/be-fr\/150479\/"},"modified":"2026-06-22T20:43:12","modified_gmt":"2026-06-22T20:43:12","slug":"le-portugais-vitor-bruno-parmi-les-candidats-pour-devenir-t1-danderlecht","status":"publish","type":"post","link":"https:\/\/www.europesays.com\/be-fr\/150479\/","title":{"rendered":"Le Portugais Vitor Bruno parmi les candidats pour devenir T1 d&rsquo;Anderlecht"},"content":{"rendered":"<p class=\"ap-StoryElement ap-StoryElement--mb ap-StoryText\">Il n&rsquo;a donc pas \u00e9norm\u00e9ment d&rsquo;exp\u00e9rience, vu qu&rsquo;il n&rsquo;a \u00e9t\u00e9 T1 que pendant 29 matchs (dont un 2-2 en Europa League \u00e0 Anderlecht). Il avait toutefois d\u00e9j\u00e0 coach\u00e9 17 fois l&rsquo;\u00e9quipe quand Concei\u00e7\u00e3o \u00e9tait suspendu.<\/p>\n<p><a href=\"https:\/\/www.dhnet.be\/sports\/football\/division-1a\/anderlecht\/2026\/06\/22\/jean-kindermans-est-sur-le-point-de-revenir-a-anderlecht-7LC6OVU3UVGI5FL3B2UGOFZA44\/\" target=\"_self\" class=\"ap-StoryInterstitialLink ap-StoryElement ap-StoryElement--mb\" rel=\"nofollow noopener\">Officiel: Jean Kindermans est de retour \u00e0 Anderlecht<\/a><\/p>\n<p class=\"ap-StoryElement ap-StoryElement--mb ap-StoryText\">\u00c0 Porto, il jouait dans un 4-2-3-1, mais il n&rsquo;est donc pas tr\u00e8s connu.<\/p>\n<p class=\"ap-StoryElement ap-StoryElement--mb ap-StoryText\">Bruno a aussi une carri\u00e8re de joueur, mais il n&rsquo;a \u00e9volu\u00e9 que dans des clubs amateur.<\/p>\n<p class=\"ap-StoryElement ap-StoryElement--mb ap-StoryText\">En attendant que le nom d&rsquo;un coach soit officialis\u00e9, c&rsquo;est J\u00e9r\u00e9my Taravel qui dirige les premiers entra\u00eenements au Sporting.<\/p>\n","protected":false},"excerpt":{"rendered":"Il n&rsquo;a donc pas \u00e9norm\u00e9ment d&rsquo;exp\u00e9rience, vu qu&rsquo;il n&rsquo;a \u00e9t\u00e9 T1 que pendant 29 matchs (dont un 2-2&hellip;\n","protected":false},"author":2,"featured_media":150480,"comment_status":"","ping_status":"","sticky":false,"template":"","format":"standard","meta":{"footnotes":"","_share_on_mastodon":"0"},"categories":[8],"tags":[4422,10,961,3847,15439,12,13,18,17,3026,3851,1076,4423,4424,1422,6191,1080,482,3961,1425,1426,968,11,969,901,491,4426,1436,906,4428,84,3964,4430,1082],"class_list":["post-150479","post","type-post","status-publish","format-standard","has-post-thumbnail","category-actualites","tag-1b","tag-actualites","tag-adult","tag-athlete","tag-basketball-player","tag-be","tag-be-fr","tag-belgique","tag-belgium","tag-clothing","tag-competition","tag-d1","tag-deuxieme-division","tag-division-deux","tag-emotion","tag-focus-on-foreground","tag-foot","tag-football","tag-football-player","tag-happiness","tag-headshot","tag-men","tag-news","tag-one-person","tag-player","tag-portrait","tag-second-division","tag-smiling","tag-soccer","tag-soccer-player","tag-sports","tag-team-sport","tag-tweede-klasse","tag-voetbal"],"share_on_mastodon":{"url":"https:\/\/pubeurope.com\/@be_fr\/116795710189239810","error":""},"_links":{"self":[{"href":"https:\/\/www.europesays.com\/be-fr\/wp-json\/wp\/v2\/posts\/150479","targetHints":{"allow":["GET"]}}],"collection":[{"href":"https:\/\/www.europesays.com\/be-fr\/wp-json\/wp\/v2\/posts"}],"about":[{"href":"https:\/\/www.europesays.com\/be-fr\/wp-json\/wp\/v2\/types\/post"}],"author":[{"embeddable":true,"href":"https:\/\/www.europesays.com\/be-fr\/wp-json\/wp\/v2\/users\/2"}],"replies":[{"embeddable":true,"href":"https:\/\/www.europesays.com\/be-fr\/wp-json\/wp\/v2\/comments?post=150479"}],"version-history":[{"count":0,"href":"https:\/\/www.europesays.com\/be-fr\/wp-json\/wp\/v2\/posts\/150479\/revisions"}],"wp:featuredmedia":[{"embeddable":true,"href":"https:\/\/www.europesays.com\/be-fr\/wp-json\/wp\/v2\/media\/150480"}],"wp:attachment":[{"href":"https:\/\/www.europesays.com\/be-fr\/wp-json\/wp\/v2\/media?parent=150479"}],"wp:term":[{"taxonomy":"category","embeddable":true,"href":"https:\/\/www.europesays.com\/be-fr\/wp-json\/wp\/v2\/categories?post=150479"},{"taxonomy":"post_tag","embeddable":true,"href":"https:\/\/www.europesays.com\/be-fr\/wp-json\/wp\/v2\/tags?post=150479"}],"curies":[{"name":"wp","href":"https:\/\/api.w.org\/{rel}","templated":true}]}}