{"id":151327,"date":"2026-06-23T14:45:09","date_gmt":"2026-06-23T14:45:09","guid":{"rendered":"https:\/\/www.europesays.com\/be-fr\/151327\/"},"modified":"2026-06-23T14:45:09","modified_gmt":"2026-06-23T14:45:09","slug":"emma-watson-sort-de-sa-reserve-pour-retrouver-le-prince-william-sur-scene-a-londres","status":"publish","type":"post","link":"https:\/\/www.europesays.com\/be-fr\/151327\/","title":{"rendered":"Emma Watson sort de sa r\u00e9serve pour retrouver le prince William sur sc\u00e8ne, \u00e0 Londres"},"content":{"rendered":"<p class=\"ap-StoryElement ap-StoryElement--mb ap-StoryText\">Le prince William est au premier rang de la London Climate Action Week. L&rsquo;h\u00e9ritier au tr\u00f4ne a pris part ce dimanche 22 juin \u00e0 un forum \u00e9conomique organis\u00e9 \u00e0 Londres par la Royal Foundation et sa campagne \u00ab\u00a0United for Wildlife\u00a0\u00bb. Un rendez-vous auquel ont pris part deux com\u00e9diens britanniques bien connus : Benedict Cumberbatch et Emma Watson, eux aussi engag\u00e9s contre le commerce ill\u00e9gal d&rsquo;esp\u00e8ces sauvages.<\/p>\n<p class=\"ap-StoryElement ap-StoryElement--mb ap-StoryText\">Le prince et ses intervenants VIP se sont ainsi exprim\u00e9s face \u00e0 des dirigeants d&rsquo;entreprise et des leaders de la tech pour parler protection des esp\u00e8ces vuln\u00e9rables et lutte contre la criminalit\u00e9 environnementale. \u00ab\u00a0Encourager des actions audacieuses, l&rsquo;innovation et la collaboration pour faire de la pr\u00e9servation de la faune sauvage l&rsquo;affaire de tous\u00a0\u00bb, r\u00e9sume une publication Instagram relay\u00e9e dimanche avec plusieurs images de l&rsquo;\u00e9v\u00e9nement.<\/p>\n","protected":false},"excerpt":{"rendered":"Le prince William est au premier rang de la London Climate Action Week. L&rsquo;h\u00e9ritier au tr\u00f4ne a pris&hellip;\n","protected":false},"author":2,"featured_media":151328,"comment_status":"","ping_status":"","sticky":false,"template":"","format":"standard","meta":{"footnotes":"","_share_on_mastodon":"0"},"categories":[102],"tags":[1827,12,13,18,17,129,128,96,9164,95,57,3329,109,7573,655],"class_list":["post-151327","post","type-post","status-publish","format-standard","has-post-thumbnail","category-people","tag-anniversaire","tag-be","tag-be-fr","tag-belgique","tag-belgium","tag-celebrities","tag-celebrity","tag-divertissement","tag-emma-watson","tag-entertainment","tag-environnement","tag-londres","tag-people","tag-prince-de-galles","tag-prince-william"],"share_on_mastodon":{"url":"https:\/\/pubeurope.com\/@be_fr\/116799965205359887","error":""},"_links":{"self":[{"href":"https:\/\/www.europesays.com\/be-fr\/wp-json\/wp\/v2\/posts\/151327","targetHints":{"allow":["GET"]}}],"collection":[{"href":"https:\/\/www.europesays.com\/be-fr\/wp-json\/wp\/v2\/posts"}],"about":[{"href":"https:\/\/www.europesays.com\/be-fr\/wp-json\/wp\/v2\/types\/post"}],"author":[{"embeddable":true,"href":"https:\/\/www.europesays.com\/be-fr\/wp-json\/wp\/v2\/users\/2"}],"replies":[{"embeddable":true,"href":"https:\/\/www.europesays.com\/be-fr\/wp-json\/wp\/v2\/comments?post=151327"}],"version-history":[{"count":0,"href":"https:\/\/www.europesays.com\/be-fr\/wp-json\/wp\/v2\/posts\/151327\/revisions"}],"wp:featuredmedia":[{"embeddable":true,"href":"https:\/\/www.europesays.com\/be-fr\/wp-json\/wp\/v2\/media\/151328"}],"wp:attachment":[{"href":"https:\/\/www.europesays.com\/be-fr\/wp-json\/wp\/v2\/media?parent=151327"}],"wp:term":[{"taxonomy":"category","embeddable":true,"href":"https:\/\/www.europesays.com\/be-fr\/wp-json\/wp\/v2\/categories?post=151327"},{"taxonomy":"post_tag","embeddable":true,"href":"https:\/\/www.europesays.com\/be-fr\/wp-json\/wp\/v2\/tags?post=151327"}],"curies":[{"name":"wp","href":"https:\/\/api.w.org\/{rel}","templated":true}]}}