{"id":153993,"date":"2026-06-25T14:32:19","date_gmt":"2026-06-25T14:32:19","guid":{"rendered":"https:\/\/www.europesays.com\/be-fr\/153993\/"},"modified":"2026-06-25T14:32:19","modified_gmt":"2026-06-25T14:32:19","slug":"il-navait-pas-aime-le-ton-moqueur-du-policier-sa-vengeance-contre-un-policier-a-detruit-toute-une-famille","status":"publish","type":"post","link":"https:\/\/www.europesays.com\/be-fr\/153993\/","title":{"rendered":"\u00ab\u00a0Il n&rsquo;avait pas aim\u00e9 le ton moqueur du policier\u00a0\u00bb: sa vengeance contre un policier a d\u00e9truit toute une famille"},"content":{"rendered":"<p class=\"ap-StoryElement ap-StoryElement--mb ap-StoryText\">Quelques jours auparavant, <a href=\"https:\/\/www.dhnet.be\/journaliste\/gilbert-dupont-5aeac33babced31d869fa227\/\" target=\"_self\" rel=\"nofollow noopener\">l&rsquo;inspecteur<\/a> avait interpell\u00e9 un certain Badredine Errahmouni, suspect dans un dossier de vol de voiture. Le gaillard n&rsquo;aurait pas appr\u00e9ci\u00e9 \u00ab\u00a0le ton moqueur\u00a0\u00bb selon lui, sur lequel le policier lui aurait parl\u00e9.<\/p>\n<p><a href=\"https:\/\/www.dhnet.be\/actu\/belgique\/2026\/06\/24\/le-real-murcia-voulait-mengager-pour-50000-euros-par-an-le-reve-espagnol-de-ce-gardien-belge-cachait-il-une-arnaque-FOJJPT54KVBGXC6WKDZ3QKONV4\/\" target=\"_self\" class=\"ap-StoryInterstitialLink ap-StoryElement ap-StoryElement--mb\" rel=\"nofollow noopener\">\u00ab\u00a0Le Real Murcia voulait m&rsquo;engager pour 50.000 euros par an\u00a0\u00bb : le r\u00eave espagnol de ce gardien belge cachait-il une arnaque ?<\/a>\u00ab\u00a0B\u00e9b\u00e9 \u00e0 bord\u00a0\u00bb<\/p>\n<p class=\"ap-StoryElement ap-StoryElement--mb ap-StoryText\">\u00c0 la cour d&rsquo;appel, Errahmouni, qui nie depuis le d\u00e9part, ressort sa version selon laquelle il n&rsquo;aurait que fourni \u00ab\u00a0\u00e0 quelqu&rsquo;un\u00a0\u00bb l&rsquo;adresse priv\u00e9e du policier, \u00ab\u00a0contre r\u00e9tribution de 500 euros\u00a0\u00bb.<\/p>\n<p class=\"ap-StoryElement ap-StoryElement--mb ap-StoryText\">C&rsquo;est ce qu&rsquo;il chargeait encore son conseil, la p\u00e9naliste Nathalie Gallant, de plaider, en d\u00e9pit des \u00e9l\u00e9ments du dossier. L&rsquo;auteur se d\u00e9pla\u00e7ait \u00e0 moto, son client disait ne pas avoir de moto mais les enqu\u00eateurs en ont trouv\u00e9 trois.<\/p>\n<p class=\"ap-StoryElement ap-StoryElement--mb ap-StoryText\">Comme acc\u00e9l\u00e9rant, on s&rsquo;\u00e9tait servi d&rsquo;un liquide lave-glace : Errahmouni en avait fait acheter un bidon. Les jours pr\u00e9c\u00e9dents, son GSM avait born\u00e9 dans le quartier du policier et sa DS7 Crossback, reconnaissable \u00e0 son autocollant \u00ab\u00a0B\u00e9b\u00e9 \u00e0 bord\u00a0\u00bb, avait \u00e9t\u00e9 vue dans les parages.<\/p>\n<p class=\"ap-StoryElement ap-StoryElement--mb ap-StoryText\">M\u00eame son pass\u00e9 plaidait contre lui : d\u00e9j\u00e0 condamn\u00e9 \u00e0 6 ans pour vol avec violence, menaces de mort, d\u00e9tention arbitraire et association de malfaiteurs, Errahmouni a aussi \u00e9t\u00e9 jug\u00e9, \u00e0 deux reprises, pour des faits d&rsquo;incendie volontaire. Et une troisi\u00e8me, l&rsquo;ann\u00e9e pr\u00e9c\u00e9dente, pour avoir mis le feu chez les parents d&rsquo;un gar\u00e7on qu&rsquo;il rackettait pour qu&rsquo;il lui remette 40 000 euros.<\/p>\n<p class=\"ap-StoryElement ap-StoryElement--mb ap-StoryText\">Enfin, et comme si cela ne suffisait pas, on avait encore trouv\u00e9 dans son smartphone la trace de recherches effectu\u00e9es sur Internet sur les mots \u00ab\u00a0br\u00fbl\u00e9\u00a0\u00bb, \u00ab\u00a0bombe\u00a0\u00bb et \u00ab\u00a0incendie\u00a0\u00bb.<\/p>\n<p><a href=\"https:\/\/www.dhnet.be\/actu\/belgique\/2026\/06\/23\/une-defaite-juridique-en-belgique-pour-leglise-orthodoxe-pro-russe-elle-doit-rendre-a-la-tendance-roumaine-les-cles-dune-chapelle-orthodoxe-U6F5BG7KWVF2JFRTSGSCGL2QVA\/\" target=\"_self\" class=\"ap-StoryInterstitialLink ap-StoryElement ap-StoryElement--mb\" rel=\"nofollow noopener\">Une d\u00e9faite juridique en Belgique pour l&rsquo;\u00e9glise orthodoxe pro-russe: elle doit rendre \u00e0 la tendance roumaine les cl\u00e9s d&rsquo;une chapelle orthodoxe !<\/a>\u00ab\u00a0Cynisme\u00a0\u00bb<\/p>\n<p class=\"ap-StoryElement ap-StoryElement--mb ap-StoryText\">En premi\u00e8re instance, le juge Goeman avait consid\u00e9r\u00e9 qu&rsquo;avec ses fadaises, Errahmouni \u00ab\u00a0niait les \u00e9vidences et pire, tentait une manipulation dont le cynisme n&rsquo;a d&rsquo;\u00e9gal que l&rsquo;irrespect\u00a0\u00bb. La cour d&rsquo;appel ne dit pas autre chose : pour elle, le Tennoodois est \u00ab\u00a0fantaisiste et d\u00e9pourvu de cr\u00e9dibilit\u00e9\u00a0\u00bb.<\/p>\n<p class=\"ap-StoryElement ap-StoryElement--mb ap-StoryText\">N\u00e9 \u00e0 Saint-Josse le 14 septembre 1985, Errahmouni aura tout loisir de m\u00e9diter ce qui suit. Pour la cour, \u00ab\u00a0les faits auraient pu g\u00e9n\u00e9rer des cons\u00e9quences mortelles pour les victimes [\u2026] qui ont vu leurs derniers jours arriver\u00a0\u00bb. Et ce policier, Fr\u00e9d\u00e9ric, qui \u00e9tait cibl\u00e9, \u00ab\u00a0ne faisait que son travail et ne m\u00e9ritait pas qu&rsquo;on se venge sur lui et toute sa famille\u00a0\u00bb.<\/p>\n<p><a href=\"https:\/\/www.dhnet.be\/actu\/faits\/2026\/06\/23\/ils-mont-envoye-a-kinshasa-puis-mont-abandonne-la-bas-le-recit-glacant-dun-belge-expatrie-en-rdc-et-qui-sest-retrouve-a-la-rue-VPKMJIK27FFZHBJSEVNVKFOH4I\/\" target=\"_self\" class=\"ap-StoryInterstitialLink ap-StoryElement ap-StoryElement--mb\" rel=\"nofollow noopener\">\u00ab\u00a0Ils m&rsquo;ont envoy\u00e9 \u00e0 Kinshasa\u2026 puis m&rsquo;ont abandonn\u00e9 l\u00e0-bas\u00a0\u00bb: le r\u00e9cit gla\u00e7ant d&rsquo;un Belge expatri\u00e9 en RDC et qui s&rsquo;est retrouv\u00e9 \u00e0 la rue!<\/a>\u00ab\u00a0S\u00e9v\u00e8remais judicieuse\u00a0\u00bb<\/p>\n<p class=\"ap-StoryElement ap-StoryElement--mb ap-StoryText\">Pour la cour, il fallait une peine \u00ab\u00a0de nature \u00e0 prot\u00e9ger la soci\u00e9t\u00e9 [\u2026] tout en r\u00e9duisant, autant que faire se peut, le risque d&rsquo;une nouvelle r\u00e9cidive\u00a0\u00bb. Une peine \u00ab\u00a0de tr\u00e8s longue dur\u00e9e\u00a0\u00bb, poursuit-elle, \u00ab\u00a0permettant \u00e0 la soci\u00e9t\u00e9 d&rsquo;avoir l&rsquo;apaisement de ne plus \u00eatre confront\u00e9e aux actes nuisibles de M. Errahmouni\u00a0\u00bb.<\/p>\n<p class=\"ap-StoryElement ap-StoryElement--mb ap-StoryText\">Au d\u00e9part, en premi\u00e8re instance, le parquet r\u00e9clamait 6 ans ferme. Trop peu pour le tribunal qui au final, avait plus que doubl\u00e9 la peine\u200a: 14 ans\u200a!<\/p>\n<p class=\"ap-StoryElement ap-StoryElement--mb ap-StoryText\">En appel, Errahmouni esp\u00e9rait all\u00e9ger : la cour maintient 14 ans, condamnation \u00ab\u00a0s\u00e9v\u00e8re\u00a0\u00bb dit-elle, mais \u00ab\u00a0judicieuse\u00a0\u00bb. En plus, la cour condamne Badredine Errahmouni \u00e0 devoir verser 20 000 euros de dommage moral \u00e0 l&rsquo;inspecteur Fr\u00e9d\u00e9ric, 15 000 \u00e0 sa compagne, 10 000 \u00e0 chacune des trois enfants et 11 000 encore pour la Skoda du voisin d\u00e9truite dans l&rsquo;attentat.<\/p>\n<p><a href=\"https:\/\/www.dhnet.be\/actu\/faits\/2026\/06\/16\/un-belge-balafre-le-patron-dun-bar-a-huitres-et-sen-sort-bien-nous-nous-sommes-rapproches-et-embrasses-WF3V56XOOJF5PFTYGDTVODP25Q\/\" target=\"_self\" class=\"ap-StoryInterstitialLink ap-StoryElement ap-StoryElement--mb\" rel=\"nofollow noopener\">Un Belge balafre le patron d&rsquo;un bar \u00e0 huitres et s&rsquo;en sort bien: \u00ab\u00a0Nous nous sommes rapproch\u00e9s et embrass\u00e9s\u00a0\u00bb<\/a>Ministre de l&rsquo;Int\u00e9rieur<\/p>\n<p class=\"ap-StoryElement ap-StoryElement--mb ap-StoryText\">Tr\u00e8s encadr\u00e9s par l&rsquo;avocat sp\u00e9cialis\u00e9 Bernard Tieleman, le policier et sa famille se sont plaints d&rsquo;avoir pour ainsi dire \u00e9t\u00e9 laiss\u00e9s \u00e0 eux-m\u00eames. On s&rsquo;en \u00e9tait pris \u00e0 eux parce que le papa \u00e9tait policier et la justice constate effectivement qu'\u00a0\u00bbils ont continu\u00e9 de vivre dans un sentiment permanent d&rsquo;angoisse et ont d\u00fb modifier leur mode de vie, ce qui a g\u00e9n\u00e9r\u00e9 un climat d&rsquo;extr\u00eame tension et a abouti \u00e0 la s\u00e9paration du couple et \u00e0 l&rsquo;\u00e9clatement du noyau familial\u00a0\u00bb.<\/p>\n<p class=\"ap-StoryElement ap-StoryElement--mb ap-StoryText\">Le couple n&rsquo;a pas tenu, les enfants en ont souffert. \u00ab\u00a0Et nous n&rsquo;avons re\u00e7u aucune aide d&rsquo;aucune sorte\u00a0\u00bb, confie leur maman submerg\u00e9e par un sentiment d&rsquo;abandon qui devrait interpeller d&rsquo;urgence ministre et syndicats.<\/p>\n","protected":false},"excerpt":{"rendered":"Quelques jours auparavant, l&rsquo;inspecteur avait interpell\u00e9 un certain Badredine Errahmouni, suspect dans un dossier de vol de voiture.&hellip;\n","protected":false},"author":2,"featured_media":153994,"comment_status":"","ping_status":"","sticky":false,"template":"","format":"standard","meta":{"footnotes":"","_share_on_mastodon":"0"},"categories":[2],"tags":[22040,21399,12,13,18,17,23306,22,2239,651,22043,1741,22858,22044,15356],"class_list":["post-153993","post","type-post","status-publish","format-standard","has-post-thumbnail","category-belgique","tag-aanslagen-van-brussel","tag-attentats-de-bruxelles","tag-be","tag-be-fr","tag-belgique","tag-belgium","tag-djihad","tag-police","tag-politie","tag-securite","tag-terreur","tag-terrorisme","tag-terrorist","tag-terroriste","tag-veiligheid"],"share_on_mastodon":{"url":"https:\/\/pubeurope.com\/@be_fr\/116811238473291849","error":""},"_links":{"self":[{"href":"https:\/\/www.europesays.com\/be-fr\/wp-json\/wp\/v2\/posts\/153993","targetHints":{"allow":["GET"]}}],"collection":[{"href":"https:\/\/www.europesays.com\/be-fr\/wp-json\/wp\/v2\/posts"}],"about":[{"href":"https:\/\/www.europesays.com\/be-fr\/wp-json\/wp\/v2\/types\/post"}],"author":[{"embeddable":true,"href":"https:\/\/www.europesays.com\/be-fr\/wp-json\/wp\/v2\/users\/2"}],"replies":[{"embeddable":true,"href":"https:\/\/www.europesays.com\/be-fr\/wp-json\/wp\/v2\/comments?post=153993"}],"version-history":[{"count":0,"href":"https:\/\/www.europesays.com\/be-fr\/wp-json\/wp\/v2\/posts\/153993\/revisions"}],"wp:featuredmedia":[{"embeddable":true,"href":"https:\/\/www.europesays.com\/be-fr\/wp-json\/wp\/v2\/media\/153994"}],"wp:attachment":[{"href":"https:\/\/www.europesays.com\/be-fr\/wp-json\/wp\/v2\/media?parent=153993"}],"wp:term":[{"taxonomy":"category","embeddable":true,"href":"https:\/\/www.europesays.com\/be-fr\/wp-json\/wp\/v2\/categories?post=153993"},{"taxonomy":"post_tag","embeddable":true,"href":"https:\/\/www.europesays.com\/be-fr\/wp-json\/wp\/v2\/tags?post=153993"}],"curies":[{"name":"wp","href":"https:\/\/api.w.org\/{rel}","templated":true}]}}