{"id":154185,"date":"2026-06-25T17:11:10","date_gmt":"2026-06-25T17:11:10","guid":{"rendered":"https:\/\/www.europesays.com\/be-fr\/154185\/"},"modified":"2026-06-25T17:11:10","modified_gmt":"2026-06-25T17:11:10","slug":"hurlements-pied-ensanglante-porte-en-verre-cassee-une-nuit-agitee-dans-le-centre-de-verviers","status":"publish","type":"post","link":"https:\/\/www.europesays.com\/be-fr\/154185\/","title":{"rendered":"Hurlements, pied ensanglant\u00e9, porte en verre cass\u00e9e\u00a0: une nuit agit\u00e9e dans le centre de Verviers"},"content":{"rendered":"<p class=\"ap-StoryElement ap-StoryElement--mb ap-StoryText\">\u00ab\u00a0Des agents de police ont \u00e9t\u00e9 d\u00e9p\u00each\u00e9s sur place, et ils se sont rapidement rendu compte que la personne \u00e9tait bless\u00e9e. Ce dernier a donc \u00e9t\u00e9 pris en charge par les services de secours, relate le bourgmestre <a href=\"https:\/\/www.lavenir.net\/regions\/verviers\/verviers\/2026\/06\/04\/le-bourgmestre-de-verviers-maxime-degey-devrait-beneficier-dune-transaction-penale-pour-son-ancienne-activite-dans-la-restauration-K2S25HOIQFCYNEYPSP5BA4EQ4M\/\" target=\"_self\" rel=\"nofollow noopener\">Maxime Degey<\/a>. Lors de son interpellation, il s&rsquo;est av\u00e9r\u00e9 que cette personne \u00e9tait en s\u00e9jour ill\u00e9gal sur le sol belge, il a donc \u00e9t\u00e9 transf\u00e9r\u00e9 \u00e0 l&rsquo;Office des \u00e9trangers qui doit statuer sur son sort.\u00a0\u00bb<\/p>\n","protected":false},"excerpt":{"rendered":"\u00ab\u00a0Des agents de police ont \u00e9t\u00e9 d\u00e9p\u00each\u00e9s sur place, et ils se sont rapidement rendu compte que la&hellip;\n","protected":false},"author":2,"featured_media":154186,"comment_status":"","ping_status":"","sticky":false,"template":"","format":"standard","meta":{"footnotes":"","_share_on_mastodon":"0"},"categories":[2],"tags":[2867,12,13,18,17,3310],"class_list":["post-154185","post","type-post","status-publish","format-standard","has-post-thumbnail","category-belgique","tag-24h-de-spa-francorchamps","tag-be","tag-be-fr","tag-belgique","tag-belgium","tag-verviers"],"share_on_mastodon":{"url":"https:\/\/pubeurope.com\/@be_fr\/116811863297791879","error":""},"_links":{"self":[{"href":"https:\/\/www.europesays.com\/be-fr\/wp-json\/wp\/v2\/posts\/154185","targetHints":{"allow":["GET"]}}],"collection":[{"href":"https:\/\/www.europesays.com\/be-fr\/wp-json\/wp\/v2\/posts"}],"about":[{"href":"https:\/\/www.europesays.com\/be-fr\/wp-json\/wp\/v2\/types\/post"}],"author":[{"embeddable":true,"href":"https:\/\/www.europesays.com\/be-fr\/wp-json\/wp\/v2\/users\/2"}],"replies":[{"embeddable":true,"href":"https:\/\/www.europesays.com\/be-fr\/wp-json\/wp\/v2\/comments?post=154185"}],"version-history":[{"count":0,"href":"https:\/\/www.europesays.com\/be-fr\/wp-json\/wp\/v2\/posts\/154185\/revisions"}],"wp:featuredmedia":[{"embeddable":true,"href":"https:\/\/www.europesays.com\/be-fr\/wp-json\/wp\/v2\/media\/154186"}],"wp:attachment":[{"href":"https:\/\/www.europesays.com\/be-fr\/wp-json\/wp\/v2\/media?parent=154185"}],"wp:term":[{"taxonomy":"category","embeddable":true,"href":"https:\/\/www.europesays.com\/be-fr\/wp-json\/wp\/v2\/categories?post=154185"},{"taxonomy":"post_tag","embeddable":true,"href":"https:\/\/www.europesays.com\/be-fr\/wp-json\/wp\/v2\/tags?post=154185"}],"curies":[{"name":"wp","href":"https:\/\/api.w.org\/{rel}","templated":true}]}}