{"id":156128,"date":"2026-06-27T09:54:10","date_gmt":"2026-06-27T09:54:10","guid":{"rendered":"https:\/\/www.europesays.com\/be-fr\/156128\/"},"modified":"2026-06-27T09:54:10","modified_gmt":"2026-06-27T09:54:10","slug":"ce-jour-ou-emma-watson-a-pris-des-ornithologues-amateurs-pour-des-paparazzi","status":"publish","type":"post","link":"https:\/\/www.europesays.com\/be-fr\/156128\/","title":{"rendered":"Ce jour o\u00f9 Emma Watson a pris des ornithologues amateurs pour des paparazzi"},"content":{"rendered":"<p>Emma Watson, connue pour son r\u00f4le d\u2019Hermione dans les films <a href=\"https:\/\/www.20minutes.fr\/arts-stars\/cinema\/4222441-20260524-studios-harry-potter-celebrent-25-ans-premier-film-nouveaux-decors\" target=\"_blank\" class=\"c-link c-link--is-underlined\" rel=\"nofollow noopener\">Harry Potter<\/a>, a racont\u00e9 une anecdote qu\u2019elle qualifie elle-m\u00eame d\u2019humiliante lors d\u2019un forum de la Royal Fondation britannique \u00e0 Londres.<\/p>\n<p>Un jour, <a href=\"https:\/\/www.20minutes.fr\/arts-stars\/people\/4175370-20250927-monde-cinema-manque-emma-watson\" target=\"_blank\" class=\"c-link c-link--is-underlined\" rel=\"nofollow noopener\">l\u2019actrice de 36 ans<\/a> a aper\u00e7u depuis son salon une ribambelle d\u2019hommes mass\u00e9s derri\u00e8re des appareils photo \u00e0 longue focale, et son sang n\u2019a fait qu\u2019un tour. Pour elle, il ne faisait aucun doute qu\u2019il s\u2019agissait de paparazzi qui attendaient qu\u2019elle sorte de chez elle pour la mitrailler.<\/p>\n<p>\u00ab\u00a0Je me suis dit\u00a0: c\u2019est le jour. \u00c7a arrive enfin\u00a0\u00bb, a-t-elle confi\u00e9, (via <a href=\"https:\/\/people.com\/emma-watson-makes-rare-appearance-at-event-with-prince-william-and-benedict-cumberbatch-12004512\" rel=\"nofollow noopener\" target=\"_blank\" class=\"c-link c-link--is-underlined\">People<\/a>), devant un public hilare comprenant <a href=\"https:\/\/www.20minutes.fr\/arts-stars\/people\/4202199-20260218-sante-mentale-prince-william-voudrait-voir-davantage-modeles-masculins-banaliser-sujet\" target=\"_blank\" class=\"c-link c-link--is-underlined\" rel=\"nofollow noopener\">le prince William<\/a> et <a href=\"https:\/\/www.20minutes.fr\/arts-stars\/people\/4222991-20260511-benedict-cumberbatch-embrouille-cycliste-pleine-rue-londres\" target=\"_blank\" class=\"c-link c-link--is-underlined\" rel=\"nofollow noopener\">Benedict Cumberbatch<\/a>.<\/p>\n<p>Fair-play<\/p>\n<p>Emma Watson a alors d\u00e9cid\u00e9 d\u2019envoyer sa m\u00e8re en \u00e9claireuse tandis que, de son c\u00f4t\u00e9, elle s\u2019appr\u00eatait \u00e0 sortir par une porte d\u00e9rob\u00e9e. Mais en sortant, la star britannique s\u2019est rapidement rendu compte de son m\u00e9pris. Ce qu\u2019elle pensait \u00eatre des paparazzi n\u2019\u00e9taient autres que des <a href=\"https:\/\/www.20minutes.fr\/planete\/4040906-20230613-grand-filme-nichoirs-oiseaux-montre-peu-gens-peuvent-voir\" target=\"_blank\" class=\"c-link c-link--is-underlined\" rel=\"nofollow noopener\">ornithologues amateurs<\/a> qui cherchaient \u00e0 surprendre un oiseau rare\u2026 bien loin d\u2019\u00eatre elle\u00a0! Cette fois-ci, c\u2019\u00e9tait au sens propre\u00a0: ils \u00e9taient apr\u00e8s <a href=\"https:\/\/www.20minutes.fr\/arts-stars\/loisirs\/4150197-20250514-tout-savoir-milan-royal\" target=\"_blank\" class=\"c-link c-link--is-underlined\" rel=\"nofollow noopener\">un milan royal<\/a> qui avait \u00e9t\u00e9 rep\u00e9r\u00e9 dans le secteur.<\/p>\n<p>Emma Watson a conclu son histoire en r\u00e9v\u00e9lant avoir finalement invit\u00e9 les ornithologues amateurs \u00e0 entrer dans son jardin pour observer l\u2019oiseau. Une chute magistrale pour celle qui, chass\u00e9e par les paparazzi depuis l\u2019enfance, s\u2019\u00e9tait habitu\u00e9e \u00e0 ce que les flashs des appareils photo lui soient destin\u00e9s.<\/p>\n","protected":false},"excerpt":{"rendered":"Emma Watson, connue pour son r\u00f4le d\u2019Hermione dans les films Harry Potter, a racont\u00e9 une anecdote qu\u2019elle qualifie&hellip;\n","protected":false},"author":2,"featured_media":156129,"comment_status":"","ping_status":"","sticky":false,"template":"","format":"standard","meta":{"footnotes":"","_share_on_mastodon":"0"},"categories":[102],"tags":[12,13,18,17,129,128,96,9164,95,1662,3144,109],"class_list":["post-156128","post","type-post","status-publish","format-standard","has-post-thumbnail","category-people","tag-be","tag-be-fr","tag-belgique","tag-belgium","tag-celebrities","tag-celebrity","tag-divertissement","tag-emma-watson","tag-entertainment","tag-harry-potter","tag-paparazzi","tag-people"],"share_on_mastodon":{"url":"https:\/\/pubeurope.com\/@be_fr\/116821469593328334","error":""},"_links":{"self":[{"href":"https:\/\/www.europesays.com\/be-fr\/wp-json\/wp\/v2\/posts\/156128","targetHints":{"allow":["GET"]}}],"collection":[{"href":"https:\/\/www.europesays.com\/be-fr\/wp-json\/wp\/v2\/posts"}],"about":[{"href":"https:\/\/www.europesays.com\/be-fr\/wp-json\/wp\/v2\/types\/post"}],"author":[{"embeddable":true,"href":"https:\/\/www.europesays.com\/be-fr\/wp-json\/wp\/v2\/users\/2"}],"replies":[{"embeddable":true,"href":"https:\/\/www.europesays.com\/be-fr\/wp-json\/wp\/v2\/comments?post=156128"}],"version-history":[{"count":0,"href":"https:\/\/www.europesays.com\/be-fr\/wp-json\/wp\/v2\/posts\/156128\/revisions"}],"wp:featuredmedia":[{"embeddable":true,"href":"https:\/\/www.europesays.com\/be-fr\/wp-json\/wp\/v2\/media\/156129"}],"wp:attachment":[{"href":"https:\/\/www.europesays.com\/be-fr\/wp-json\/wp\/v2\/media?parent=156128"}],"wp:term":[{"taxonomy":"category","embeddable":true,"href":"https:\/\/www.europesays.com\/be-fr\/wp-json\/wp\/v2\/categories?post=156128"},{"taxonomy":"post_tag","embeddable":true,"href":"https:\/\/www.europesays.com\/be-fr\/wp-json\/wp\/v2\/tags?post=156128"}],"curies":[{"name":"wp","href":"https:\/\/api.w.org\/{rel}","templated":true}]}}