{"id":156240,"date":"2026-06-27T12:38:22","date_gmt":"2026-06-27T12:38:22","guid":{"rendered":"https:\/\/www.europesays.com\/be-fr\/156240\/"},"modified":"2026-06-27T12:38:22","modified_gmt":"2026-06-27T12:38:22","slug":"nouvel-album-des-rolling-stones-la-dh-a-ecoute-les-deux-nouveaux-titres-devoiles-dont-celui-avec-robert-smith-de-the-cure","status":"publish","type":"post","link":"https:\/\/www.europesays.com\/be-fr\/156240\/","title":{"rendered":"Nouvel album des Rolling Stones\u00a0: la \u00ab\u00a0DH\u00a0\u00bb a \u00e9cout\u00e9 les deux nouveaux titres d\u00e9voil\u00e9s, dont celui avec Robert Smith de The Cure"},"content":{"rendered":"<p class=\"ap-StoryElement ap-StoryElement--mb ap-StoryText\">Robert Smith n&rsquo;arr\u00eate pas de surprendre son monde ces derniers temps. Outre la venue de son groupe \u00e0 Rock Werchter le 5 juillet en cl\u00f4ture du festival, le chanteur a annonc\u00e9 avoir fini deux nouveaux albums de The Cure. Et travailler sur un troisi\u00e8me.<\/p>\n<p><a href=\"https:\/\/www.dhnet.be\/medias\/musique\/2026\/05\/05\/un-casting-de-dingue-sur-le-nouvel-album-des-rolling-stones-CRTGANYUK5FLDOPASTFWJSYCDM\/\" target=\"_self\" class=\"ap-StoryInterstitialLink ap-StoryElement ap-StoryElement--mb\" rel=\"nofollow noopener\">Un casting de dingue sur le nouvel album des Rolling Stones !<\/a><\/p>\n<p class=\"ap-StoryElement ap-StoryElement--mb ap-StoryText\">Par ailleurs, il a d\u00e9stabilis\u00e9 un paquet de fans en collaborant avec <a href=\"https:\/\/www.dhnet.be\/medias\/musique\/2021\/12\/10\/qui-est-olivia-rodrigo-le-nouveau-phenomene-pop-qui-a-rempli-forest-national-en-8-minutes-B5QEYHCEMRGK3GZ22DZA2HQUAQ\/\" target=\"_self\" rel=\"nofollow noopener\">Olivia Rodrigo<\/a>. Cette derni\u00e8re a repris des titres de The Cure sur sc\u00e8ne, en compagnie de Robert Smith. Et ce dernier figure sur le nouvel album de la chanteuse avec le titre \u00ab\u00a0What&rsquo;s Wrong With Me\u00a0\u00bb.<\/p>\n<p class=\"ap-StoryElement ap-StoryElement--mb ap-StoryText\">Mieux : cette chanson s&rsquo;est hiss\u00e9e \u00e0 la 17e place du Billboard Hot 100 aux \u00c9tats-Unis, une premi\u00e8re pour le chanteur sans son groupe.<\/p>\n<p><img decoding=\"async\" src=\"https:\/\/www.europesays.com\/be-fr\/wp-content\/uploads\/2026\/06\/1782563901_583_hqdefault.webp\" alt=\"Olivia Rodrigo, Robert Smith - what\u2019s wrong with me (Lyric Video) - YouTube thumbnail\" class=\"lty-thumbnail\" loading=\"lazy\"\/>WatchUn air de d\u00e9j\u00e0-entendu sign\u00e9 Robert Smith<\/p>\n<p class=\"ap-StoryElement ap-StoryElement--mb ap-StoryText\">Vu le contexte, la tentation \u00e9tait grande de commencer par \u00e9couter \u00ab\u00a0Divine Intervention\u00a0\u00bb, la chanson de l&rsquo;album des Rolling Stones sur laquelle appara\u00eet Robert Smith. Intervention divine de celui qui incarne \u00e0 lui seul \u2013 ou presque \u2013 The Cure ?<\/p>\n<p class=\"ap-StoryElement ap-StoryElement--mb ap-StoryText\">Premier constat : Mick Jagger, Keith Richards et Ron Wood jouent la carte de la nostalgie sur cette chanson. \u00c7a commence en mode rock&rsquo;n&rsquo;roll tout ce qu&rsquo;il y a de plus classique. On pense \u00e0 un titre venu des ann\u00e9es 50. Mais apr\u00e8s 30 secondes, le morceau bascule \u00e9trangement vers la pop avec un refrain qui laisse entrevoir la patte de la guitare de Robert Smith. On ne va pas parler d&rsquo;une empreinte manifeste, mais d&rsquo;un petit air de d\u00e9j\u00e0-entendu. Un je-ne-sais-quoi furtif qui rappelle des passages de \u00ab\u00a0High\u00a0\u00bb ou \u00ab\u00a0Friday I&rsquo;m in Love\u00a0\u00bb, deux extraits de Wish sorti en 1992. Cependant, l&rsquo;auditeur qui ne sait pas que le chanteur de The Cure joue de la guitare sur cette chanson passera probablement \u00e0 c\u00f4t\u00e9 de la r\u00e9f\u00e9rence.<\/p>\n<p><img decoding=\"async\" src=\"https:\/\/www.europesays.com\/be-fr\/wp-content\/uploads\/2026\/06\/1782563902_631_hqdefault.webp\" alt=\"The Rolling Stones - Divine Intervention (Official Audio) - YouTube thumbnail\" class=\"lty-thumbnail\" loading=\"lazy\"\/>Watch<a href=\"https:\/\/www.dhnet.be\/medias\/musique\/2023\/07\/26\/mick-jagger-decortique-a-loccasion-de-ses-80-ans-YHLLAJO3AVBDVF5Z2I32L7C7RU\/\" target=\"_self\" class=\"ap-StoryInterstitialLink ap-StoryElement ap-StoryElement--mb\" rel=\"nofollow noopener\">Mick Jagger d\u00e9cortiqu\u00e9 \u00e0 l&rsquo;occasion de ses 80 ans<\/a><\/p>\n<p class=\"ap-StoryElement ap-StoryElement--mb ap-StoryText\">Ce qu&rsquo;on retient surtout \u00e0 l&rsquo;\u00e9coute de \u00ab\u00a0Divine Intervention\u00a0\u00bb, c&rsquo;est qu&rsquo;\u00e0 80 ans pass\u00e9s, les Rolling Stones ont toujours une patate d&rsquo;enfer pour sortir un rock de ce calibre, avec un feu d&rsquo;artifice de guitares et ses cuivres discrets mais prenants.<\/p>\n<p class=\"ap-StoryElement ap-StoryElement--mb ap-StoryText\">Quant \u00e0 la voix de Robert Smith, il faudra d\u00e9couvrir l&rsquo;autre titre sur lequel il intervient pour l&rsquo;entendre.<\/p>\n<p><a href=\"https:\/\/www.dhnet.be\/medias\/musique\/2022\/07\/10\/les-rolling-stones-60-ans-de-legende-retour-sur-le-plus-phenomenal-des-groupes-de-rock-L2HXV2HPK5CD7EF5YDAGMJPNX4\/\" target=\"_self\" class=\"ap-StoryInterstitialLink ap-StoryElement ap-StoryElement--mb\" rel=\"nofollow noopener\">Les Rolling Stones, 60 ans de l\u00e9gende : retour sur le plus ph\u00e9nom\u00e9nal des groupes de rock<\/a>\u00ab\u00a0Jealous Lover\u00a0\u00bb : notre coup de c\u0153ur !<\/p>\n<p class=\"ap-StoryElement ap-StoryElement--mb ap-StoryText\">Notre coup de c\u0153ur, c&rsquo;est le second morceau d\u00e9voil\u00e9 par les Stones jeudi. Sur \u00ab\u00a0Jealous Lover\u00a0\u00bb, chanson mid tempo, <a href=\"https:\/\/www.dhnet.be\/medias\/musique\/2023\/07\/26\/mick-jagger-fete-ses-80-ans-avec-des-secrets-toujours-aussi-bien-gardes-DXJACR47VBDE7I4PWXJEIRVOYU\/\" target=\"_self\" rel=\"nofollow noopener\">Mick Jagger s&rsquo;amuse avec sa voix<\/a>. En mode falsetto sur les couplets, il ravive le souvenir des Rolling Stones des grands jours. On pense \u00e0 \u00ab\u00a0Fool To Cry\u00a0\u00bb ou \u00ab\u00a0Emotional Rescue\u00a0\u00bb.<\/p>\n<p class=\"ap-StoryElement ap-StoryElement--mb ap-StoryText\">\u00c0 83 ans, le chanteur ma\u00eetrise parfaitement sa voix imm\u00e9diatement identifiable, ce n&rsquo;est pas la moindre des prouesses. Ajoutez \u00e0 cela un refrain qui reste dans l&rsquo;oreille et pour peu on en viendrait \u00e0 miser sur un futur classique de leur r\u00e9pertoire.<\/p>\n<p><img decoding=\"async\" src=\"https:\/\/www.europesays.com\/be-fr\/wp-content\/uploads\/2026\/06\/1782563902_785_hqdefault.webp\" alt=\"The Rolling Stones - Jealous Lover (Lyric Video) - YouTube thumbnail\" class=\"lty-thumbnail\" loading=\"lazy\"\/>Watch<\/p>\n<p class=\"ap-StoryElement ap-StoryElement--mb ap-StoryText\">Des quatre chansons de Foreign Tongues r\u00e9v\u00e9l\u00e9es jusqu&rsquo;\u00e0 pr\u00e9sent, c&rsquo;est assur\u00e9ment celle qui nous a tap\u00e9 dans l&rsquo;oreille. Ses airs Seventies et son c\u00f4t\u00e9 R &amp; B qui ressurgit du pass\u00e9 laissent augurer d&rsquo;un grand cru pour ce 26e album des infatigables et inoxydables Stones.<\/p>\n","protected":false},"excerpt":{"rendered":"Robert Smith n&rsquo;arr\u00eate pas de surprendre son monde ces derniers temps. Outre la venue de son groupe \u00e0&hellip;\n","protected":false},"author":2,"featured_media":156241,"comment_status":"","ping_status":"","sticky":false,"template":"","format":"standard","meta":{"footnotes":"","_share_on_mastodon":"0"},"categories":[83],"tags":[12,13,8018,50192,18,17,3479,96,95,3480,3481,3483],"class_list":["post-156240","post","type-post","status-publish","format-standard","has-post-thumbnail","category-divertissement","tag-be","tag-be-fr","tag-belgalive","tag-belgaonthespot-belgaonthespot-belgaonthespot","tag-belgique","tag-belgium","tag-cor408","tag-divertissement","tag-entertainment","tag-ericdupain","tag-hand-out","tag-rallye"],"share_on_mastodon":{"url":"https:\/\/pubeurope.com\/@be_fr\/116822115010445504","error":""},"_links":{"self":[{"href":"https:\/\/www.europesays.com\/be-fr\/wp-json\/wp\/v2\/posts\/156240","targetHints":{"allow":["GET"]}}],"collection":[{"href":"https:\/\/www.europesays.com\/be-fr\/wp-json\/wp\/v2\/posts"}],"about":[{"href":"https:\/\/www.europesays.com\/be-fr\/wp-json\/wp\/v2\/types\/post"}],"author":[{"embeddable":true,"href":"https:\/\/www.europesays.com\/be-fr\/wp-json\/wp\/v2\/users\/2"}],"replies":[{"embeddable":true,"href":"https:\/\/www.europesays.com\/be-fr\/wp-json\/wp\/v2\/comments?post=156240"}],"version-history":[{"count":0,"href":"https:\/\/www.europesays.com\/be-fr\/wp-json\/wp\/v2\/posts\/156240\/revisions"}],"wp:featuredmedia":[{"embeddable":true,"href":"https:\/\/www.europesays.com\/be-fr\/wp-json\/wp\/v2\/media\/156241"}],"wp:attachment":[{"href":"https:\/\/www.europesays.com\/be-fr\/wp-json\/wp\/v2\/media?parent=156240"}],"wp:term":[{"taxonomy":"category","embeddable":true,"href":"https:\/\/www.europesays.com\/be-fr\/wp-json\/wp\/v2\/categories?post=156240"},{"taxonomy":"post_tag","embeddable":true,"href":"https:\/\/www.europesays.com\/be-fr\/wp-json\/wp\/v2\/tags?post=156240"}],"curies":[{"name":"wp","href":"https:\/\/api.w.org\/{rel}","templated":true}]}}