{"id":156264,"date":"2026-06-27T13:38:15","date_gmt":"2026-06-27T13:38:15","guid":{"rendered":"https:\/\/www.europesays.com\/be-fr\/156264\/"},"modified":"2026-06-27T13:38:15","modified_gmt":"2026-06-27T13:38:15","slug":"la-chanteuse-rosalia-representee-en-madone-a-palerme-dans-un-mariage-entre-sacre-et-la-pop-culture","status":"publish","type":"post","link":"https:\/\/www.europesays.com\/be-fr\/156264\/","title":{"rendered":"La chanteuse Rosal\u00eda repr\u00e9sent\u00e9e en madone \u00e0 Palerme dans un mariage entre sacr\u00e9 et la pop culture"},"content":{"rendered":"<p>\n    Dans le quartier de Santa Rosal\u00eda, une fresque monumentale r\u00e9alis\u00e9e par l\u2019artiste Igor Scalisi Palminteri, d\u00e9voil\u00e9e le 23 juin, repr\u00e9sente la chanteuse espagnole en figure sacr\u00e9e.<\/p>\n<p class=\"fig-paragraph\">Une madone moderne aux traits de la pop star espagnole Rosal\u00eda veille d\u00e9sormais sur le quartier de Santa Rosal\u00eda, \u00e0\u00a0<a href=\"http:\/\/www.lefigaro.fr\/voyages\/dossier\/palerme\" data-fig-type=\"Topic\" data-gtm-custom-categorie=\"navigation\" data-gtm-custom-action=\"crossclick\" data-gtm-custom-label=\"Contextuel\" data-gtm-event=\"customEventSPE\" data-fig-domain=\"LEFIGARO\" rel=\"nofollow noopener\" target=\"_blank\">Palerme<\/a>. D\u00e9voil\u00e9e le 23 juin, une fresque majestueuse bouscule les codes de l\u2019art urbain et du sacr\u00e9 en Sicile. L\u2019artiste palermitain Igor Scalisi Palminteri y a repr\u00e9sent\u00e9 la chanteuse espagnole\u00a0<a href=\"http:\/\/www.lefigaro.fr\/musique\/rosalia-une-discipline-de-fer-derriere-un-succes-planetaire-20260426\" data-fig-type=\"NewsFlash\" data-gtm-custom-categorie=\"navigation\" data-gtm-custom-action=\"crossclick\" data-gtm-custom-label=\"Contextuel\" data-gtm-event=\"customEventSPE\" data-fig-domain=\"LEFIGARO\" rel=\"nofollow noopener\" target=\"_blank\">Rosal\u00eda\u00a0<\/a>sous les traits d\u2019une figure sainte, aur\u00e9ol\u00e9e directement inspir\u00e9e de Santa Rosal\u00eda, patronne de la ville.<\/p>\n<p class=\"fig-paragraph\">Le choix du lieu ne doit rien au hasard. \u00c0 Palerme, la figure de Santa Rosal\u00eda structure l\u2019identit\u00e9 de la cit\u00e9 depuis le XVIIe si\u00e8cle. Elle v\u00e9cut toute sa vie retir\u00e9e sur le Monte Pellegrino, pr\u00e8s de Palerme, o\u00f9 elle mourut en 1170. Selon la tradition catholique, elle serait apparue en songe en 1624 pour guider les habitants vers ses reliques, mettant ainsi fin \u00e0 une terrible \u00e9pid\u00e9mie de peste. \u00c9lev\u00e9e au rang de sainte patronne, la \u00ab\u00a0Santuzza\u00a0\u00bb fait l\u2019objet d\u2019une d\u00e9votion fervente, culminant chaque ann\u00e9e lors du Festino, une procession baroque o\u00f9 se m\u00ealent ferveur religieuse et folklore.<\/p>\n<p>                                            <a class=\"fig-a11y-skip\" href=\"#fig-a11y-skip-main-inarticle\" is=\"fig-a11y-skip\" data-trigger-mode=\"visible-once\"><br \/>\n    Passer la publicit\u00e9<br \/>\n<\/a>            <\/p>\n<p class=\"fig-paragraph\">\u00ab\u00a0\u00c0 Palerme, l\u2019image de Sainte Rosalie traverse le temps, change de sens et se transforme au rythme de la ville, affirme le street artiste dans un communiqu\u00e9. C\u2019est une pr\u00e9sence qui rel\u00e8ve de la dimension religieuse, mais aussi populaire, culturelle et m\u00eame affective ; aujourd\u2019hui plus que jamais, elle accompagne les luttes pour l\u2019\u00e9mancipation des femmes dans une soci\u00e9t\u00e9 qui veut encore les maintenir dans la soumission.\u00a0\u00bb Son \u0153uvre intitul\u00e9e Ecstasy, repose sur ce syncr\u00e9tisme.<\/p>\n<p class=\"fig-paragraph\">\u00ab\u00a0Le fond dor\u00e9 \u00e9voque le mysticisme de l\u2019iconographie sacr\u00e9e, tandis que le d\u00e9cor inspir\u00e9 des illuminations du Festino s\u2019inscrit dans cette d\u00e9votion populaire qui caract\u00e9rise depuis toujours Palerme\u00a0\u00bb d\u00e9taille l\u2019artiste.<\/p>\n<p class=\"fig-body-link\">\n            \u00c0 lire aussi<br \/>\n        <a class=\"fig-body-link__link\" href=\"http:\/\/www.lefigaro.fr\/musique\/la-furia-rosalia-s-elance-de-paris-a-la-conquete-du-monde-20260318\" target=\"_blank\" data-fig-type=\"Article\" rel=\"nofollow noopener\" data-gtm-custom-categorie=\"navigation\" data-gtm-custom-action=\"crossclick\" data-gtm-custom-label=\"Contextuel\" data-gtm-event=\"customEventSPE\" data-fig-domain=\"LEFIGARO\"><br \/>\n                La \u00ab\u00a0furia\u00a0\u00bb Rosalia s\u2019\u00e9lance de Paris \u00e0 la conqu\u00eate du monde<br \/>\n    <\/a>\n<\/p>\n<p>                                            Un dialogue mystique et musical<\/p>\n<p class=\"fig-paragraph\">La culture sicilienne a \u00e9galement \u00e9t\u00e9 honor\u00e9e par la pop star espagnole. Dans son dernier album Lux, travers\u00e9 de r\u00e9f\u00e9rences spirituelles, Rosal\u00eda a rendu hommage \u00e0 la sainte et \u00e0 la Sicile dans le titre Focu Ranni, dont une partie est interpr\u00e9t\u00e9e en dialecte sicilien.<\/p>\n<p class=\"fig-paragraph\">Dans cette chanson, l\u2019artiste ib\u00e9rique explore les th\u00e8mes du renoncement et de l\u2019\u00e9mancipation\u00a0: \u00ab\u00a0Mi jittaiu nta lu nenti\u00a0\/ Pi nun p\u00e8rdiri a libbirta\u2019\u00a0\u00bb (\u00ab\u00a0Je me suis jet\u00e9e dans le n\u00e9ant pour ne pas perdre ma libert\u00e9\u00a0\u00bb). Dans un communiqu\u00e9, Igor Scalisi Palminteri, d\u00e9peint le texte de la chanteuse comme faisant directement \u00e9cho \u00e0 la qu\u00eate d\u2019absolu de l\u2019ermite\u00a0: \u00ab\u00a0Je per\u00e7ois une tension qui appartient \u00e0 la fois \u00e0 la recherche artistique de Rosal\u00eda et \u00e0 la figure de Sainte Rosalie\u00a0: l\u2019id\u00e9e d\u2019un passage, d\u2019une transformation n\u00e9cessaire pour nourrir sa propre libert\u00e9.\u00a0\u00bb<\/p>\n","protected":false},"excerpt":{"rendered":"Dans le quartier de Santa Rosal\u00eda, une fresque monumentale r\u00e9alis\u00e9e par l\u2019artiste Igor Scalisi Palminteri, d\u00e9voil\u00e9e le 23&hellip;\n","protected":false},"author":2,"featured_media":156265,"comment_status":"","ping_status":"","sticky":false,"template":"","format":"standard","meta":{"footnotes":"","_share_on_mastodon":"0"},"categories":[102],"tags":[12,13,18,17,129,128,96,95,45583,109,2774],"class_list":["post-156264","post","type-post","status-publish","format-standard","has-post-thumbnail","category-people","tag-be","tag-be-fr","tag-belgique","tag-belgium","tag-celebrities","tag-celebrity","tag-divertissement","tag-entertainment","tag-palerme","tag-people","tag-rosalia"],"share_on_mastodon":{"url":"https:\/\/pubeurope.com\/@be_fr\/116822350582479698","error":""},"_links":{"self":[{"href":"https:\/\/www.europesays.com\/be-fr\/wp-json\/wp\/v2\/posts\/156264","targetHints":{"allow":["GET"]}}],"collection":[{"href":"https:\/\/www.europesays.com\/be-fr\/wp-json\/wp\/v2\/posts"}],"about":[{"href":"https:\/\/www.europesays.com\/be-fr\/wp-json\/wp\/v2\/types\/post"}],"author":[{"embeddable":true,"href":"https:\/\/www.europesays.com\/be-fr\/wp-json\/wp\/v2\/users\/2"}],"replies":[{"embeddable":true,"href":"https:\/\/www.europesays.com\/be-fr\/wp-json\/wp\/v2\/comments?post=156264"}],"version-history":[{"count":0,"href":"https:\/\/www.europesays.com\/be-fr\/wp-json\/wp\/v2\/posts\/156264\/revisions"}],"wp:featuredmedia":[{"embeddable":true,"href":"https:\/\/www.europesays.com\/be-fr\/wp-json\/wp\/v2\/media\/156265"}],"wp:attachment":[{"href":"https:\/\/www.europesays.com\/be-fr\/wp-json\/wp\/v2\/media?parent=156264"}],"wp:term":[{"taxonomy":"category","embeddable":true,"href":"https:\/\/www.europesays.com\/be-fr\/wp-json\/wp\/v2\/categories?post=156264"},{"taxonomy":"post_tag","embeddable":true,"href":"https:\/\/www.europesays.com\/be-fr\/wp-json\/wp\/v2\/tags?post=156264"}],"curies":[{"name":"wp","href":"https:\/\/api.w.org\/{rel}","templated":true}]}}