{"id":156298,"date":"2026-06-27T14:46:12","date_gmt":"2026-06-27T14:46:12","guid":{"rendered":"https:\/\/www.europesays.com\/be-fr\/156298\/"},"modified":"2026-06-27T14:46:12","modified_gmt":"2026-06-27T14:46:12","slug":"nancy-open-air-le-concert-dorelsan-decale-a-22h15-a-cause-de-la-chaleur","status":"publish","type":"post","link":"https:\/\/www.europesays.com\/be-fr\/156298\/","title":{"rendered":"Nancy Open Air : le concert d&rsquo;Orelsan d\u00e9cal\u00e9 \u00e0 22h15 \u00e0 cause de la chaleur"},"content":{"rendered":"\n<p class=\"isSelectedEnd\">En raison de l\u2019\u00e9pisode caniculaire particuli\u00e8rement intense qui touche la France depuis une dizaine de jours, le Z\u00e9nith du Grand Nancy a particip\u00e9, ce vendredi, \u00e0 une r\u00e9union organis\u00e9e en pr\u00e9fecture de Meurthe-et-Moselle afin de faire un point de situation concernant le concert d\u2019Orelsan, pr\u00e9vu ce samedi 27 juin dans le cadre de Nancy Open Air.<\/p>\n<p class=\"isSelectedEnd\">Un point a notamment \u00e9t\u00e9 r\u00e9alis\u00e9 sur les dispositifs de s\u00e9curit\u00e9, de secours et de gestion des flux mis en place afin de garantir le bon d\u00e9roulement de l\u2019\u00e9v\u00e9nement.<\/p>\n<p class=\"isSelectedEnd\">Le concert est donc maintenu. En revanche, il n\u2019y aura pas de premi\u00e8re partie. L\u2019ouverture des portes est d\u00e9cal\u00e9e de 17h30 \u00e0 18h30, et le d\u00e9but du concert est d\u00e9sormais pr\u00e9vu \u00e0 22h15.<\/p>\n<p class=\"isSelectedEnd\">Par ailleurs, la consommation d\u2019alcool sera interdite sur l\u2019ensemble du site. De l\u2019eau sera mise gratuitement \u00e0 disposition du public sur tout le site.<\/p>\n<p>Les bouteilles d\u2019eau, gourdes et autres contenants remplis d\u2019eau seront autoris\u00e9s \u00e0 l\u2019entr\u00e9e. Les petits ventilateurs et les brumisateurs manuels sont \u00e9galement autoris\u00e9s. Enfin, des brumisateurs industriels seront install\u00e9s sur le site afin d\u2019am\u00e9liorer le confort des spectateurs.<\/p>\n","protected":false},"excerpt":{"rendered":"En raison de l\u2019\u00e9pisode caniculaire particuli\u00e8rement intense qui touche la France depuis une dizaine de jours, le Z\u00e9nith&hellip;\n","protected":false},"author":2,"featured_media":156299,"comment_status":"","ping_status":"","sticky":false,"template":"","format":"standard","meta":{"footnotes":"","_share_on_mastodon":"0"},"categories":[98],"tags":[1769,2310,50216,12,13,18,17,17646,5613,666,96,4613,95,6580,21363,50218,107,108,50219,21078,50213,12531,4234,17539,50215,5646,14843,87,9662,50217,4195,21936,50214],"class_list":["post-156298","post","type-post","status-publish","format-standard","has-post-thumbnail","category-musique","tag-air","tag-alcool","tag-autorite","tag-be","tag-be-fr","tag-belgique","tag-belgium","tag-canicule","tag-chaleur","tag-concerts","tag-divertissement","tag-eau","tag-entertainment","tag-lorraine","tag-meurthe-et-moselle","tag-mm","tag-music","tag-musique","tag-nancu","tag-nancy","tag-nancy-open-air","tag-open","tag-orelsan","tag-plaisir","tag-prefecture","tag-rouge","tag-samedi","tag-sante","tag-secours","tag-secrous","tag-spectacle","tag-vigilance","tag-vigilance-rouge"],"share_on_mastodon":{"url":"https:\/\/pubeurope.com\/@be_fr\/116822618008794665","error":""},"_links":{"self":[{"href":"https:\/\/www.europesays.com\/be-fr\/wp-json\/wp\/v2\/posts\/156298","targetHints":{"allow":["GET"]}}],"collection":[{"href":"https:\/\/www.europesays.com\/be-fr\/wp-json\/wp\/v2\/posts"}],"about":[{"href":"https:\/\/www.europesays.com\/be-fr\/wp-json\/wp\/v2\/types\/post"}],"author":[{"embeddable":true,"href":"https:\/\/www.europesays.com\/be-fr\/wp-json\/wp\/v2\/users\/2"}],"replies":[{"embeddable":true,"href":"https:\/\/www.europesays.com\/be-fr\/wp-json\/wp\/v2\/comments?post=156298"}],"version-history":[{"count":0,"href":"https:\/\/www.europesays.com\/be-fr\/wp-json\/wp\/v2\/posts\/156298\/revisions"}],"wp:featuredmedia":[{"embeddable":true,"href":"https:\/\/www.europesays.com\/be-fr\/wp-json\/wp\/v2\/media\/156299"}],"wp:attachment":[{"href":"https:\/\/www.europesays.com\/be-fr\/wp-json\/wp\/v2\/media?parent=156298"}],"wp:term":[{"taxonomy":"category","embeddable":true,"href":"https:\/\/www.europesays.com\/be-fr\/wp-json\/wp\/v2\/categories?post=156298"},{"taxonomy":"post_tag","embeddable":true,"href":"https:\/\/www.europesays.com\/be-fr\/wp-json\/wp\/v2\/tags?post=156298"}],"curies":[{"name":"wp","href":"https:\/\/api.w.org\/{rel}","templated":true}]}}