{"id":156702,"date":"2026-06-28T06:21:12","date_gmt":"2026-06-28T06:21:12","guid":{"rendered":"https:\/\/www.europesays.com\/be-fr\/156702\/"},"modified":"2026-06-28T06:21:12","modified_gmt":"2026-06-28T06:21:12","slug":"epinal-pres-de-5-000-spectateurs-pour-le-lancement-du-colombiere-open-air-avec-matt-pokora","status":"publish","type":"post","link":"https:\/\/www.europesays.com\/be-fr\/156702\/","title":{"rendered":"\u00c9pinal : pr\u00e8s de 5 000 spectateurs pour le lancement du Colombi\u00e8re Open Air avec Matt Pokora"},"content":{"rendered":"<p>\t\t\t\t\t\t\t\t<a href=\"https:\/\/vosgesinfo.fr\/app\/uploads\/sites\/3\/2026\/06\/matt-pokora-bonne.jpg\" data-slb-active=\"1\" data-slb-asset=\"1314837767\" data-slb-internal=\"0\" data-slb-group=\"slb\" rel=\"nofollow noopener\" target=\"_blank\"><img fetchpriority=\"high\" decoding=\"async\" class=\"aligncenter size-large wp-image-143782 lazyload\" alt=\"\" width=\"1024\" height=\"768\" src=\"https:\/\/www.europesays.com\/be-fr\/wp-content\/uploads\/2026\/06\/matt-pokora-bonne-1024x768.jpg\"  data- data-eio-rwidth=\"1024\" data-eio-rheight=\"768\"\/><img fetchpriority=\"high\" decoding=\"async\" class=\"aligncenter size-large wp-image-143782\" src=\"https:\/\/www.europesays.com\/be-fr\/wp-content\/uploads\/2026\/06\/matt-pokora-bonne-1024x768.jpg\" alt=\"\" width=\"1024\" height=\"768\"   data-eio=\"l\"\/><\/a>Malgr\u00e9 des temp\u00e9ratures caniculaires et le maintien de la vigilance rouge, la premi\u00e8re \u00e9dition du Colombi\u00e8re Open Air a bien eu lieu ce samedi 27 juin 2026 \u00e0 \u00c9pinal. L\u2019\u00e9v\u00e9nement, dont le d\u00e9but a \u00e9t\u00e9 repouss\u00e9 afin de s\u2019adapter aux conditions m\u00e9t\u00e9orologiques, a rassembl\u00e9 pr\u00e8s de 5 000 spectateurs venus assister au concert de Matt Pokora.<\/p>\n<p class=\"isSelectedEnd\">Avant l\u2019entr\u00e9e tr\u00e8s attendue de l\u2019artiste sur sc\u00e8ne, le festival a choisi de mettre \u00e0 l\u2019honneur les talents locaux. Une vingtaine de jeunes danseuses et danseurs de la Danse Moderne Academy (DMA) et de K&amp;Move ont assur\u00e9 la premi\u00e8re partie du spectacle.<\/p>\n<p class=\"isSelectedEnd\">Pendant pr\u00e8s d\u2019une demi-heure, les deux \u00e9coles ont offert une prestation dynamique et \u00e9nergique devant un public d\u00e9j\u00e0 nombreux. Une exp\u00e9rience inoubliable pour ces jeunes artistes, qui ont eu l\u2019opportunit\u00e9 de se produire sur une grande sc\u00e8ne avant l\u2019arriv\u00e9e de Matt Pokora.<\/p>\n<p>Lorsque le chanteur a finalement fait son apparition, l\u2019ambiance est rapidement mont\u00e9e d\u2019un cran. Les milliers de spectateurs pr\u00e9sents ont r\u00e9serv\u00e9 un accueil chaleureux \u00e0 l\u2019artiste, marquant ainsi le coup d\u2019envoi r\u00e9ussi de cette premi\u00e8re \u00e9dition du Colombi\u00e8re Open Air, malgr\u00e9 un contexte climatique exceptionnel.<\/p>\n","protected":false},"excerpt":{"rendered":"Malgr\u00e9 des temp\u00e9ratures caniculaires et le maintien de la vigilance rouge, la premi\u00e8re \u00e9dition du Colombi\u00e8re Open Air&hellip;\n","protected":false},"author":2,"featured_media":156703,"comment_status":"","ping_status":"","sticky":false,"template":"","format":"standard","meta":{"footnotes":"","_share_on_mastodon":"0"},"categories":[98],"tags":[12,13,18,17,17646,50282,366,3986,50283,96,35276,95,20853,50284,2673,6545,50285,50286,29607,107,108,50287,1173,195,4195,50214,7951],"class_list":["post-156702","post","type-post","status-publish","format-standard","has-post-thumbnail","category-musique","tag-be","tag-be-fr","tag-belgique","tag-belgium","tag-canicule","tag-colombiere-open-air","tag-concert","tag-danse","tag-danse-moderne-academy","tag-divertissement","tag-dma","tag-entertainment","tag-epinal","tag-evenement-culturel","tag-festival","tag-grand-est","tag-jeunes-danseurs","tag-kmove","tag-matt-pokora","tag-music","tag-musique","tag-premiere-edition","tag-public","tag-scene","tag-spectacle","tag-vigilance-rouge","tag-vosges"],"share_on_mastodon":{"url":"https:\/\/pubeurope.com\/@be_fr\/116826294729771647","error":""},"_links":{"self":[{"href":"https:\/\/www.europesays.com\/be-fr\/wp-json\/wp\/v2\/posts\/156702","targetHints":{"allow":["GET"]}}],"collection":[{"href":"https:\/\/www.europesays.com\/be-fr\/wp-json\/wp\/v2\/posts"}],"about":[{"href":"https:\/\/www.europesays.com\/be-fr\/wp-json\/wp\/v2\/types\/post"}],"author":[{"embeddable":true,"href":"https:\/\/www.europesays.com\/be-fr\/wp-json\/wp\/v2\/users\/2"}],"replies":[{"embeddable":true,"href":"https:\/\/www.europesays.com\/be-fr\/wp-json\/wp\/v2\/comments?post=156702"}],"version-history":[{"count":0,"href":"https:\/\/www.europesays.com\/be-fr\/wp-json\/wp\/v2\/posts\/156702\/revisions"}],"wp:featuredmedia":[{"embeddable":true,"href":"https:\/\/www.europesays.com\/be-fr\/wp-json\/wp\/v2\/media\/156703"}],"wp:attachment":[{"href":"https:\/\/www.europesays.com\/be-fr\/wp-json\/wp\/v2\/media?parent=156702"}],"wp:term":[{"taxonomy":"category","embeddable":true,"href":"https:\/\/www.europesays.com\/be-fr\/wp-json\/wp\/v2\/categories?post=156702"},{"taxonomy":"post_tag","embeddable":true,"href":"https:\/\/www.europesays.com\/be-fr\/wp-json\/wp\/v2\/tags?post=156702"}],"curies":[{"name":"wp","href":"https:\/\/api.w.org\/{rel}","templated":true}]}}