{"id":157406,"date":"2026-06-28T17:20:19","date_gmt":"2026-06-28T17:20:19","guid":{"rendered":"https:\/\/www.europesays.com\/be-fr\/157406\/"},"modified":"2026-06-28T17:20:19","modified_gmt":"2026-06-28T17:20:19","slug":"eva-green-a-ete-hospitalisee-durgences-apres-un-accident-de-tournage-sur-mercredi-cetait-vraiment-horrible","status":"publish","type":"post","link":"https:\/\/www.europesays.com\/be-fr\/157406\/","title":{"rendered":"Eva Green a \u00e9t\u00e9 hospitalis\u00e9e d\u2019urgences apr\u00e8s un accident de tournage sur \u00ab\u00a0Mercredi\u00a0\u00bb : \u201cC\u2019\u00e9tait vraiment horrible\u201d"},"content":{"rendered":"<p class=\"ap-StoryElement ap-StoryElement--mb ap-StoryText\">Une grosse frayeur. En plein tournage de la saison 3 de la s\u00e9rie Mercredi, diffus\u00e9e sur Netflix, l&rsquo;actrice fran\u00e7aise Eva Green a \u00e9t\u00e9 victime d&rsquo;une mauvaise chute et s&rsquo;est bless\u00e9e \u00e0 la jambe. \u00ab\u00a0C&rsquo;\u00e9tait vraiment horrible\u00a0\u00bb, raconte une personne pr\u00e9sente au Sun. \u00ab\u00a0Eva s&rsquo;est bless\u00e9e et souffrait visiblement, et les producteurs ne voulaient prendre aucun risque. Les secours ont \u00e9t\u00e9 appel\u00e9s et Eva a \u00e9t\u00e9 transport\u00e9e \u00e0 l&rsquo;h\u00f4pital. Elle a re\u00e7u des soins et se r\u00e9tablit bien.\u00a0\u00bb<\/p>\n","protected":false},"excerpt":{"rendered":"Une grosse frayeur. En plein tournage de la saison 3 de la s\u00e9rie Mercredi, diffus\u00e9e sur Netflix, l&rsquo;actrice&hellip;\n","protected":false},"author":2,"featured_media":157407,"comment_status":"","ping_status":"","sticky":false,"template":"","format":"standard","meta":{"footnotes":"","_share_on_mastodon":"0"},"categories":[83],"tags":[4564,12,13,18,17,96,95,10861,17616,11252,2286,561],"class_list":["post-157406","post","type-post","status-publish","format-standard","has-post-thumbnail","category-divertissement","tag-accident","tag-be","tag-be-fr","tag-belgique","tag-belgium","tag-divertissement","tag-entertainment","tag-eva-green","tag-hospitalisee","tag-mercredi","tag-tournage","tag-urgences"],"share_on_mastodon":{"url":"https:\/\/pubeurope.com\/@be_fr\/116828886337040646","error":""},"_links":{"self":[{"href":"https:\/\/www.europesays.com\/be-fr\/wp-json\/wp\/v2\/posts\/157406","targetHints":{"allow":["GET"]}}],"collection":[{"href":"https:\/\/www.europesays.com\/be-fr\/wp-json\/wp\/v2\/posts"}],"about":[{"href":"https:\/\/www.europesays.com\/be-fr\/wp-json\/wp\/v2\/types\/post"}],"author":[{"embeddable":true,"href":"https:\/\/www.europesays.com\/be-fr\/wp-json\/wp\/v2\/users\/2"}],"replies":[{"embeddable":true,"href":"https:\/\/www.europesays.com\/be-fr\/wp-json\/wp\/v2\/comments?post=157406"}],"version-history":[{"count":0,"href":"https:\/\/www.europesays.com\/be-fr\/wp-json\/wp\/v2\/posts\/157406\/revisions"}],"wp:featuredmedia":[{"embeddable":true,"href":"https:\/\/www.europesays.com\/be-fr\/wp-json\/wp\/v2\/media\/157407"}],"wp:attachment":[{"href":"https:\/\/www.europesays.com\/be-fr\/wp-json\/wp\/v2\/media?parent=157406"}],"wp:term":[{"taxonomy":"category","embeddable":true,"href":"https:\/\/www.europesays.com\/be-fr\/wp-json\/wp\/v2\/categories?post=157406"},{"taxonomy":"post_tag","embeddable":true,"href":"https:\/\/www.europesays.com\/be-fr\/wp-json\/wp\/v2\/tags?post=157406"}],"curies":[{"name":"wp","href":"https:\/\/api.w.org\/{rel}","templated":true}]}}