{"id":159252,"date":"2026-06-30T09:40:24","date_gmt":"2026-06-30T09:40:24","guid":{"rendered":"https:\/\/www.europesays.com\/be-fr\/159252\/"},"modified":"2026-06-30T09:40:24","modified_gmt":"2026-06-30T09:40:24","slug":"drame-de-strepy-la-defense-de-paolo-falzone-saisit-la-cour-de-cassation-apres-sa-condamnation-a-27-ans","status":"publish","type":"post","link":"https:\/\/www.europesays.com\/be-fr\/159252\/","title":{"rendered":"Drame de Str\u00e9py : La d\u00e9fense de Paolo Falzone saisit la Cour de cassation apr\u00e8s sa condamnation \u00e0 27 ans"},"content":{"rendered":"<p>La qualification des faits toujours contest\u00e9e<\/p>\n<p class=\"ap-StoryElement ap-StoryElement--mb ap-StoryText\">\u00ab\u00a0Cela fait quatre ans que nous contestons l&rsquo;intention de tuer. Il \u00e9tait donc logique que nous allions jusqu&rsquo;au bout de la proc\u00e9dure et que nous soyons cons\u00e9quents avec notre position\u00a0\u00bb, explique \u00e0 RTL Info Me Discepoli, l&rsquo;un des avocats de Paolo Falzone.<\/p>\n<p><img loading=\"lazy\" decoding=\"async\" class=\"w-full lazyload lazyload--opacity object-contain\" style=\"aspect-ratio:150 \/ 100;opacity:1\" alt=\"MONS, BELGIUM - JUNE 17 :  Frank Discepoli, lawyer of Paolo Falzone pictured the day of the sentencing of the P. and A.  Falzone trial : the trial concerns the Str\u00e9py-Bracquegnies tragedy of 2022, in which a car crashed into a carnival procession, killing seven people and injuring many others on June 17, 2026 in Mons, Belgium, 17\/06\/2026 ( Photo by Philip Reynaers \/ Photonews\" width=\"768\" height=\"512\" fetchpriority=\"auto\" src=\"https:\/\/www.europesays.com\/be-fr\/wp-content\/uploads\/2026\/06\/1782812423_913_S5VKD3X55FFF3BW6V4SEHXNP7I.png\"  data- data-optimumx=\"1\"\/><img loading=\"lazy\" decoding=\"async\" src=\"https:\/\/www.europesays.com\/be-fr\/wp-content\/uploads\/2026\/06\/1782812424_146_VNMQHZCWIRCKJELR6NHJMRNOBE.JPG\" width=\"768\" height=\"512\" alt=\"MONS, BELGIUM - JUNE 17 :  Frank Discepoli, lawyer of Paolo Falzone pictured the day of the sentencing of the P. and A.  Falzone trial : the trial concerns the Str\u00e9py-Bracquegnies tragedy of 2022, in which a car crashed into a carnival procession, killing seven people and injuring many others on June 17, 2026 in Mons, Belgium, 17\/06\/2026 ( Photo by Philip Reynaers \/ Photonews\" class=\"absolute inset-0 w-full\"\/>MONS, BELGIUM &#8211; JUNE 17 :  Frank Discepoli, lawyer of Paolo Falzone pictured the day of the sentencing of the P. and A.  Falzone trial : the trial concerns the Str\u00e9py-Bracquegnies tragedy of 2022, in which a car crashed into a carnival procession, killing seven people and injuring many others on June 17, 2026 in Mons, Belgium, 17\/06\/2026 ( Photo by Philip Reynaers \/ Photonews \u00a9PRE<\/p>\n<p class=\"ap-StoryElement ap-StoryElement--mb ap-StoryText\">L&rsquo;avocat insiste toutefois sur un point : son client ne conteste pas sa responsabilit\u00e9 dans le drame qui a co\u00fbt\u00e9 la vie \u00e0 sept personnes et fait de nombreux bless\u00e9s le 20 mars 2022. \u00ab\u00a0Nous allons soumettre \u00e0 la Cour de cassation la question de l&rsquo;intention homicide telle qu&rsquo;elle a \u00e9t\u00e9 retenue par la cour d&rsquo;assises. R\u00e9p\u00e9tons que la responsabilit\u00e9 de Monsieur Falzone n&rsquo;est nullement contest\u00e9e. Seule l&rsquo;est la qualification des faits.\u00a0\u00bb<\/p>\n<p class=\"ap-StoryElement ap-StoryElement--mb ap-StoryText\">Lors du proc\u00e8s, le jury populaire et les magistrats avaient estim\u00e9 que Paolo Falzone avait bien agi avec une intention homicide, sans toutefois retenir la pr\u00e9m\u00e9ditation. Il avait \u00e9t\u00e9 reconnu coupable de sept meurtres et de 79 tentatives de meurtre avant d&rsquo;\u00eatre condamn\u00e9 \u00e0 27 ans de r\u00e9clusion criminelle, soit la peine requise par le minist\u00e8re public. La d\u00e9fense avait, pour sa part, demand\u00e9 aux jur\u00e9s de ne pas d\u00e9passer une peine de 25 ans.<\/p>\n<p>La Cour de cassation ne rejugera pas le dossier<\/p>\n<p class=\"ap-StoryElement ap-StoryElement--mb ap-StoryText\">Le pourvoi introduit par la d\u00e9fense ne permettra pas de revenir sur les t\u00e9moignages ou les \u00e9l\u00e9ments de preuve examin\u00e9s pendant le proc\u00e8s. Les magistrats de la Cour de cassation v\u00e9rifieront uniquement si les r\u00e8gles de droit ont \u00e9t\u00e9 respect\u00e9es et si la motivation de l&rsquo;arr\u00eat est conforme aux exigences l\u00e9gales.<\/p>\n<p class=\"ap-StoryElement ap-StoryElement--mb ap-StoryText\">Si le pourvoi est rejet\u00e9, la condamnation deviendra d\u00e9finitive. Si, en revanche, la Cour casse l&rsquo;arr\u00eat, l&rsquo;affaire pourrait \u00eatre renvoy\u00e9e devant une nouvelle cour d&rsquo;assises, qui serait alors charg\u00e9e de rejuger le dossier sur les points concern\u00e9s.<\/p>\n","protected":false},"excerpt":{"rendered":"La qualification des faits toujours contest\u00e9e \u00ab\u00a0Cela fait quatre ans que nous contestons l&rsquo;intention de tuer. Il \u00e9tait&hellip;\n","protected":false},"author":2,"featured_media":159253,"comment_status":"","ping_status":"","sticky":false,"template":"","format":"standard","meta":{"footnotes":"","_share_on_mastodon":"0"},"categories":[2],"tags":[37220,41,12,13,18,17,5366,1145,37221,37222,37223,7867,3495,37224,37225,13100,13466,934,3216,2322,11825,2517,1072,48071,48072,18552,6126,24229],"class_list":["post-159252","post","type-post","status-publish","format-standard","has-post-thumbnail","category-belgique","tag-philip_reynaers-mons","tag-41","tag-be","tag-be-fr","tag-belgique","tag-belgium","tag-bergen","tag-carnaval","tag-carnival","tag-carnival-parade","tag-cortege-carnavalesque","tag-drama","tag-drame","tag-folklore","tag-gille","tag-gilles","tag-jury","tag-justice","tag-justitie","tag-mons","tag-peine","tag-philip-reynaers","tag-proces","tag-strafbepaling","tag-strafmaat","tag-tragedie","tag-tragedy","tag-verdict"],"share_on_mastodon":{"url":"https:\/\/pubeurope.com\/@be_fr\/116838401881746159","error":""},"_links":{"self":[{"href":"https:\/\/www.europesays.com\/be-fr\/wp-json\/wp\/v2\/posts\/159252","targetHints":{"allow":["GET"]}}],"collection":[{"href":"https:\/\/www.europesays.com\/be-fr\/wp-json\/wp\/v2\/posts"}],"about":[{"href":"https:\/\/www.europesays.com\/be-fr\/wp-json\/wp\/v2\/types\/post"}],"author":[{"embeddable":true,"href":"https:\/\/www.europesays.com\/be-fr\/wp-json\/wp\/v2\/users\/2"}],"replies":[{"embeddable":true,"href":"https:\/\/www.europesays.com\/be-fr\/wp-json\/wp\/v2\/comments?post=159252"}],"version-history":[{"count":0,"href":"https:\/\/www.europesays.com\/be-fr\/wp-json\/wp\/v2\/posts\/159252\/revisions"}],"wp:featuredmedia":[{"embeddable":true,"href":"https:\/\/www.europesays.com\/be-fr\/wp-json\/wp\/v2\/media\/159253"}],"wp:attachment":[{"href":"https:\/\/www.europesays.com\/be-fr\/wp-json\/wp\/v2\/media?parent=159252"}],"wp:term":[{"taxonomy":"category","embeddable":true,"href":"https:\/\/www.europesays.com\/be-fr\/wp-json\/wp\/v2\/categories?post=159252"},{"taxonomy":"post_tag","embeddable":true,"href":"https:\/\/www.europesays.com\/be-fr\/wp-json\/wp\/v2\/tags?post=159252"}],"curies":[{"name":"wp","href":"https:\/\/api.w.org\/{rel}","templated":true}]}}