{"id":160561,"date":"2026-07-01T10:12:10","date_gmt":"2026-07-01T10:12:10","guid":{"rendered":"https:\/\/www.europesays.com\/be-fr\/160561\/"},"modified":"2026-07-01T10:12:10","modified_gmt":"2026-07-01T10:12:10","slug":"desactivez-le-paiement-sans-contact-voici-comment-dejouer-les-pickpockets-dans-les-festivals-cet-ete","status":"publish","type":"post","link":"https:\/\/www.europesays.com\/be-fr\/160561\/","title":{"rendered":"\u00ab\u00a0D\u00e9sactivez le paiement sans contact\u00a0\u00bb\u00a0: voici comment d\u00e9jouer les pickpockets dans les festivals cet \u00e9t\u00e9"},"content":{"rendered":"<p><a href=\"https:\/\/www.dhnet.be\/regions\/bruxelles\/2026\/06\/12\/davantage-de-vols-a-letalage-de-pickpockets-et-dagressions-les-commercants-de-la-rue-du-bailli-tirent-la-sonnette-dalarme-OGMF3Y2EB5ANJLL2YTMAY6TNXY\/\" target=\"_self\" class=\"ap-StoryInterstitialLink ap-StoryElement ap-StoryElement--mb js-paywall-target\" rel=\"nofollow noopener\">\u00ab\u00a0Davantage de vols \u00e0 l&rsquo;\u00e9talage, de pickpockets et d&rsquo;agressions\u00a0\u00bb : les commer\u00e7ants de la rue du Bailli tirent la sonnette d&rsquo;alarme<\/a><\/p>\n<p class=\"ap-StoryElement ap-StoryElement--mb ap-StoryText\">\u00ab\u00a0Les pickpockets imaginent toutes sortes de sc\u00e9narios. Ils travaillent souvent en \u00e9quipe : l&rsquo;un d&rsquo;eux distrait la victime tandis qu&rsquo;un complice proc\u00e8de au vol et un troisi\u00e8me s&rsquo;en va avec le butin\u00a0\u00bb, indique le SPF Int\u00e9rieur.<\/p>\n<p>Les t\u00e9l\u00e9phones, une mine d&rsquo;or<\/p>\n<p class=\"ap-StoryElement ap-StoryElement--mb ap-StoryText\">Les cibles privil\u00e9gi\u00e9es des voleurs restent les cartes bancaires et les portefeuilles, mais de plus en plus aussi les smartphones pour les donn\u00e9es sensibles qu&rsquo;ils h\u00e9bergent : applications bancaires, donn\u00e9es personnelles et documents d&rsquo;identit\u00e9 num\u00e9rique.<\/p>\n<p class=\"ap-StoryElement ap-StoryElement--mb ap-StoryText\">Face \u00e0 ce risque, le SPF Int\u00e9rieur \u00e9met plusieurs recommandations. La premi\u00e8re : garder sur soi le strict minimum. \u00ab\u00a0Montres de valeur, bijoux co\u00fbteux, documents inutiles : laissez \u00e0 la maison tout ce dont vous n&rsquo;avez pas besoin. Moins vous transportez d&rsquo;objets de valeur, moins vous risquez de subir un pr\u00e9judice.\u00a0\u00bb<\/p>\n<p><a href=\"https:\/\/www.dhnet.be\/actu\/faits\/2026\/06\/30\/il-retrouve-le-voleur-de-ses-6000-euros-et-le-frappe-qui-a-finalement-ete-le-plus-lourdement-condamne-H6OMFJDJGVFMJKDC42672A755I\/\" target=\"_self\" class=\"ap-StoryInterstitialLink ap-StoryElement ap-StoryElement--mb\" rel=\"nofollow noopener\">Il retrouve le voleur de ses 6.000 euros et le frappe : qui a finalement \u00e9t\u00e9 le plus lourdement condamn\u00e9 ?<\/a><\/p>\n<p class=\"ap-StoryElement ap-StoryElement--mb ap-StoryText\">C\u00f4t\u00e9 paiements, mieux vaut privil\u00e9gier le sans-esp\u00e8ces lorsque c&rsquo;est possible, et limiter le liquide emport\u00e9 au strict n\u00e9cessaire. Les autorit\u00e9s conseillent aussi de r\u00e9duire temporairement les plafonds de paiement de sa carte, voire de d\u00e9sactiver le paiement sans contact. \u00ab\u00a0Selon les param\u00e8tres bancaires, plusieurs transactions peuvent en effet \u00eatre effectu\u00e9es avant qu&rsquo;un code PIN ne soit demand\u00e9.\u00a0\u00bb<\/p>\n<p>\u00ab\u00a0Poches ferm\u00e9es et sacs pr\u00e8s du corps\u00a0\u00bb<\/p>\n<p class=\"ap-StoryElement ap-StoryElement--mb ap-StoryText\">Le choix des v\u00eatements et du sac compte \u00e9galement. \u00ab\u00a0Les poches ferm\u00e9es par une fermeture \u00e9clair et les sacs port\u00e9s pr\u00e8s du corps constituent une protection efficace. Les sacs port\u00e9s dans le dos et les poches arri\u00e8re restent des cibles privil\u00e9gi\u00e9es pour les pickpockets\u00a0\u00bb, ajoutent les autorit\u00e9s.<\/p>\n<p class=\"ap-StoryElement ap-StoryElement--mb ap-StoryText\">Dernier r\u00e9flexe \u00e0 adopter avant de partir : noter le num\u00e9ro IMEI de son smartphone, accessible via la combinaison *#06#. En cas de vol, cette information permet \u00e0 la police et aux op\u00e9rateurs t\u00e9l\u00e9com de bloquer ou retracer l&rsquo;appareil plus rapidement. \u00c0 garder en t\u00eate aussi : en cas de vol av\u00e9r\u00e9, mieux vaut porter plainte sans tarder et <a href=\"https:\/\/www.dhnet.be\/actu\/belgique\/2026\/06\/22\/fraudstop-pour-lutter-contre-la-fraude-en-ligne-ne-communiquez-jamais-vos-donnees-personnelles-KWLJJXT4TZF23O7KEGMQ3PKLNA\/\" target=\"_self\" rel=\"nofollow noopener\">bloquer ses cartes bancaires<\/a> dans la foul\u00e9e, deux r\u00e9flexes simples qui peuvent limiter les d\u00e9g\u00e2ts.<\/p>\n<p><a href=\"https:\/\/www.dhnet.be\/actu\/belgique\/2026\/06\/27\/les-festivals-sadaptent-mais-se-maintiennent-malgre-la-canicule-la-canicule-nous-prive-des-flammes-mais-pas-de-notre-flamme-NDZMUV7GQJFVHDLKJA7XAAPAFM\/\" target=\"_self\" class=\"ap-StoryInterstitialLink ap-StoryElement ap-StoryElement--mb\" rel=\"nofollow noopener\">Les festivals s&rsquo;adaptent mais se maintiennent malgr\u00e9 la canicule: \u00ab\u00a0La canicule nous prive des flammes, mais pas de notre flamme\u00a0\u00bb<\/a><\/p>\n","protected":false},"excerpt":{"rendered":"\u00ab\u00a0Davantage de vols \u00e0 l&rsquo;\u00e9talage, de pickpockets et d&rsquo;agressions\u00a0\u00bb : les commer\u00e7ants de la rue du Bailli tirent&hellip;\n","protected":false},"author":2,"featured_media":160562,"comment_status":"","ping_status":"","sticky":false,"template":"","format":"standard","meta":{"footnotes":"","_share_on_mastodon":"0"},"categories":[2],"tags":[4609,12,13,18,17,51222],"class_list":["post-160561","post","type-post","status-publish","format-standard","has-post-thumbnail","category-belgique","tag-aubange","tag-be","tag-be-fr","tag-belgique","tag-belgium","tag-tribunal-correctionnel-darlon"],"share_on_mastodon":{"url":"https:\/\/pubeurope.com\/@be_fr\/116844189941419415","error":""},"_links":{"self":[{"href":"https:\/\/www.europesays.com\/be-fr\/wp-json\/wp\/v2\/posts\/160561","targetHints":{"allow":["GET"]}}],"collection":[{"href":"https:\/\/www.europesays.com\/be-fr\/wp-json\/wp\/v2\/posts"}],"about":[{"href":"https:\/\/www.europesays.com\/be-fr\/wp-json\/wp\/v2\/types\/post"}],"author":[{"embeddable":true,"href":"https:\/\/www.europesays.com\/be-fr\/wp-json\/wp\/v2\/users\/2"}],"replies":[{"embeddable":true,"href":"https:\/\/www.europesays.com\/be-fr\/wp-json\/wp\/v2\/comments?post=160561"}],"version-history":[{"count":0,"href":"https:\/\/www.europesays.com\/be-fr\/wp-json\/wp\/v2\/posts\/160561\/revisions"}],"wp:featuredmedia":[{"embeddable":true,"href":"https:\/\/www.europesays.com\/be-fr\/wp-json\/wp\/v2\/media\/160562"}],"wp:attachment":[{"href":"https:\/\/www.europesays.com\/be-fr\/wp-json\/wp\/v2\/media?parent=160561"}],"wp:term":[{"taxonomy":"category","embeddable":true,"href":"https:\/\/www.europesays.com\/be-fr\/wp-json\/wp\/v2\/categories?post=160561"},{"taxonomy":"post_tag","embeddable":true,"href":"https:\/\/www.europesays.com\/be-fr\/wp-json\/wp\/v2\/tags?post=160561"}],"curies":[{"name":"wp","href":"https:\/\/api.w.org\/{rel}","templated":true}]}}