{"id":160847,"date":"2026-07-01T14:22:31","date_gmt":"2026-07-01T14:22:31","guid":{"rendered":"https:\/\/www.europesays.com\/be-fr\/160847\/"},"modified":"2026-07-01T14:22:31","modified_gmt":"2026-07-01T14:22:31","slug":"soldes-dete-si-meme-la-justice-met-a-genoux-les-petits-commercants-comment-pourront-ils-se-defendre-face-aux-geants-de-le-commerce","status":"publish","type":"post","link":"https:\/\/www.europesays.com\/be-fr\/160847\/","title":{"rendered":"Soldes d&rsquo;\u00e9t\u00e9\u00a0: si m\u00eame la justice met \u00e0 genoux les petits commer\u00e7ants, comment pourront-ils se d\u00e9fendre face aux g\u00e9ants de l&rsquo;e-commerce\u00a0?"},"content":{"rendered":"<p class=\"ap-StoryElement ap-StoryElement--mb ap-StoryText\">Le mois de juillet commence, et voil\u00e0 le retour des soldes d&rsquo;\u00e9t\u00e9. Je n&rsquo;ai que 33 ans, mais j&rsquo;ai encore connu l&rsquo;\u00e9poque o\u00f9 il s&rsquo;agissait d&rsquo;un rendez-vous immanquable pour les familles. Nos parents nous obligeaient \u00e0 faire les boutiques pour \u2013 d\u00e9j\u00e0 \u2013 penser \u00e0 une tenue pour la rentr\u00e9e, ou compl\u00e9ter les valises en vue du d\u00e9part en vacances.<\/p>\n<p class=\"ap-StoryElement ap-StoryElement--mb ap-StoryText\">Les affaires \u00e9taient bonnes, les rayons des magasins rapidement vid\u00e9s, et les commer\u00e7ants satisfaits. Mais les temps ont chang\u00e9. On ne va pas tomber dans le \u00ab\u00a0c&rsquo;\u00e9tait mieux avant\u00a0\u00bb, ou faire la chasse \u00e0 ceux qui ach\u00e8tent sur internet, ce serait d&rsquo;ailleurs tr\u00e8s hypocrite.<\/p>\n<p>Pour acc\u00e9der \u00e0 cet article, veuillez vous connecter au r\u00e9seau internet.<\/p>\n","protected":false},"excerpt":{"rendered":"Le mois de juillet commence, et voil\u00e0 le retour des soldes d&rsquo;\u00e9t\u00e9. Je n&rsquo;ai que 33 ans, mais&hellip;\n","protected":false},"author":2,"featured_media":160848,"comment_status":"","ping_status":"","sticky":false,"template":"","format":"standard","meta":{"footnotes":"","_share_on_mastodon":"0"},"categories":[35],"tags":[12,13,18,17,38,37,36,10366],"class_list":["post-160847","post","type-post","status-publish","format-standard","has-post-thumbnail","category-economie","tag-be","tag-be-fr","tag-belgique","tag-belgium","tag-business","tag-economie","tag-economy","tag-humeur"],"share_on_mastodon":{"url":"https:\/\/pubeurope.com\/@be_fr\/116845173125632548","error":""},"_links":{"self":[{"href":"https:\/\/www.europesays.com\/be-fr\/wp-json\/wp\/v2\/posts\/160847","targetHints":{"allow":["GET"]}}],"collection":[{"href":"https:\/\/www.europesays.com\/be-fr\/wp-json\/wp\/v2\/posts"}],"about":[{"href":"https:\/\/www.europesays.com\/be-fr\/wp-json\/wp\/v2\/types\/post"}],"author":[{"embeddable":true,"href":"https:\/\/www.europesays.com\/be-fr\/wp-json\/wp\/v2\/users\/2"}],"replies":[{"embeddable":true,"href":"https:\/\/www.europesays.com\/be-fr\/wp-json\/wp\/v2\/comments?post=160847"}],"version-history":[{"count":0,"href":"https:\/\/www.europesays.com\/be-fr\/wp-json\/wp\/v2\/posts\/160847\/revisions"}],"wp:featuredmedia":[{"embeddable":true,"href":"https:\/\/www.europesays.com\/be-fr\/wp-json\/wp\/v2\/media\/160848"}],"wp:attachment":[{"href":"https:\/\/www.europesays.com\/be-fr\/wp-json\/wp\/v2\/media?parent=160847"}],"wp:term":[{"taxonomy":"category","embeddable":true,"href":"https:\/\/www.europesays.com\/be-fr\/wp-json\/wp\/v2\/categories?post=160847"},{"taxonomy":"post_tag","embeddable":true,"href":"https:\/\/www.europesays.com\/be-fr\/wp-json\/wp\/v2\/tags?post=160847"}],"curies":[{"name":"wp","href":"https:\/\/api.w.org\/{rel}","templated":true}]}}