{"id":160959,"date":"2026-07-01T16:21:21","date_gmt":"2026-07-01T16:21:21","guid":{"rendered":"https:\/\/www.europesays.com\/be-fr\/160959\/"},"modified":"2026-07-01T16:21:21","modified_gmt":"2026-07-01T16:21:21","slug":"le-grand-duc-guillaume-et-la-grande-duchesse-stephanie-recus-pour-la-premiere-fois-a-lelysee-par-emmanuel-macron","status":"publish","type":"post","link":"https:\/\/www.europesays.com\/be-fr\/160959\/","title":{"rendered":"Le grand-duc Guillaume et la grande-duchesse St\u00e9phanie re\u00e7us pour la premi\u00e8re fois \u00e0 l&rsquo;\u00c9lys\u00e9e par Emmanuel Macron"},"content":{"rendered":"<p class=\"wp-block-paragraph\">Le grand-duc Guillaume et la grande-duchesse St\u00e9phanie ont effectu\u00e9 leur sixi\u00e8me visite de courtoisie depuis l\u2019accession de Guillaume au tr\u00f4ne grand-ducal. Les souverains luxembourgeois ont \u00e9t\u00e9 re\u00e7us au palais de l\u2019\u00c9lys\u00e9e par le pr\u00e9sident fran\u00e7ais Emmanuel Macron, ce mercredi. <\/p>\n<p class=\"wp-block-paragraph\">Lire aussi : <a href=\"https:\/\/histoiresroyales.fr\/premiere-garden-party-fete-nationale-grand-duc-guillaume-grande-duchesse-stephanie\/\" rel=\"nofollow noopener\" target=\"_blank\">La premi\u00e8re garden-party du grand-duc Guillaume et de la grande-duchesse St\u00e9phanie au ch\u00e2teau de Berg<\/a><\/p>\n<p>Le grand-duc Guillaume et la grande-duchesse St\u00e9phanie accueillis au palais de l\u2019\u00c9lys\u00e9e par Emmanuel Macron<\/p>\n<p class=\"wp-block-paragraph\">Le 3 octobre 2025, le grand-duc Henri de Luxembourg abdiquait \u00e0 l\u2019\u00e2ge de 70 ans, l\u2019ann\u00e9e de son 25e anniversaire de r\u00e8gne. Son fils Guillaume, qui assurait d\u00e9j\u00e0 la fonction de lieutenant-repr\u00e9sentant depuis un an, est mont\u00e9 sur le tr\u00f4ne grand-ducal au cours d\u2019une journ\u00e9e m\u00e9morable. Apr\u00e8s l\u2019abdication de son p\u00e8re, Guillaume a pr\u00eat\u00e9 serment dans la chambre des d\u00e9put\u00e9s, en tant que nouveau chef d\u2019\u00c9tat. Les c\u00e9l\u00e9brations se sont prolong\u00e9es en soir\u00e9e avec l\u2019organisation du premier gala du r\u00e8gne du grand-duc Guillaume. Le pr\u00e9sident fran\u00e7ais Emmanuel Macron avait assist\u00e9 \u00e0 ce gala, tout comme le pr\u00e9sident allemand, le roi des Belges et le roi des Pays-Bas. <\/p>\n<p><img fetchpriority=\"high\" decoding=\"async\" width=\"934\" height=\"1400\" src=\"https:\/\/www.europesays.com\/be-fr\/wp-content\/uploads\/2026\/07\/president-macron-accueil-visite-de-courtoisie-guillaume-stephanie-934x1400.jpg\" alt=\"\" class=\"wp-image-253186 lazyload\" data-  \/>Le pr\u00e9sident fran\u00e7ais et son \u00e9pouse attendent l\u2019arriv\u00e9e de leurs invit\u00e9s luxembourgeois (Photo : Jean-Claude Ernst\/LUXPRESS)<\/p>\n<p><img loading=\"lazy\" decoding=\"async\" width=\"1300\" height=\"867\" src=\"https:\/\/www.europesays.com\/be-fr\/wp-content\/uploads\/2026\/07\/president-macron-salue-grand-duc-luxembourg-paris-2026.jpg\" alt=\"\" class=\"wp-image-253187 lazyload\" data-  \/>Le chef d\u2019\u00c9tat fran\u00e7ais accueille le nouveau chef d\u2019\u00c9tat luxembourgeois (Photo : Jean-Claude Ernst\/LUXPRESS)<\/p>\n<p><img loading=\"lazy\" decoding=\"async\" width=\"1300\" height=\"867\" src=\"https:\/\/www.europesays.com\/be-fr\/wp-content\/uploads\/2026\/07\/stephanie-de-luxembourg-brigitte-macron-accueil-paris.jpg\" alt=\"\" class=\"wp-image-253189 lazyload\" data-  \/>Le pr\u00e9sident Macron accueille le grand-duc Guillaume \u00e0 l\u2019\u00c9lys\u00e9e (Photo : Jean-Claude Ernst\/LUXPRESS)<\/p>\n<p class=\"wp-block-paragraph\">Lire aussi : <a href=\"https:\/\/histoiresroyales.fr\/grand-duc-guillaume-accueille-premiere-fois-chef-detat-etranger-debut-de-son-regne\/\" rel=\"nofollow noopener\" target=\"_blank\">Le grand-duc Guillaume accueille pour la premi\u00e8re fois un chef d\u2019\u00c9tat \u00e9tranger depuis le d\u00e9but de son r\u00e8gne<\/a><\/p>\n<p class=\"wp-block-paragraph\">Il s\u2019agit ici de la sixi\u00e8me visite de courtoisie que le <a href=\"https:\/\/histoiresroyales.fr\/famille-grand-ducale-luxembourgeoise\/guillaume-de-luxembourg\/\" rel=\"nofollow noopener\" target=\"_blank\">grand-duc Guillaume<\/a>, 44 ans, et la grande-duchesse St\u00e9phanie, 42 ans, effectuent dans le cadre de leurs visites aupr\u00e8s de leurs voisins et amis. Le pr\u00e9sident Emmanuel Macron et son \u00e9pouse Brigitte avaient assist\u00e9 au gala d\u2019intronisation de Guillaume. Ce 1er juillet, le couple pr\u00e9sidentiel fran\u00e7ais accueillait pour la premi\u00e8re fois Guillaume et St\u00e9phanie en tant que souverains au palais de l\u2019\u00c9lys\u00e9e. L\u2019\u00c9lys\u00e9e a \u00e9galement une histoire commune avec celle de la famille de Guillaume. La derni\u00e8re occupante de cet h\u00f4tel particulier, avant la R\u00e9volution, fut la princesse Bathilde d\u2019Orl\u00e9ans, princesse de Cond\u00e9. La princesse Bathilde \u00e9tait une descendante de Louis XIV, tout comme le grand-duc Guillaume. Elle \u00e9tait aussi la tante de Louis-Philippe 1er, qui est un anc\u00eatre du grand-duc Guillaume.<\/p>\n<p><img loading=\"lazy\" decoding=\"async\" width=\"1300\" height=\"867\" src=\"https:\/\/www.europesays.com\/be-fr\/wp-content\/uploads\/2026\/07\/president-francois-baisemain-grande-duchesse-stephanie.jpg\" alt=\"\" class=\"wp-image-253185 lazyload\" data-  \/>Emmanuel Macron fait le baisemain \u00e0 la grande-duchesse St\u00e9phanie (Photo : Jean-Claude Ernst\/LUXPRESS)<\/p>\n<p><img loading=\"lazy\" decoding=\"async\" width=\"1400\" height=\"934\" src=\"https:\/\/www.europesays.com\/be-fr\/wp-content\/uploads\/2026\/07\/grande-duchesse-stephanie-macron-visite-courtoisie.jpg\" alt=\"\" class=\"wp-image-253181 lazyload\" data-  \/>Le couple pr\u00e9sidentiel avait assist\u00e9 au gala d\u2019intronisation de Guillaume en octobre 2025 (Photo : Jean-Claude Ernst\/LUXPRESS)<\/p>\n<p class=\"wp-block-paragraph\">Lire aussi : <a href=\"https:\/\/histoiresroyales.fr\/clin-doeil-royaliste-grande-duchesse-stephanie-tenue-elie-saab-bijoux-de-citrine-espagne\/\" rel=\"nofollow noopener\" target=\"_blank\">Le clin d\u2019\u0153il royaliste de la grande-duchesse St\u00e9phanie avec sa tenue Elie Saab et ses bijoux en citrine en Espagne<\/a><\/p>\n<p>Sixi\u00e8me visite de courtoisie des nouveaux souverains luxembourgeois<\/p>\n<p class=\"wp-block-paragraph\">Le 24 octobre 2025, le grand-duc Guillaume \u00e9tait \u00e0 peine chef d\u2019\u00c9tat depuis vingt jours, qu\u2019il se rendait d\u00e9j\u00e0 en Belgique, accompagn\u00e9 de la grande-duchesse St\u00e9phanie, pour effectuer sa premi\u00e8re visite en tant que nouveau grand-duc de Luxembourg. Le roi des Belges et le grand-duc de Luxembourg \u00e9tant \u00e0 la fois voisins et cousins, la destination de cette premi\u00e8re visite \u00e9tait, sans surprise, Bruxelles. La deuxi\u00e8me visite de courtoisie avait eu lieu en Allemagne, pays voisin du Luxembourg, o\u00f9 le grand-duc Guillaume et la grande-duchesse St\u00e9phanie avaient \u00e9t\u00e9 accueillis par le pr\u00e9sident Frank-Walter Steinmeier, le 27 octobre.<\/p>\n<p><img loading=\"lazy\" decoding=\"async\" width=\"1400\" height=\"917\" src=\"https:\/\/www.europesays.com\/be-fr\/wp-content\/uploads\/2026\/07\/grand-duc-guillaume-legion-dhonneur-accueil-elysee.jpg\" alt=\"\" class=\"wp-image-253180 lazyload\" data-  \/>Premi\u00e8re invitation de Guillaume \u00e0 l\u2019\u00c9lys\u00e9e depuis son accession au tr\u00f4ne grand-ducal (Photo : Jean-Claude Ernst\/LUXPRESS)<\/p>\n<p><img loading=\"lazy\" decoding=\"async\" width=\"1300\" height=\"1918\" src=\"https:\/\/www.europesays.com\/be-fr\/wp-content\/uploads\/2026\/07\/sixieme-visite-courtoisie-souverains-luxembourgeois.jpg\" alt=\"\" class=\"wp-image-253188 lazyload\" data-  \/>Les souverains luxembourgeois au palais de l\u2019\u00c9lys\u00e9e avec Emmanuel Macron (Photo : Jean-Claude Ernst\/LUXPRESS)<\/p>\n<p class=\"wp-block-paragraph\">Lire aussi : <a href=\"https:\/\/histoiresroyales.fr\/stephanie-de-luxembourg-porte-premiere-fois-diademe-belge-banquet-intronisation-guillaume\/\" rel=\"nofollow noopener\" target=\"_blank\">St\u00e9phanie de Luxembourg porte pour la premi\u00e8re fois le diad\u00e8me belge au banquet d\u2019intronisation de Guillaume<\/a><\/p>\n<p class=\"wp-block-paragraph\">Le 19 novembre, le grand-duc Guillaume et la grande-duchesse St\u00e9phanie ont effectu\u00e9 une troisi\u00e8me visite, aux Pays-Bas, cette fois-ci. Les souverains des Pays-Bas et du Luxembourg ont une histoire familiale commune et sont tous deux issus d\u2019une branche de la famille de Nassau. Les Pays-Bas et le Luxembourg forment le Benelux avec la Belgique et m\u00eame s\u2019ils ne partagent pas une fronti\u00e8re commune, les deux pays sont tr\u00e8s proches, diplomatiquement et g\u00e9ographiquement. <\/p>\n<p><img loading=\"lazy\" decoding=\"async\" width=\"1400\" height=\"934\" src=\"https:\/\/www.europesays.com\/be-fr\/wp-content\/uploads\/2026\/07\/guillaume-stephanie-emmanuel-macron-luxembourg-brigitte.jpg\" alt=\"\" class=\"wp-image-253182 lazyload\" data-  \/>Le grand-duc Guillaume, le pr\u00e9sident Emmanuel Macron, la grande-duchesse St\u00e9phanie et Brigitte Macron sur le perron de l\u2019\u00c9lys\u00e9e (Photo : Jean-Claude Ernst\/LUXPRESS)<\/p>\n<p><img loading=\"lazy\" decoding=\"async\" width=\"1300\" height=\"867\" src=\"https:\/\/www.europesays.com\/be-fr\/wp-content\/uploads\/2026\/07\/couple-presidentiel-couple-grand-ducal-elysee-souverains-lux-paris.jpg\" alt=\"\" class=\"wp-image-253177 lazyload\" data-  \/>Le grand-duc Guillaume et le pr\u00e9sident Macron scellent l\u2019amiti\u00e9 franco-luxembourgeoise (Photo : Jean-Claude Ernst\/LUXPRESS)<\/p>\n<p class=\"wp-block-paragraph\">La quatri\u00e8me visite et la cinqui\u00e8me visite de courtoisie avaient une autre importance, probablement plus symboliques. Les nouveaux souverains ont rencontr\u00e9 le pape L\u00e9on XIV au Vatican le 23 janvier 2026, puis ils ont rencontr\u00e9 le roi Felipe VI et la reine Letizia d\u2019Espagne le 5 mars 2026. La visite au Vatican rappelle la proximit\u00e9 de la famille grand-ducale avec le Saint-Si\u00e8ge et le privil\u00e8ge du blanc accord\u00e9 \u00e0 la grande-duchesse de Luxembourg en sa qualit\u00e9 de souveraine catholique. Quant \u00e0 la visite en Espagne, elle rappelle que le roi Felipe et le grand-duc Guillaume sont aujourd\u2019hui les deux seuls monarques encore en exercice issus de la famille de Bourbon.<\/p>\n<p><img loading=\"lazy\" decoding=\"async\" width=\"1400\" height=\"934\" src=\"https:\/\/www.europesays.com\/be-fr\/wp-content\/uploads\/2026\/07\/fin-visite-couple-grand-ducal-quitte-elysee.jpg\" alt=\"\" class=\"wp-image-253178 lazyload\" data-  \/>Apr\u00e8s leur r\u00e9union, le pr\u00e9sident fran\u00e7ais et son \u00e9pouse raccompagnent leurs invit\u00e9s jusqu\u2019\u00e0 leur voiture (Photo : Jean-Claude Ernst\/LUXPRESS)<\/p>\n<p><img loading=\"lazy\" decoding=\"async\" width=\"1300\" height=\"867\" src=\"https:\/\/www.europesays.com\/be-fr\/wp-content\/uploads\/2026\/07\/macron-salue-couple-grand-ducal-quitte-elysee.jpg\" alt=\"\" class=\"wp-image-253183 lazyload\" data-  \/>Le couple pr\u00e9sidentiel fran\u00e7ais fait signe \u00e0 la voiture du couple grand-ducal qui quitte la cour de l\u2019\u00c9lys\u00e9e (Photo : Jean-Claude Ernst\/LUXPRESS)<\/p>\n<p><img loading=\"lazy\" decoding=\"async\" width=\"934\" height=\"1400\" src=\"https:\/\/www.europesays.com\/be-fr\/wp-content\/uploads\/2026\/07\/fin-visite-courtoisie-macron-lux-934x1400.jpg\" alt=\"\" class=\"wp-image-253179 lazyload\" data-  \/>La voiture du couple grand-ducal quitte le palais de l\u2019\u00c9lys\u00e9e (Photo : Jean-Claude Ernst\/LUXPRESS)<\/p>\n<p>\t\t\t\t<img loading=\"lazy\" alt=\"Avatar photo\" src=\"https:\/\/www.europesays.com\/be-fr\/wp-content\/uploads\/2026\/07\/1782922881_216_cropped-nicolasfontaine-1-164x164.jpg\"  class=\"avatar avatar-164 photo lazyload\" height=\"164\" width=\"164\" decoding=\"async\"\/><br \/>\n\t\t<a href=\"https:\/\/histoiresroyales.fr\/author\/royaliste123\/\" rel=\"nofollow noopener\" target=\"_blank\">Nicolas Fontaine<\/a><br \/>\n\t\t\t\t\tR\u00e9dacteur en chef<\/p>\n<p>Nicolas Fontaine est un journaliste sp\u00e9cialis\u00e9 dans les familles royales et l&rsquo;histoire des monarchies europ\u00e9ennes et mondiales. Nicolas Fontaine a fond\u00e9 Histoires Royales, le premier m\u00e9dia en ligne d\u00e9di\u00e9 \u00e0 l&rsquo;actualit\u00e9 des t\u00eates couronn\u00e9es en 2019.&#13;<br \/>\nnicolas@histoiresroyales.fr<\/p>\n<p>\t\t\t\t\t\t\t<a href=\"https:\/\/twitter.com\/ActusRoyales\" class=\"boxed-icon fill twitter\" target=\"_blank\" rel=\"nofollow noopener\"><\/a><br \/>\n\t\t\t\t\t\t\t\t\t<a href=\"https:\/\/www.instagram.com\/histoiresroyales.fr\/\" class=\"boxed-icon fill instagram\" target=\"_blank\" rel=\"nofollow noopener\"><\/a><\/p>\n<p>\t\t\t\t\t\t\t\t\t\t\t\t\t<script async src=\"https:\/\/platform.twitter.com\/widgets.js\" charset=\"utf-8\"><\/script><script async src=\"\/\/www.instagram.com\/embed.js\"><\/script><\/p>\n","protected":false},"excerpt":{"rendered":"Le grand-duc Guillaume et la grande-duchesse St\u00e9phanie ont effectu\u00e9 leur sixi\u00e8me visite de courtoisie depuis l\u2019accession de Guillaume&hellip;\n","protected":false},"author":2,"featured_media":160960,"comment_status":"","ping_status":"","sticky":false,"template":"","format":"standard","meta":{"footnotes":"","_share_on_mastodon":"0"},"categories":[9],"tags":[12,13,18,17,27958,2562,15850,31,51328,12319,32],"class_list":["post-160959","post","type-post","status-publish","format-standard","has-post-thumbnail","category-international","tag-be","tag-be-fr","tag-belgique","tag-belgium","tag-brigitte-macron","tag-emmanuel-macron","tag-guillaume-de-luxembourg","tag-international","tag-palais-de-lu00c9lysu00e9e","tag-stu00e9phanie-de-luxembourg","tag-world-news"],"share_on_mastodon":{"url":"https:\/\/pubeurope.com\/@be_fr\/116845641064963441","error":""},"_links":{"self":[{"href":"https:\/\/www.europesays.com\/be-fr\/wp-json\/wp\/v2\/posts\/160959","targetHints":{"allow":["GET"]}}],"collection":[{"href":"https:\/\/www.europesays.com\/be-fr\/wp-json\/wp\/v2\/posts"}],"about":[{"href":"https:\/\/www.europesays.com\/be-fr\/wp-json\/wp\/v2\/types\/post"}],"author":[{"embeddable":true,"href":"https:\/\/www.europesays.com\/be-fr\/wp-json\/wp\/v2\/users\/2"}],"replies":[{"embeddable":true,"href":"https:\/\/www.europesays.com\/be-fr\/wp-json\/wp\/v2\/comments?post=160959"}],"version-history":[{"count":0,"href":"https:\/\/www.europesays.com\/be-fr\/wp-json\/wp\/v2\/posts\/160959\/revisions"}],"wp:featuredmedia":[{"embeddable":true,"href":"https:\/\/www.europesays.com\/be-fr\/wp-json\/wp\/v2\/media\/160960"}],"wp:attachment":[{"href":"https:\/\/www.europesays.com\/be-fr\/wp-json\/wp\/v2\/media?parent=160959"}],"wp:term":[{"taxonomy":"category","embeddable":true,"href":"https:\/\/www.europesays.com\/be-fr\/wp-json\/wp\/v2\/categories?post=160959"},{"taxonomy":"post_tag","embeddable":true,"href":"https:\/\/www.europesays.com\/be-fr\/wp-json\/wp\/v2\/tags?post=160959"}],"curies":[{"name":"wp","href":"https:\/\/api.w.org\/{rel}","templated":true}]}}