{"id":161043,"date":"2026-07-01T17:44:17","date_gmt":"2026-07-01T17:44:17","guid":{"rendered":"https:\/\/www.europesays.com\/be-fr\/161043\/"},"modified":"2026-07-01T17:44:17","modified_gmt":"2026-07-01T17:44:17","slug":"les-prix-sont-trop-eleves-le-nouveau-patron-de-la-fed-envoie-un-message-fort-aux-americains","status":"publish","type":"post","link":"https:\/\/www.europesays.com\/be-fr\/161043\/","title":{"rendered":"\u00ab\u00a0Les prix sont trop \u00e9lev\u00e9s\u00a0\u00bb : le nouveau patron de la Fed envoie un message fort aux Am\u00e9ricains"},"content":{"rendered":"<p><a href=\"https:\/\/www.lalibre.be\/economie\/placements\/2026\/07\/01\/wall-street-joue-la-carte-de-la-prudence-avant-une-prise-de-parole-tres-attendue-YBQ4INNFKRBBJPR2EOS5WTXWTI\/\" target=\"_self\" class=\"ap-StoryInterstitialLink ap-StoryElement ap-StoryElement--mb js-paywall-target\" rel=\"nofollow noopener\">Wall Street joue la carte de la prudence avant une prise de parole tr\u00e8s attendue<\/a><\/p>\n<p class=\"ap-StoryElement ap-StoryElement--mb ap-StoryText\">L&rsquo;inflation a bondi aux Etats-Unis sous l&rsquo;effet de l&rsquo;envol\u00e9e des prix de l&rsquo;\u00e9nergie qui a suivi la guerre au Moyen-Orient. Elle a atteint 4,1% sur un an en mai, soit le double de la cible de la Fed.<\/p>\n<p class=\"ap-StoryElement ap-StoryElement--mb ap-StoryText\"><a href=\"https:\/\/www.lalibre.be\/economie\/placements\/2026\/06\/19\/kevin-warsh-a-passe-son-examen-dentree-mais-les-questions-saccumulent-sur-la-tech-FPN224YWLJEHBI32MVUMPGBECQ\/\" target=\"_self\" rel=\"nofollow noopener\">Kevin Warsh<\/a> sait qu&rsquo;il est attendu au tournant en raison du contexte de sa nomination. Il a \u00e9t\u00e9 d\u00e9sign\u00e9 par le pr\u00e9sident Donald Trump, qui a men\u00e9 une campagne de pression contre son pr\u00e9d\u00e9cesseur Jerome Powell.<\/p>\n<p>\u00ab\u00a0Nous sommes une banque centrale ind\u00e9pendante\u00a0\u00bb<\/p>\n<p class=\"ap-StoryElement ap-StoryElement--mb ap-StoryText\"><a href=\"https:\/\/www.lalibre.be\/dossier\/international\/amerique\/2025\/04\/22\/donald-trump-a-la-maison-blanche-6UFFOB4BHJCLNDL7IVLZ43Y75I\/\" target=\"_self\" rel=\"nofollow noopener\">Le locataire de la Maison Blanche<\/a> ne cache pas vouloir des taux d&rsquo;int\u00e9r\u00eat nettement plus bas dans l&rsquo;optique de stimuler l&rsquo;\u00e9conomie. Il minimise r\u00e9guli\u00e8rement le risque qu&rsquo;une telle d\u00e9tente alimente l&rsquo;inflation, que la Fed est charg\u00e9e de combattre.<\/p>\n<p class=\"ap-StoryElement ap-StoryElement--mb ap-StoryText\">Cela a plac\u00e9 une forme de soup\u00e7on originel au-dessus de Kevin Warsh.<\/p>\n<p class=\"ap-StoryElement ap-StoryElement--mb ap-StoryText\">\u00ab\u00a0Cela fait tr\u00e8s longtemps que nous sommes une banque centrale ind\u00e9pendante. Nous restons une banque centrale ind\u00e9pendante aujourd&rsquo;hui, et cela ne changera pas\u00a0\u00bb, a-t-il insist\u00e9 au Portugal.<\/p>\n<p class=\"ap-StoryElement ap-StoryElement--mb ap-StoryText\">\u00ab\u00a0Les prix sont trop \u00e9lev\u00e9s\u00a0\u00bb, a-t-il soulign\u00e9.<\/p>\n<p class=\"ap-StoryElement ap-StoryElement--mb ap-StoryText\">Il a remarqu\u00e9 n\u00e9anmoins que les craintes en mati\u00e8re d&rsquo;inflation s&rsquo;\u00e9taient apais\u00e9es sur les march\u00e9s financiers, sur fond de d\u00e9tente au Moyen-Orient et de reflux des prix de l&rsquo;\u00e9nergie.<\/p>\n<p><a href=\"https:\/\/www.lalibre.be\/economie\/2026\/05\/31\/lex-president-de-la-fed-recoit-un-prix-pour-avoir-resiste-aux-pressions-de-trump-des-annees-dattaques-personnelles-et-de-menaces-3ADBBD43YVHIDJZKGOVKYV7H3A\/\" target=\"_self\" class=\"ap-StoryInterstitialLink ap-StoryElement ap-StoryElement--mb\" rel=\"nofollow noopener\">L&rsquo;ex-pr\u00e9sident de la Fed re\u00e7oit un prix pour avoir r\u00e9sist\u00e9 aux pressions de Trump : \u00ab\u00a0Des ann\u00e9es d&rsquo;attaques personnelles et de menaces\u00a0\u00bb<\/a><\/p>\n<p class=\"ap-StoryElement ap-StoryElement--mb ap-StoryText\">Kevin Warsh a pos\u00e9 comme principe de ne donner aucune indication sur la trajectoire possible de <a href=\"https:\/\/www.lalibre.be\/debats\/opinions\/2025\/08\/28\/la-politique-monetaire-americaine-une-menace-pour-tous-XJMHBCODBBDN5BDRAWL5VZNTDA\/\" target=\"_self\" rel=\"nofollow noopener\">la politique mon\u00e9taire<\/a>, laissant les investisseurs interpr\u00e9ter les donn\u00e9es \u00e9conomiques et chacun de ses propos.<\/p>\n<p class=\"ap-StoryElement ap-StoryElement--mb ap-StoryText\">Le fait qu&rsquo;il insiste sur la volont\u00e9 de retrouver la \u00ab\u00a0stabilit\u00e9 des prix\u00a0\u00bb (ce qui veut dire pour la Fed une inflation limit\u00e9e \u00e0 2%) est vu comme une inflexion \u00ab\u00a0faucon\u00a0\u00bb pouvant pr\u00e9sager un resserrement mon\u00e9taire.<\/p>\n<p class=\"ap-StoryElement ap-StoryElement--mb ap-StoryText\">La banque centrale n&rsquo;a pas touch\u00e9 \u00e0 ses taux d&rsquo;int\u00e9r\u00eat depuis d\u00e9cembre 2025.<\/p>\n","protected":false},"excerpt":{"rendered":"Wall Street joue la carte de la prudence avant une prise de parole tr\u00e8s attendue L&rsquo;inflation a bondi&hellip;\n","protected":false},"author":2,"featured_media":161044,"comment_status":"","ping_status":"","sticky":false,"template":"","format":"standard","meta":{"footnotes":"","_share_on_mastodon":"0"},"categories":[35],"tags":[16675,12,13,18,17,38,34,37,36,24072,852,19790,3291,22436,51342,5986,567],"class_list":["post-161043","post","type-post","status-publish","format-standard","has-post-thumbnail","category-economie","tag-banque-centrale","tag-be","tag-be-fr","tag-belgique","tag-belgium","tag-business","tag-donald-trump","tag-economie","tag-economy","tag-fed","tag-finance","tag-indicateur","tag-inflation","tag-jerome-powell","tag-kevin-warsh","tag-taux","tag-usa"],"share_on_mastodon":{"url":"https:\/\/pubeurope.com\/@be_fr\/116845966919029512","error":""},"_links":{"self":[{"href":"https:\/\/www.europesays.com\/be-fr\/wp-json\/wp\/v2\/posts\/161043","targetHints":{"allow":["GET"]}}],"collection":[{"href":"https:\/\/www.europesays.com\/be-fr\/wp-json\/wp\/v2\/posts"}],"about":[{"href":"https:\/\/www.europesays.com\/be-fr\/wp-json\/wp\/v2\/types\/post"}],"author":[{"embeddable":true,"href":"https:\/\/www.europesays.com\/be-fr\/wp-json\/wp\/v2\/users\/2"}],"replies":[{"embeddable":true,"href":"https:\/\/www.europesays.com\/be-fr\/wp-json\/wp\/v2\/comments?post=161043"}],"version-history":[{"count":0,"href":"https:\/\/www.europesays.com\/be-fr\/wp-json\/wp\/v2\/posts\/161043\/revisions"}],"wp:featuredmedia":[{"embeddable":true,"href":"https:\/\/www.europesays.com\/be-fr\/wp-json\/wp\/v2\/media\/161044"}],"wp:attachment":[{"href":"https:\/\/www.europesays.com\/be-fr\/wp-json\/wp\/v2\/media?parent=161043"}],"wp:term":[{"taxonomy":"category","embeddable":true,"href":"https:\/\/www.europesays.com\/be-fr\/wp-json\/wp\/v2\/categories?post=161043"},{"taxonomy":"post_tag","embeddable":true,"href":"https:\/\/www.europesays.com\/be-fr\/wp-json\/wp\/v2\/tags?post=161043"}],"curies":[{"name":"wp","href":"https:\/\/api.w.org\/{rel}","templated":true}]}}