{"id":161787,"date":"2026-07-02T11:21:11","date_gmt":"2026-07-02T11:21:11","guid":{"rendered":"https:\/\/www.europesays.com\/be-fr\/161787\/"},"modified":"2026-07-02T11:21:11","modified_gmt":"2026-07-02T11:21:11","slug":"tori-spelling-revele-quelle-a-plus-pleure-lors-de-la-mort-de-shannen-doherty-que-celle-de-son-pere","status":"publish","type":"post","link":"https:\/\/www.europesays.com\/be-fr\/161787\/","title":{"rendered":"Tori Spelling r\u00e9v\u00e8le qu\u2019elle a plus pleur\u00e9 lors de la mort de Shannen Doherty que celle de son p\u00e8re"},"content":{"rendered":"<p>Avec le d\u00e9c\u00e8s de Shannen Doherty, en\u00a02024 d\u2019un cancer \u00e0 l\u2019\u00e2ge de 53 ans, Tori Spelling a d\u00fb faire face \u00e0 sa \u00ab\u00a0propre mortalit\u00e9\u00a0\u00bb. Un sentiment qu\u2019elle n\u2019avait pas connu auparavant, malgr\u00e9 <a href=\"https:\/\/www.20minutes.fr\/arts-stars\/people\/4101383-20240715-mort-shannen-doherty-stars-beverly-hills-charmed-saluent-memoire\" target=\"_blank\" class=\"c-link c-link--is-underlined\" rel=\"nofollow noopener\">le d\u00e9c\u00e8s de Luke Perry<\/a>, \u00e0 52 ans d\u2019un AVC en\u00a02022, et de son p\u00e8re, le producteur de la s\u00e9rie Beverly Hills qui les a tous les trois rendus c\u00e9l\u00e8bres, \u00e0 83 ans en\u00a02006.<\/p>\n<p>La m\u00e8re de famille s\u2019est litt\u00e9ralement effondr\u00e9e en larmes en apprenant la mort de Shannen Doherty, un \u00e9tat qu\u2019elle n\u2019avait jamais connu.<\/p>\n<p>\u00ab\u00a0J\u2019ai eu une r\u00e9action plus \u00e9motionnelle et plus visible \u00e0 la mort de Shan qu\u2019\u00e0 celle de mon propre p\u00e8re\u00a0\u00bb, a-t-elle r\u00e9v\u00e9l\u00e9 au <a href=\"https:\/\/www.youtube.com\/watch?v=vBi5xQK09Jk\" rel=\"nofollow noopener\" target=\"_blank\" class=\"c-link c-link--is-underlined\">podcast<\/a> Inside of You with Michael Rosenbaum.<\/p>\n<p>\u00ab\u00a0Un signe de faiblesse\u00a0\u00bb<\/p>\n<p>\u00ab\u00a0Quand elle est d\u00e9c\u00e9d\u00e9e, \u00e7a m\u2019a fait un choc &#8211; et c\u2019est peut-\u00eatre parce qu\u2019on vieillit, et qu\u2019on commence \u00e0 penser \u00e0 sa propre mortalit\u00e9 et \u00e0 ce qui va se passer. Et on se dit\u00a0: \u00ab\u00a0Attends, des amis de mon \u00e2ge nous quittent, et \u00e7a peut arriver \u00e0 n\u2019importe qui\u00a0\u00bb\u00a0\u00bb, a-t-elle raisonn\u00e9. \u00ab\u00a0\u00c7a a \u00e9t\u00e9 tr\u00e8s dur. Vraiment tr\u00e8s dur.\u00a0\u00bb<\/p>\n<p>\u00c0 l\u2019\u00e9poque du d\u00e9c\u00e8s de son p\u00e8re, <a href=\"https:\/\/www.20minutes.fr\/arts-stars\/people\/4217286-20260408-tori-spelling-quatre-enfants-vont-bien-apres-impressionnante-collision-autre-vehicule\" target=\"_blank\" class=\"c-link c-link--is-underlined\" rel=\"nofollow noopener\">Tori Spelling<\/a> \u00e9tait bien plus jeune et dans un \u00e9tat d\u2019esprit diff\u00e9rent. Elle explique que son \u00e9ducation lui avait appris que pleurer \u00e9tait \u00ab\u00a0un signe de faiblesse\u00a0\u00bb. \u00ab\u00a0C\u2019\u00e9tait il y a vingt ans. Je pense que j\u2019avais refoul\u00e9 tous mes sentiments. Je ne savais pas comment g\u00e9rer mes \u00e9motions\u00a0\u00bb, s\u2019est-elle rappel\u00e9e.<\/p>\n<p>La star pensait alors qu\u2019il fallait \u00ab\u00a0simplement continuer \u00e0 vivre\u00a0\u00bb, comme elle se l\u2019est dit au moment de la disparition de Luke Perry. \u00ab\u00a0Quand Luke est d\u00e9c\u00e9d\u00e9, j\u2019\u00e9tais encore dans mon mode\u00a0: \u00ab\u00a0Allez, il faut continuer\u00a0\u00bb. Ce n\u2019est qu\u2019\u00e0 la mort de Shan que je me suis dit\u00a0: \u00ab\u00a0Oh mon Dieu, je ne peux pas m\u2019arr\u00eater de pleurer.\u00a0\u00bb Et \u00e7a ne me ressemble pas du tout.\u00a0\u00bb<\/p>\n","protected":false},"excerpt":{"rendered":"Avec le d\u00e9c\u00e8s de Shannen Doherty, en\u00a02024 d\u2019un cancer \u00e0 l\u2019\u00e2ge de 53 ans, Tori Spelling a d\u00fb&hellip;\n","protected":false},"author":2,"featured_media":161788,"comment_status":"","ping_status":"","sticky":false,"template":"","format":"standard","meta":{"footnotes":"","_share_on_mastodon":"0"},"categories":[102],"tags":[1928,12,13,18,17,26420,89,129,128,756,96,95,109,28863,139],"class_list":["post-161787","post","type-post","status-publish","format-standard","has-post-thumbnail","category-people","tag-actrice","tag-be","tag-be-fr","tag-belgique","tag-belgium","tag-beverly-hills","tag-cancer","tag-celebrities","tag-celebrity","tag-deces","tag-divertissement","tag-entertainment","tag-people","tag-tori-spelling","tag-video"],"share_on_mastodon":{"url":"https:\/\/pubeurope.com\/@be_fr\/116850123481425536","error":""},"_links":{"self":[{"href":"https:\/\/www.europesays.com\/be-fr\/wp-json\/wp\/v2\/posts\/161787","targetHints":{"allow":["GET"]}}],"collection":[{"href":"https:\/\/www.europesays.com\/be-fr\/wp-json\/wp\/v2\/posts"}],"about":[{"href":"https:\/\/www.europesays.com\/be-fr\/wp-json\/wp\/v2\/types\/post"}],"author":[{"embeddable":true,"href":"https:\/\/www.europesays.com\/be-fr\/wp-json\/wp\/v2\/users\/2"}],"replies":[{"embeddable":true,"href":"https:\/\/www.europesays.com\/be-fr\/wp-json\/wp\/v2\/comments?post=161787"}],"version-history":[{"count":0,"href":"https:\/\/www.europesays.com\/be-fr\/wp-json\/wp\/v2\/posts\/161787\/revisions"}],"wp:featuredmedia":[{"embeddable":true,"href":"https:\/\/www.europesays.com\/be-fr\/wp-json\/wp\/v2\/media\/161788"}],"wp:attachment":[{"href":"https:\/\/www.europesays.com\/be-fr\/wp-json\/wp\/v2\/media?parent=161787"}],"wp:term":[{"taxonomy":"category","embeddable":true,"href":"https:\/\/www.europesays.com\/be-fr\/wp-json\/wp\/v2\/categories?post=161787"},{"taxonomy":"post_tag","embeddable":true,"href":"https:\/\/www.europesays.com\/be-fr\/wp-json\/wp\/v2\/tags?post=161787"}],"curies":[{"name":"wp","href":"https:\/\/api.w.org\/{rel}","templated":true}]}}