{"id":161799,"date":"2026-07-02T11:52:21","date_gmt":"2026-07-02T11:52:21","guid":{"rendered":"https:\/\/www.europesays.com\/be-fr\/161799\/"},"modified":"2026-07-02T11:52:21","modified_gmt":"2026-07-02T11:52:21","slug":"metallica-cree-la-surprise-au-pays-de-galle-en-interpretant-un-morceau-interdit","status":"publish","type":"post","link":"https:\/\/www.europesays.com\/be-fr\/161799\/","title":{"rendered":"Metallica cr\u00e9\u00e9 la surprise au Pays de Galle en interpr\u00e9tant un morceau interdit !"},"content":{"rendered":"<p itemprop=\"description\">\u00c0 l\u2019occasion de leur passage au Pays de Galles dans le cadre du M72 World Tour, Metallica a offert un moment totalement inattendu au public du Principality Stadium de Cardiff.<\/p>\n<p class=\"PDq2pG_selectionAnchorContainer\">\u00c0 l\u2019occasion de leur passage au Pays de Galles dans le cadre du M72 World Tour, <a href=\"https:\/\/virginradio.fr\/news\/rock\/8518\/metallica-la-residence-a-la-sphere-de-las-vegas-cartonne-mais-aucune-nouvelle-date-n-est-prevue\" target=\"_blank\" rel=\"noopener nofollow\">Metallica<\/a> a offert un moment totalement inattendu au public du Principality Stadium de Cardiff. Le groupe am\u00e9ricain a en effet relanc\u00e9 un d\u00e9bat local en interpr\u00e9tant un morceau interdit dans l\u2019enceinte du stade, provoquant la surprise g\u00e9n\u00e9rale des fans.<\/p>\n<p>Un clin d\u2019\u0153il local dans le M72 World Tour<\/p>\n<p>Comme \u00e0 chaque \u00e9tape de leur M72 World Tour, <a href=\"https:\/\/virginradio.fr\/news\/rock\/8793\/metallica-l-histoire-de-nothing-else-matters-l-une-des-plus-belles-ballades-du-rock\" target=\"_blank\" rel=\"noopener nofollow\">Metallica<\/a> int\u00e8gre un moment sp\u00e9cial baptis\u00e9 les \u201cdoodles\u201d, durant lequel Kirk Hammett et Robert Trujillo rendent hommage \u00e0 des artistes locaux. \u00c0 Cardiff, le choix s\u2019est port\u00e9 sur \u201cDelilah\u201d de Tom Jones, v\u00e9ritable ic\u00f4ne galloise.<\/p>\n<p>Un choix symbolique\u2026 mais aussi tr\u00e8s sensible, puisque ce titre a \u00e9t\u00e9 banni des \u00e9v\u00e9nements officiels du stade depuis 2023 en raison de ses paroles controvers\u00e9es.<\/p>\n<p>Une version d\u00e9tourn\u00e9e pour \u00e9viter la pol\u00e9mique<\/p>\n<p>Plut\u00f4t que de jouer le morceau dans son int\u00e9gralit\u00e9, <a href=\"https:\/\/virginradio.fr\/news\/rock\/8741\/kirk-hammett-de-metallica-se-souvient-de-la-bataille-juridique-contre-napster-nous-n-avons-rien-change\" target=\"_blank\" rel=\"noopener nofollow\">Metallica<\/a> a opt\u00e9 pour une interpr\u00e9tation instrumentale accompagn\u00e9e d\u2019un \u00e9norme chant du public. R\u00e9sultat : un moment de communion massif dans le stade, transformant une chanson controvers\u00e9e en chant collectif de milliers de fans.<\/p>\n<p>Sans enfreindre officiellement les r\u00e8gles li\u00e9es au stade, le groupe a r\u00e9ussi \u00e0 cr\u00e9er un instant unique, entre hommage et provocation subtile.<\/p>\n<p>Une ambiance \u00e9lectrique \u00e0 Cardiff<\/p>\n<p>Le Principality Stadium a explos\u00e9 au moment de cette performance inattendue. Le public gallois a repris le refrain en ch\u0153ur, donnant une dimension presque festive \u00e0 un morceau pourtant charg\u00e9 d\u2019une histoire complexe.<\/p>\n<p>Une nouvelle preuve que Metallica, m\u00eame apr\u00e8s des d\u00e9cennies de carri\u00e8re, sait encore surprendre et f\u00e9d\u00e9rer les foules lors de ses concerts g\u00e9ants.<\/p>\n<p>Un moment fort du M72 World Tour<\/p>\n<p data-is-last-node=\"\" data-is-only-node=\"\">Ce passage au Pays de Galles s\u2019inscrit dans la continuit\u00e9 d\u2019un M72 World Tour toujours plus spectaculaire, o\u00f9 chaque date r\u00e9serve son lot de surprises et de clins d\u2019\u0153il locaux. Avec cette interpr\u00e9tation controvers\u00e9e mais ma\u00eetris\u00e9e, <a href=\"https:\/\/virginradio.fr\/news\/rock\/8597\/grace-a-metallica-et-la-croix-rouge-des-milliers-de-vies-sauvees-par-le-don-de-sang\" target=\"_blank\" rel=\"noopener nofollow\">Metallica<\/a> ajoute une nouvelle page marquante \u00e0 sa tourn\u00e9e mondiale.<\/p>\n","protected":false},"excerpt":{"rendered":"\u00c0 l\u2019occasion de leur passage au Pays de Galles dans le cadre du M72 World Tour, Metallica a&hellip;\n","protected":false},"author":2,"featured_media":161800,"comment_status":"","ping_status":"","sticky":false,"template":"","format":"standard","meta":{"footnotes":"","_share_on_mastodon":"0"},"categories":[98],"tags":[141,10,12,13,18,17,133,536,96,528,526,531,95,532,535,140,533,529,539,527,107,108,537,538,540,530,525,534,541,375,230,522,524,523],"class_list":["post-161799","post","type-post","status-publish","format-standard","has-post-thumbnail","category-musique","tag-actu","tag-actualites","tag-be","tag-be-fr","tag-belgique","tag-belgium","tag-cinema","tag-dab","tag-divertissement","tag-ecoute","tag-electro","tag-emission","tag-entertainment","tag-equipe","tag-fm","tag-info","tag-information","tag-infos","tag-interviews-rock","tag-journal","tag-music","tag-musique","tag-musique-rock","tag-nouveautes-rock","tag-playlists-rock","tag-podcast","tag-radio","tag-radio-en-ligne","tag-radio-rock","tag-rock","tag-station","tag-virgin","tag-virgin-radio","tag-virginradio"],"share_on_mastodon":{"url":"https:\/\/pubeurope.com\/@be_fr\/116850245332992226","error":""},"_links":{"self":[{"href":"https:\/\/www.europesays.com\/be-fr\/wp-json\/wp\/v2\/posts\/161799","targetHints":{"allow":["GET"]}}],"collection":[{"href":"https:\/\/www.europesays.com\/be-fr\/wp-json\/wp\/v2\/posts"}],"about":[{"href":"https:\/\/www.europesays.com\/be-fr\/wp-json\/wp\/v2\/types\/post"}],"author":[{"embeddable":true,"href":"https:\/\/www.europesays.com\/be-fr\/wp-json\/wp\/v2\/users\/2"}],"replies":[{"embeddable":true,"href":"https:\/\/www.europesays.com\/be-fr\/wp-json\/wp\/v2\/comments?post=161799"}],"version-history":[{"count":0,"href":"https:\/\/www.europesays.com\/be-fr\/wp-json\/wp\/v2\/posts\/161799\/revisions"}],"wp:featuredmedia":[{"embeddable":true,"href":"https:\/\/www.europesays.com\/be-fr\/wp-json\/wp\/v2\/media\/161800"}],"wp:attachment":[{"href":"https:\/\/www.europesays.com\/be-fr\/wp-json\/wp\/v2\/media?parent=161799"}],"wp:term":[{"taxonomy":"category","embeddable":true,"href":"https:\/\/www.europesays.com\/be-fr\/wp-json\/wp\/v2\/categories?post=161799"},{"taxonomy":"post_tag","embeddable":true,"href":"https:\/\/www.europesays.com\/be-fr\/wp-json\/wp\/v2\/tags?post=161799"}],"curies":[{"name":"wp","href":"https:\/\/api.w.org\/{rel}","templated":true}]}}