{"id":162143,"date":"2026-07-02T18:19:14","date_gmt":"2026-07-02T18:19:14","guid":{"rendered":"https:\/\/www.europesays.com\/be-fr\/162143\/"},"modified":"2026-07-02T18:19:14","modified_gmt":"2026-07-02T18:19:14","slug":"cher-jordan-ce-que-jai-vecu-ce-mercredi-soir-ne-correspond-pas-du-tout-a-ton-ressenti","status":"publish","type":"post","link":"https:\/\/www.europesays.com\/be-fr\/162143\/","title":{"rendered":"Cher Jordan, ce que j&rsquo;ai v\u00e9cu ce mercredi soir ne correspond pas du tout \u00e0 ton ressenti"},"content":{"rendered":"<p class=\"ap-StoryElement ap-StoryElement--mb ap-StoryText\">Je peux te dire que lorsque la cam\u00e9ra s&rsquo;est braqu\u00e9e sur Big Rom&rsquo; en plein \u00e9chauffement en bord de terrain \u00e0 la 42e minute, alors que nous \u00e9tions men\u00e9s 0-1, les supporters ont hurl\u00e9 et applaudi \u00e0 l&rsquo;unisson, avant de scander des \u00ab\u00a0Romelu, Romelu, Romelu\u00a0\u00bb. Aucun autre Diable n&rsquo;avait encore eu droit \u00e0 pareille ovation depuis le d\u00e9but de cette joute, alors que ton fr\u00e8re n&rsquo;\u00e9tait m\u00eame pas sur le terrain\u2026<\/p>\n<p class=\"ap-StoryElement ap-StoryElement--mb ap-StoryText\">Quand Romelu est ensuite apparu dans son beau <a href=\"https:\/\/www.lalibre.be\/sports\/football\/coupe-du-monde\/2026\/07\/01\/la-fifa-a-impose-que-le-maillot-magritte-des-diables-rouges-soit-legerement-modifie-V6KIQRG3EZEBLI5EL6ICTPZ3DE\/\" target=\"_self\" rel=\"nofollow noopener\">maillot Magritte<\/a> \u00e0 la mi-temps, les supporters ont remis le couvert, faisant monter dans le rouge le d\u00e9tecteur de d\u00e9cibels plac\u00e9 dans un coin de la salle.<\/p>\n<p class=\"ap-StoryElement ap-StoryElement--mb ap-StoryText\">Mais ce n&rsquo;\u00e9tait rien en comparaison de l&rsquo;explosion de joie lorsque ton fr\u00e8re a plant\u00e9 cette reprise du droit \u00e0 la 86e pour redonner espoir \u00e0 tout un pays qui vibre pour les couleurs noir-jaune-rouge. Ton nom de famille n&rsquo;a cess\u00e9 de r\u00e9sonner dans cette caf\u00e9t durant les instants qui ont suivi.<\/p>\n<p><img loading=\"lazy\" decoding=\"async\" class=\"w-full lazyload lazyload--opacity object-contain\" style=\"aspect-ratio:150 \/ 100;opacity:1\" alt=\"Belgium's Romelu Lukaku celebrates after scoring during a soccer game between Belgian national team Red Devils and Senegal, on Wednesday 01 July 2026, at the Seattle Field, in Seattle, a 1\/16 finals game in the FIFA World Cup 2026. BELGA PHOTO BRUNO FAHY\" width=\"768\" height=\"512\" fetchpriority=\"auto\" src=\"https:\/\/www.europesays.com\/be-fr\/wp-content\/uploads\/2026\/07\/1783016353_548_S5VKD3X55FFF3BW6V4SEHXNP7I.png\"  data- data-optimumx=\"1\"\/><img loading=\"lazy\" decoding=\"async\" src=\"https:\/\/www.europesays.com\/be-fr\/wp-content\/uploads\/2026\/07\/5NJSVGO2EVDJVOYWY43VAE22YU.jpg\" width=\"768\" height=\"512\" alt=\"Belgium's Romelu Lukaku celebrates after scoring during a soccer game between Belgian national team Red Devils and Senegal, on Wednesday 01 July 2026, at the Seattle Field, in Seattle, a 1\/16 finals game in the FIFA World Cup 2026. BELGA PHOTO BRUNO FAHY\" class=\"absolute inset-0 w-full\"\/>Romelu Lukaku c\u00e9l\u00e8bre son but face au S\u00e9n\u00e9gal \u00a9Belgaimage<\/p>\n<p class=\"ap-StoryElement ap-StoryElement--mb ap-StoryText\">Les haters existent, ne soyons pas na\u00effs. Et Romelu est \u00e9videmment parfois critiqu\u00e9, comme <a href=\"https:\/\/www.lalibre.be\/sports\/football\/coupe-du-monde\/2026\/06\/22\/la-belgique-ne-sait-plus-marquer-et-la-belle-ambiance-initiale-chez-les-diables-pourrait-se-tendre-O4BMTOFVE5A6NHM7E2UCKWMZAQ\/\" target=\"_self\" rel=\"nofollow noopener\">Kevin De Bruyne<\/a> ou<a href=\"https:\/\/www.lalibre.be\/sports\/football\/coupe-du-monde\/2026\/07\/01\/le-pere-de-thibaut-courtois-estime-que-son-fils-continuera-a-jouer-pour-les-diables-mais-avec-certaines-conditions-il-y-a-une-solution-a-cela-7GRJ22ZNDVFJZBNCA4VTTZDENA\/\" target=\"_self\" rel=\"nofollow noopener\"> Thibaut Courtois<\/a> le sont, et comme <a href=\"https:\/\/www.lalibre.be\/sports\/football\/coupe-du-monde\/2026\/06\/29\/le-pronostic-deden-hazard-pour-la-coupe-du-monde-video-GFJJ3M5N25AD3A4YRTLV25CNEI\/\" target=\"_self\" rel=\"nofollow noopener\">Eden Hazard<\/a> l&rsquo;a \u00e9t\u00e9 avant eux. Mais tout amateur de foot avec un minimum de bon sens sait combien tous ces gars ont apport\u00e9 et apportent encore \u00e0 l&rsquo;\u00e9quipe nationale.<\/p>\n<p class=\"ap-StoryElement ap-StoryElement--mb ap-StoryText\">Nous savons que ton frangin et certains de ses \u00e9quipiers sont hors normes. Nous savons aussi que Big Rom&rsquo; est le plus grand attaquant que la Belgique ait connu. C&rsquo;est pour ces raisons que nous nous montrons exigeants et attendons d&rsquo;eux qu&rsquo;ils nous fassent vibrer. C&rsquo;est aussi pour ces raisons que nous exprimons parfois notre d\u00e9ception, parfois avec exc\u00e8s, lorsqu&rsquo;ils ne parviennent pas \u00e0 d\u00e9bloquer les situations les plus compliqu\u00e9es. Mais hier, je peux te l&rsquo;assurer, les r\u00e9actions des supporters rappelaient une \u00e9vidence : malgr\u00e9 les critiques, Romelu conserve une place \u00e0 part dans le c\u0153ur de nombreux supporters belges pour son talent, son abn\u00e9gation, son leadership, son sourire, sa sympathie\u2026 Pour nous, il est le buteur incarn\u00e9. Parfois m\u00eame le sauveur. Je d\u00e9teste les g\u00e9n\u00e9ralit\u00e9s mais, pour reprendre tes mots, ces r\u00e9actions ont aussi montr\u00e9 combien Romelu est \u00ab\u00a0vraiment appr\u00e9ci\u00e9 en Belgique\u00a0\u00bb.<\/p>\n<p><img decoding=\"async\" src=\"https:\/\/www.europesays.com\/be-fr\/wp-content\/uploads\/2026\/07\/1783016354_59_hqdefault.webp\" alt=\"Coupe du monde 2026 : Belgique - S\u00e9n\u00e9gal, le r\u00e9sum\u00e9 - YouTube thumbnail\" class=\"lty-thumbnail\" loading=\"lazy\"\/>Watch<\/p>\n","protected":false},"excerpt":{"rendered":"Je peux te dire que lorsque la cam\u00e9ra s&rsquo;est braqu\u00e9e sur Big Rom&rsquo; en plein \u00e9chauffement en bord&hellip;\n","protected":false},"author":2,"featured_media":162144,"comment_status":"","ping_status":"","sticky":false,"template":"","format":"standard","meta":{"footnotes":"","_share_on_mastodon":"0"},"categories":[8],"tags":[10,12,13,18,17,7967,11],"class_list":["post-162143","post","type-post","status-publish","format-standard","has-post-thumbnail","category-actualites","tag-actualites","tag-be","tag-be-fr","tag-belgique","tag-belgium","tag-berchem-sainte-agathe","tag-news"],"share_on_mastodon":{"url":"https:\/\/pubeurope.com\/@be_fr\/116851767410754665","error":""},"_links":{"self":[{"href":"https:\/\/www.europesays.com\/be-fr\/wp-json\/wp\/v2\/posts\/162143","targetHints":{"allow":["GET"]}}],"collection":[{"href":"https:\/\/www.europesays.com\/be-fr\/wp-json\/wp\/v2\/posts"}],"about":[{"href":"https:\/\/www.europesays.com\/be-fr\/wp-json\/wp\/v2\/types\/post"}],"author":[{"embeddable":true,"href":"https:\/\/www.europesays.com\/be-fr\/wp-json\/wp\/v2\/users\/2"}],"replies":[{"embeddable":true,"href":"https:\/\/www.europesays.com\/be-fr\/wp-json\/wp\/v2\/comments?post=162143"}],"version-history":[{"count":0,"href":"https:\/\/www.europesays.com\/be-fr\/wp-json\/wp\/v2\/posts\/162143\/revisions"}],"wp:featuredmedia":[{"embeddable":true,"href":"https:\/\/www.europesays.com\/be-fr\/wp-json\/wp\/v2\/media\/162144"}],"wp:attachment":[{"href":"https:\/\/www.europesays.com\/be-fr\/wp-json\/wp\/v2\/media?parent=162143"}],"wp:term":[{"taxonomy":"category","embeddable":true,"href":"https:\/\/www.europesays.com\/be-fr\/wp-json\/wp\/v2\/categories?post=162143"},{"taxonomy":"post_tag","embeddable":true,"href":"https:\/\/www.europesays.com\/be-fr\/wp-json\/wp\/v2\/tags?post=162143"}],"curies":[{"name":"wp","href":"https:\/\/api.w.org\/{rel}","templated":true}]}}