{"id":16236,"date":"2026-02-23T00:41:10","date_gmt":"2026-02-23T00:41:10","guid":{"rendered":"https:\/\/www.europesays.com\/be-fr\/16236\/"},"modified":"2026-02-23T00:41:10","modified_gmt":"2026-02-23T00:41:10","slug":"plus-belle-la-vie-spoiler-lea-prete-a-tromper-jean-paul-video-episode-du-24-fevrier","status":"publish","type":"post","link":"https:\/\/www.europesays.com\/be-fr\/16236\/","title":{"rendered":"Plus Belle La Vie spoiler : L\u00e9a pr\u00eate \u00e0 tromper Jean-Paul ! (vid\u00e9o \u00e9pisode du 24 f\u00e9vrier)"},"content":{"rendered":"<p>\nPublicit\u00e9<\/p>\n<p>Plus belle la vie, encore plus belle spoiler \u2013 Le couple L\u00e9a \/ Jean-Paul risque bien d\u2019exploser dans les prochaines semaines dans votre s\u00e9rie quotidienne de TF1 <a href=\"https:\/\/www.plusbellelavie.org\/category\/pblv\/\" rel=\"nofollow noopener\" target=\"_blank\">\u00ab\u00a0Plus belle la vie, encore plus belle\u00a0\u00bb<\/a>. Alors qu\u2019Apolline est amoureuse de L\u00e9a et qu\u2019elle l\u2019a embrass\u00e9e, dans quelques jours la m\u00e9decin va se confier \u00e0 son ami Ulysse Kepler\u2026<\/p>\n<p><img fetchpriority=\"high\" decoding=\"async\" src=\"https:\/\/www.europesays.com\/be-fr\/wp-content\/uploads\/2026\/02\/leaconfidenceulysse.jpg\" alt=\"Plus Belle La Vie spoiler : L\u00e9a pr\u00eate \u00e0 tromper Jean-Paul ! (vid\u00e9o \u00e9pisode du 24 f\u00e9vrier)\" width=\"1200\" height=\"609\" class=\"size-full wp-image-23181\"  \/>Capture TF1<\/p>\n<p>\nPublicit\u00e9<\/p>\n<p>L\u00e9a va parler \u00e0 Ulysse du baiser entre elle et une patiente. Ulysse est surpris et L\u00e9a lui confie que c\u2019\u00e9tait un moment agr\u00e9able\u2026 Et pire, elle lui dit qu\u2019elle n\u2019a pas envie d\u2019arr\u00eater l\u00e0 !<\/p>\n<p>L\u00e9a est donc sur le point de tromper son mari avec Apolline. Une relation qui pourrait bien briser le coeur de Jean-Paul mais aussi leur famille.<\/p>\n<p>\nPublicit\u00e9<\/p>\n<p>Plus belle la vie, encore plus belle spoiler extrait vid\u00e9o \u00e9pisode 526 du 24 f\u00e9vrier 2026<\/p>\n<p>Retrouver la vid\u00e9o de cette s\u00e9quence en avance directement sur TF1+ <a href=\"https:\/\/www.tf1.fr\/tf1\/plus-belle-la-vie\/videos\/pblvepb-spoiler-lea-evoque-apolline-a-ulysse-73956230.html\" target=\"_blank\" rel=\"nofollow noopener\">en cliquant ici<\/a>.<\/p>\n","protected":false},"excerpt":{"rendered":"Publicit\u00e9 Plus belle la vie, encore plus belle spoiler \u2013 Le couple L\u00e9a \/ Jean-Paul risque bien d\u2019exploser&hellip;\n","protected":false},"author":2,"featured_media":16237,"comment_status":"","ping_status":"","sticky":false,"template":"","format":"standard","meta":{"footnotes":"","_share_on_mastodon":"0"},"categories":[99],"tags":[12,13,18,17,96,95,1812,1813,112],"class_list":["post-16236","post","type-post","status-publish","format-standard","has-post-thumbnail","category-television","tag-be","tag-be-fr","tag-belgique","tag-belgium","tag-divertissement","tag-entertainment","tag-pblv","tag-pblvepb","tag-television"],"share_on_mastodon":{"url":"","error":""},"_links":{"self":[{"href":"https:\/\/www.europesays.com\/be-fr\/wp-json\/wp\/v2\/posts\/16236","targetHints":{"allow":["GET"]}}],"collection":[{"href":"https:\/\/www.europesays.com\/be-fr\/wp-json\/wp\/v2\/posts"}],"about":[{"href":"https:\/\/www.europesays.com\/be-fr\/wp-json\/wp\/v2\/types\/post"}],"author":[{"embeddable":true,"href":"https:\/\/www.europesays.com\/be-fr\/wp-json\/wp\/v2\/users\/2"}],"replies":[{"embeddable":true,"href":"https:\/\/www.europesays.com\/be-fr\/wp-json\/wp\/v2\/comments?post=16236"}],"version-history":[{"count":0,"href":"https:\/\/www.europesays.com\/be-fr\/wp-json\/wp\/v2\/posts\/16236\/revisions"}],"wp:featuredmedia":[{"embeddable":true,"href":"https:\/\/www.europesays.com\/be-fr\/wp-json\/wp\/v2\/media\/16237"}],"wp:attachment":[{"href":"https:\/\/www.europesays.com\/be-fr\/wp-json\/wp\/v2\/media?parent=16236"}],"wp:term":[{"taxonomy":"category","embeddable":true,"href":"https:\/\/www.europesays.com\/be-fr\/wp-json\/wp\/v2\/categories?post=16236"},{"taxonomy":"post_tag","embeddable":true,"href":"https:\/\/www.europesays.com\/be-fr\/wp-json\/wp\/v2\/tags?post=16236"}],"curies":[{"name":"wp","href":"https:\/\/api.w.org\/{rel}","templated":true}]}}