{"id":164407,"date":"2026-07-04T22:23:10","date_gmt":"2026-07-04T22:23:10","guid":{"rendered":"https:\/\/www.europesays.com\/be-fr\/164407\/"},"modified":"2026-07-04T22:23:10","modified_gmt":"2026-07-04T22:23:10","slug":"stations-de-metro-fermees-trottinettes-depart-de-feu-des-centaines-de-supporters-marocains-celebrent-la-qualification-dans-plusieurs-quartiers-bruxellois","status":"publish","type":"post","link":"https:\/\/www.europesays.com\/be-fr\/164407\/","title":{"rendered":"Stations de m\u00e9tro ferm\u00e9es, trottinettes, d\u00e9part de feu\u2026\u00a0: des centaines de supporters marocains c\u00e9l\u00e8brent la qualification dans plusieurs quartiers bruxellois\u00a0!"},"content":{"rendered":"\n<p>Le coup de sifflet final est tomb\u00e9 peu avant 22 heures (heure belge) \u00e0 Houston, o\u00f9 le Maroc s\u2019est impos\u00e9 3-0 face au Canada en seizi\u00e8mes de finale de la Coupe du monde. Une qualification qui a imm\u00e9diatement d\u00e9clench\u00e9 des sc\u00e8nes de liesse \u00e0 Bruxelles.<\/p>\n<p>\u00c0 peine quelques minutes apr\u00e8s la fin de la rencontre, des klaxons ont commenc\u00e9 \u00e0 retentir dans plusieurs communes de la capitale. Comme lors des rencontres des Lions de l\u2019Atlas pendant la Coupe d\u2019Afrique des nations, au d\u00e9but de l\u2019ann\u00e9e 2026, c\u2019est toutefois \u00e0 Molenbeek que les c\u00e9l\u00e9brations sont concentr\u00e9es.<\/p>\n<p>&#13;<br \/>\n&#13;<br \/>\n\u00c9tangs Noirs, \u00e9picentre des c\u00e9l\u00e9brations<\/p>\n<p>Le quartier des \u00c9tangs Noirs est rapidement devenu le point de ralliement des supporters. Sur plusieurs vid\u00e9os publi\u00e9es sur les r\u00e9seaux sociaux, on aper\u00e7oit de longues files de scooters et de trottinettes converger vers le quartier, tandis que des centaines de personnes se r\u00e9unissent sur la place historique pour chanter, danser et brandir des drapeaux marocains.<\/p>\n<p>&#13;<br \/>\n&#13;<\/p>\n<p>&#13;<br \/>\n&#13;<\/p>\n<p>&#13;<br \/>\n&#13;<\/p>\n<p>Certaines images montrent \u00e9galement un supporter portant une r\u00e9plique du troph\u00e9e de la Coupe du monde, au milieu de la foule en d\u00e9lire. Les c\u00e9l\u00e9brations n\u2019ont pas tard\u00e9 \u00e0 \u00eatre accompagn\u00e9es par les sir\u00e8nes de police, plusieurs v\u00e9hicules prenant la direction des \u00c9tangs Noirs quelques minutes apr\u00e8s le coup de sifflet final.<\/p>\n<p>Un d\u00e9part de feu a \u00e9t\u00e9 observ\u00e9 vers 22\u00a0: 50 sur la place. De nombreuses personnes se sont directement pr\u00e9cipit\u00e9es pour l\u2019\u00e9teindre.<\/p>\n<p>  <img decoding=\"async\" data-copyright=\"J.P.\" class=\"r-img\"  typeof=\"foaf:Image\" src=\"https:\/\/www.europesays.com\/be-fr\/wp-content\/uploads\/2026\/07\/89577996.jpeg\" alt=\"D\u00e9part de feu\"\/>D\u00e9part de feu &#8211; J.P.<\/p>\n<p>  <img decoding=\"async\" data-copyright=\"J.P.\" class=\"r-img\"  typeof=\"foaf:Image\" src=\"https:\/\/www.europesays.com\/be-fr\/wp-content\/uploads\/2026\/07\/89578040.jpeg\" alt=\"D\u00e9part de feu\"\/>D\u00e9part de feu &#8211; J.P.<\/p>\n<p>Les c\u00e9l\u00e9brations devraient se poursuivre tard dans la nuit, comme ce fut d\u00e9j\u00e0 le cas lors des pr\u00e9c\u00e9dents grands rendez-vous de la s\u00e9lection marocaine. Malgr\u00e9 le d\u00e9part de feu, l\u2019ambiance est rest\u00e9e plut\u00f4t bon enfant en ce d\u00e9but de soir\u00e9e. De nombreuses familles avec des enfants \u00e9taient pr\u00e9sentes sur les lieux.<\/p>\n<p>D\u2019autres c\u00e9l\u00e9brations prennent \u00e9galement part sur l\u2019esplanade de l\u2019Atomium o\u00f9 des feux d\u2019artifice ont \u00e9t\u00e9 entendus ainsi qu\u2019au centre-ville, \u00e0 proximit\u00e9 de la Bourse et de la place De Brouck\u00e8re o\u00f9 des centaines de personnes sont \u00e9galement rassembl\u00e9es et des fumig\u00e8nes ont \u00e9t\u00e9 lanc\u00e9s.<\/p>\n<p>\n  <img decoding=\"async\" data-copyright=\"D.R.\" class=\"r-img\"  typeof=\"foaf:Image\" src=\"https:\/\/www.europesays.com\/be-fr\/wp-content\/uploads\/2026\/07\/89578815.jpeg\" alt=\"Du c\u00f4t\u00e9 de De Brouck\u00e8re\"\/>Du c\u00f4t\u00e9 de De Brouck\u00e8re &#8211; D.R.\n<\/p>\n<p>Des stations de m\u00e9tro ferm\u00e9es<\/p>\n<p>Cette soir\u00e9e de c\u00e9l\u00e9brations s\u2019accompagne \u00e9galement de perturbations sur le r\u00e9seau de la Stib. Sur ordre de police, la station de m\u00e9tro \u00c9tangs Noirs est ferm\u00e9e depuis 18 heures. Les stations Aumale et Osseghem ont ensuite \u00e9t\u00e9 ferm\u00e9es respectivement \u00e0 20 heures et 20h30.<\/p>\n<p>&#13;<br \/>\n&#13;<\/p>\n<p>Ces fermetures entra\u00eenent plusieurs adaptations du r\u00e9seau de bus. Depuis 18 heures, la ligne 13 est interrompue entre Simonis et \u00c9tangs Noirs. Les bus de la ligne 20 sont d\u00e9vi\u00e9s entre Bastogne et Ribaucourt via Simonis, tandis que la ligne 86 circule via Karreveld et Simonis entre Gare de l\u2019Ouest et Ribaucourt. Enfin, les bus de nuit de la ligne N16 sont d\u00e9vi\u00e9s entre Porte de Ninove et Simonis.<\/p>\n<p>&#13;<br \/>\n&#13;<\/p>\n","protected":false},"excerpt":{"rendered":"Le coup de sifflet final est tomb\u00e9 peu avant 22 heures (heure belge) \u00e0 Houston, o\u00f9 le Maroc&hellip;\n","protected":false},"author":2,"featured_media":164408,"comment_status":"","ping_status":"","sticky":false,"template":"","format":"standard","meta":{"footnotes":"","_share_on_mastodon":"0"},"categories":[8],"tags":[10,12,13,18,17,4479,38110,52090,13096,19554,18413,52091,12580,11,5024,7560,21112,52089,909,45870],"class_list":["post-164407","post","type-post","status-publish","format-standard","has-post-thumbnail","category-actualites","tag-actualites","tag-be","tag-be-fr","tag-belgique","tag-belgium","tag-bruxellois","tag-celebrent","tag-centaines","tag-depart","tag-fermees","tag-feu","tag-marocains","tag-metro","tag-news","tag-plusieurs","tag-qualification","tag-quartiers","tag-stations","tag-supporters","tag-trottinettes"],"share_on_mastodon":{"url":"https:\/\/pubeurope.com\/@be_fr\/116864051491692094","error":""},"_links":{"self":[{"href":"https:\/\/www.europesays.com\/be-fr\/wp-json\/wp\/v2\/posts\/164407","targetHints":{"allow":["GET"]}}],"collection":[{"href":"https:\/\/www.europesays.com\/be-fr\/wp-json\/wp\/v2\/posts"}],"about":[{"href":"https:\/\/www.europesays.com\/be-fr\/wp-json\/wp\/v2\/types\/post"}],"author":[{"embeddable":true,"href":"https:\/\/www.europesays.com\/be-fr\/wp-json\/wp\/v2\/users\/2"}],"replies":[{"embeddable":true,"href":"https:\/\/www.europesays.com\/be-fr\/wp-json\/wp\/v2\/comments?post=164407"}],"version-history":[{"count":0,"href":"https:\/\/www.europesays.com\/be-fr\/wp-json\/wp\/v2\/posts\/164407\/revisions"}],"wp:featuredmedia":[{"embeddable":true,"href":"https:\/\/www.europesays.com\/be-fr\/wp-json\/wp\/v2\/media\/164408"}],"wp:attachment":[{"href":"https:\/\/www.europesays.com\/be-fr\/wp-json\/wp\/v2\/media?parent=164407"}],"wp:term":[{"taxonomy":"category","embeddable":true,"href":"https:\/\/www.europesays.com\/be-fr\/wp-json\/wp\/v2\/categories?post=164407"},{"taxonomy":"post_tag","embeddable":true,"href":"https:\/\/www.europesays.com\/be-fr\/wp-json\/wp\/v2\/tags?post=164407"}],"curies":[{"name":"wp","href":"https:\/\/api.w.org\/{rel}","templated":true}]}}