{"id":164845,"date":"2026-07-05T10:01:08","date_gmt":"2026-07-05T10:01:08","guid":{"rendered":"https:\/\/www.europesays.com\/be-fr\/164845\/"},"modified":"2026-07-05T10:01:08","modified_gmt":"2026-07-05T10:01:08","slug":"un-son-precis-plus-intelligent-que-jamais-test-des-samsung-galaxy-buds4-et-buds4-pro","status":"publish","type":"post","link":"https:\/\/www.europesays.com\/be-fr\/164845\/","title":{"rendered":"Un son pr\u00e9cis, plus intelligent que jamais : test des Samsung Galaxy Buds4 et Buds4 Pro"},"content":{"rendered":"<p class=\"bodytext\">Les Buds4 et Buds4 Pro d\u2019 Galaxy partagent la derni\u00e8re plateforme audio sans fil de Samsung, mais se distinguent nettement par leurs fonctionnalit\u00e9s. Les deux mod\u00e8les proposent la connexion Bluetooth multipoint, une latence r\u00e9duite pour les applications vid\u00e9o et de jeux, ainsi qu\u2019une int\u00e9gration \u00e0 l\u2019\u00e9cosyst\u00e8me Samsung, notamment l\u2019appairage rapide et le changement d\u2019appareil. Les fonctionnalit\u00e9s audio bas\u00e9es sur l\u2019IA sont \u00e9galement nouvelles ou ont \u00e9t\u00e9 consid\u00e9rablement am\u00e9lior\u00e9es. Il s\u2019agit notamment d\u2019une optimisation sonore en temps r\u00e9el plus intelligente et de fonctionnalit\u00e9s permettant de mieux distinguer la voix du bruit ambiant, par exemple lors d\u2019appels t\u00e9l\u00e9phoniques ou dans des environnements bruyants. Les \u00e9couteurs prennent \u00e9galement en charge la diffusion Auracast.<\/p>\n<p class=\"bodytext\">Les Buds4 sont davantage destin\u00e9s \u00e0 un usage quotidien : ils offrent un r\u00e9glage sonore solide, une r\u00e9duction active du bruit de base, ainsi que des commandes tactiles et gestuelles intuitives. L\u2019accent est mis ici sur la facilit\u00e9 d\u2019utilisation et un profil sonore \u00e9quilibr\u00e9, sans trop de fonctionnalit\u00e9s suppl\u00e9mentaires.<\/p>\n<p class=\"bodytext\">Les Buds4 Pro vont encore plus loin, en proposant une r\u00e9duction de bruit adaptative plus puissante, un r\u00e9glage sonore plus pr\u00e9cis gr\u00e2ce \u00e0 une technologie avanc\u00e9e de haut-parleurs et d\u2019audio, ainsi que des microphones suppl\u00e9mentaires pour une meilleure qualit\u00e9 vocale. L\u2019audio spatial et les fonctionnalit\u00e9s bas\u00e9es sur l\u2019IA, qui s\u2019adaptent \u00e0 l\u2019environnement et au contexte d\u2019utilisation, jouent \u00e9galement un r\u00f4le plus important ici.<\/p>\n<p class=\"bodytext\">Samsung positionne ainsi les Buds4 comme des \u00e9couteurs polyvalents et simples d\u2019utilisation, tandis que les Buds4 Pro s\u2019adressent davantage aux utilisateurs qui recherchent un contr\u00f4le maximal, une meilleure isolation et une exp\u00e9rience d\u2019\u00e9coute globalement plus immersive.<\/p>\n","protected":false},"excerpt":{"rendered":"Les Buds4 et Buds4 Pro d\u2019 Galaxy partagent la derni\u00e8re plateforme audio sans fil de Samsung, mais se&hellip;\n","protected":false},"author":2,"featured_media":164846,"comment_status":"","ping_status":"","sticky":false,"template":"","format":"standard","meta":{"footnotes":"","_share_on_mastodon":"0"},"categories":[70],"tags":[19400,15884,47272,3982,12,13,18,17,14902,11785,52237,15857,19474,23511,11787,7797,506,1289,15409,52238,1285,1287,1286,1654,32021,73,71,75,72,715,39996,76,74,1288],"class_list":["post-164845","post","type-post","status-publish","format-standard","has-post-thumbnail","category-sciences-et-technologies","tag-anc","tag-audio","tag-auracast","tag-batterie","tag-be","tag-be-fr","tag-belgique","tag-belgium","tag-bluetooth","tag-buds4","tag-buds4pro","tag-casque","tag-confort","tag-ecosysteme","tag-ecouteurs","tag-galaxy","tag-ia","tag-informations-sur-des-ordinateurs-portatifs","tag-microphone","tag-mode-transparence","tag-nouvelles","tag-rapport","tag-revues","tag-samsung","tag-sans-fil","tag-science","tag-science-and-technology","tag-sciences","tag-sciences-et-technologies","tag-son","tag-spatial","tag-technologies","tag-technology","tag-test"],"share_on_mastodon":{"url":"https:\/\/pubeurope.com\/@be_fr\/116866795880964392","error":""},"_links":{"self":[{"href":"https:\/\/www.europesays.com\/be-fr\/wp-json\/wp\/v2\/posts\/164845","targetHints":{"allow":["GET"]}}],"collection":[{"href":"https:\/\/www.europesays.com\/be-fr\/wp-json\/wp\/v2\/posts"}],"about":[{"href":"https:\/\/www.europesays.com\/be-fr\/wp-json\/wp\/v2\/types\/post"}],"author":[{"embeddable":true,"href":"https:\/\/www.europesays.com\/be-fr\/wp-json\/wp\/v2\/users\/2"}],"replies":[{"embeddable":true,"href":"https:\/\/www.europesays.com\/be-fr\/wp-json\/wp\/v2\/comments?post=164845"}],"version-history":[{"count":0,"href":"https:\/\/www.europesays.com\/be-fr\/wp-json\/wp\/v2\/posts\/164845\/revisions"}],"wp:featuredmedia":[{"embeddable":true,"href":"https:\/\/www.europesays.com\/be-fr\/wp-json\/wp\/v2\/media\/164846"}],"wp:attachment":[{"href":"https:\/\/www.europesays.com\/be-fr\/wp-json\/wp\/v2\/media?parent=164845"}],"wp:term":[{"taxonomy":"category","embeddable":true,"href":"https:\/\/www.europesays.com\/be-fr\/wp-json\/wp\/v2\/categories?post=164845"},{"taxonomy":"post_tag","embeddable":true,"href":"https:\/\/www.europesays.com\/be-fr\/wp-json\/wp\/v2\/tags?post=164845"}],"curies":[{"name":"wp","href":"https:\/\/api.w.org\/{rel}","templated":true}]}}