{"id":165401,"date":"2026-07-05T22:59:18","date_gmt":"2026-07-05T22:59:18","guid":{"rendered":"https:\/\/www.europesays.com\/be-fr\/165401\/"},"modified":"2026-07-05T22:59:18","modified_gmt":"2026-07-05T22:59:18","slug":"muse-matt-bellamy-surpris-detre-encore-au-top-du-rock-aujourdhui","status":"publish","type":"post","link":"https:\/\/www.europesays.com\/be-fr\/165401\/","title":{"rendered":"Muse : Matt Bellamy surpris d&rsquo;\u00eatre encore au top du rock aujourd&rsquo;hui !"},"content":{"rendered":"<p itemprop=\"description\">Matt Bellamy, leader de Muse, revient avec une certaine lucidit\u00e9 sur la trajectoire improbable du groupe britannique, toujours bien pr\u00e9sent sur la sc\u00e8ne rock mondiale plus de vingt ans apr\u00e8s ses d\u00e9buts.<\/p>\n<p class=\"PDq2pG_selectionAnchorContainer\"><a href=\"https:\/\/virginradio.fr\/news\/rock\/6961\/muse-matt-bellamy-rend-hommage-a-iron-maiden-et-considere-le-groupe-comme-une-reference\" target=\"_blank\" rel=\"noopener nofollow\">Matt Bellamy, leader de Muse<\/a>, revient avec une certaine lucidit\u00e9 sur la trajectoire improbable du groupe britannique, toujours bien pr\u00e9sent sur la sc\u00e8ne rock mondiale plus de vingt ans apr\u00e8s ses d\u00e9buts. Dans une interview accord\u00e9e au magazine NME, le chanteur se replonge dans le contexte musical des ann\u00e9es 2000, une p\u00e9riode charni\u00e8re pour le rock moderne.<\/p>\n<p>Il se souvient notamment d\u2019un paysage en pleine mutation : \u00ab Il y avait trois choses qui se passaient \u00e0 ce moment-l\u00e0 : la fin de la Britpop, le nu-metal en Am\u00e9rique, et puis la nouvelle chose excitante c&rsquo;\u00e9tait The Strokes, The White Stripes, ce truc rock &lsquo;n&rsquo; roll r\u00e9tro. \u00bb<\/p>\n<p>\u00c0 cette \u00e9poque, <a href=\"https:\/\/virginradio.fr\/news\/rock\/9294\/muse-matt-bellamy-promet-du-lourd-pour-la-tournee-avec-un-vaisseau-spatial\" target=\"_blank\" rel=\"noopener nofollow\">Muse<\/a> ne s\u2019inscrivait clairement dans aucune de ces tendances dominantes. Un positionnement qui aurait pu \u00eatre un d\u00e9savantage, mais qui s\u2019est finalement transform\u00e9 en atout majeur pour leur carri\u00e8re. Bellamy le reconna\u00eet aujourd\u2019hui sans h\u00e9siter : \u00ab On ne collait avec aucune de ces choses \u2013 et \u00e7a, avec du recul, c&rsquo;\u00e9tait vraiment une b\u00e9n\u00e9diction. \u00bb<\/p>\n<p>Cette posture en marge des modes a fa\u00e7onn\u00e9 l\u2019identit\u00e9 du groupe et explique, selon lui, sa long\u00e9vit\u00e9 exceptionnelle. Pour le chanteur, cette ind\u00e9pendance artistique est m\u00eame la cl\u00e9 de leur survie dans un paysage musical en constante \u00e9volution : \u00ab Le fait qu&rsquo;on ait r\u00e9ussi \u00e0 trouver un public sans faire partie d&rsquo;une tendance, c&rsquo;est incroyable, et je pense que c&rsquo;est pour \u00e7a qu&rsquo;on est encore l\u00e0. On est la d\u00e9finition de l&rsquo;alternatif. \u00bb<\/p>\n<p>Une vision qui contraste avec celle de nombreux groupes de la m\u00eame \u00e9poque, souvent port\u00e9s par une vague pr\u00e9cise avant de dispara\u00eetre lorsque celle-ci s\u2019essoufflait. Bellamy r\u00e9sume cette diff\u00e9rence avec franchise : \u00ab On n&rsquo;a jamais \u00e9t\u00e9 assez \u00e0 la mode pour que quand les projecteurs se d\u00e9tournent de vous, vous soyez juste finis. \u00bb<\/p>\n<p data-is-last-node=\"\" data-is-only-node=\"\">Avec le recul, cette position d\u2019outsider appara\u00eet donc comme l\u2019un des facteurs cl\u00e9s de la long\u00e9vit\u00e9 de <a href=\"https:\/\/virginradio.fr\/news\/rock\/9279\/muse-enregistre-son-nouvel-album-dans-le-studio-mythique-des-beatles\" target=\"_blank\" rel=\"noopener nofollow\">Muse<\/a>, un groupe qui a su traverser les \u00e9poques sans jamais vraiment entrer dans une case.<\/p>\n","protected":false},"excerpt":{"rendered":"Matt Bellamy, leader de Muse, revient avec une certaine lucidit\u00e9 sur la trajectoire improbable du groupe britannique, toujours&hellip;\n","protected":false},"author":2,"featured_media":165402,"comment_status":"","ping_status":"","sticky":false,"template":"","format":"standard","meta":{"footnotes":"","_share_on_mastodon":"0"},"categories":[98],"tags":[141,10,12,13,18,17,133,536,96,528,526,531,95,532,535,140,533,529,539,527,107,108,537,538,540,530,525,534,541,375,230,522,524,523],"class_list":["post-165401","post","type-post","status-publish","format-standard","has-post-thumbnail","category-musique","tag-actu","tag-actualites","tag-be","tag-be-fr","tag-belgique","tag-belgium","tag-cinema","tag-dab","tag-divertissement","tag-ecoute","tag-electro","tag-emission","tag-entertainment","tag-equipe","tag-fm","tag-info","tag-information","tag-infos","tag-interviews-rock","tag-journal","tag-music","tag-musique","tag-musique-rock","tag-nouveautes-rock","tag-playlists-rock","tag-podcast","tag-radio","tag-radio-en-ligne","tag-radio-rock","tag-rock","tag-station","tag-virgin","tag-virgin-radio","tag-virginradio"],"share_on_mastodon":{"url":"https:\/\/pubeurope.com\/@be_fr\/116869855028011065","error":""},"_links":{"self":[{"href":"https:\/\/www.europesays.com\/be-fr\/wp-json\/wp\/v2\/posts\/165401","targetHints":{"allow":["GET"]}}],"collection":[{"href":"https:\/\/www.europesays.com\/be-fr\/wp-json\/wp\/v2\/posts"}],"about":[{"href":"https:\/\/www.europesays.com\/be-fr\/wp-json\/wp\/v2\/types\/post"}],"author":[{"embeddable":true,"href":"https:\/\/www.europesays.com\/be-fr\/wp-json\/wp\/v2\/users\/2"}],"replies":[{"embeddable":true,"href":"https:\/\/www.europesays.com\/be-fr\/wp-json\/wp\/v2\/comments?post=165401"}],"version-history":[{"count":0,"href":"https:\/\/www.europesays.com\/be-fr\/wp-json\/wp\/v2\/posts\/165401\/revisions"}],"wp:featuredmedia":[{"embeddable":true,"href":"https:\/\/www.europesays.com\/be-fr\/wp-json\/wp\/v2\/media\/165402"}],"wp:attachment":[{"href":"https:\/\/www.europesays.com\/be-fr\/wp-json\/wp\/v2\/media?parent=165401"}],"wp:term":[{"taxonomy":"category","embeddable":true,"href":"https:\/\/www.europesays.com\/be-fr\/wp-json\/wp\/v2\/categories?post=165401"},{"taxonomy":"post_tag","embeddable":true,"href":"https:\/\/www.europesays.com\/be-fr\/wp-json\/wp\/v2\/tags?post=165401"}],"curies":[{"name":"wp","href":"https:\/\/api.w.org\/{rel}","templated":true}]}}