{"id":166213,"date":"2026-07-06T17:43:13","date_gmt":"2026-07-06T17:43:13","guid":{"rendered":"https:\/\/www.europesays.com\/be-fr\/166213\/"},"modified":"2026-07-06T17:43:13","modified_gmt":"2026-07-06T17:43:13","slug":"vaste-coup-de-filet-contre-la-traite-des-etres-humains-un-reseau-dexploitation-sexuelle-de-mineures-demantele-en-belgique","status":"publish","type":"post","link":"https:\/\/www.europesays.com\/be-fr\/166213\/","title":{"rendered":"Vaste coup de filet contre la traite des \u00eatres humains\u00a0: un r\u00e9seau d&rsquo;exploitation sexuelle de mineures d\u00e9mantel\u00e9 en Belgique"},"content":{"rendered":"<p><a href=\"https:\/\/www.dhnet.be\/regions\/bruxelles\/2026\/05\/08\/jusqua-cinq-ans-de-prison-pour-les-membres-dun-reseau-de-trafic-detres-humains-V2ZYZ5MB2BHURE5LJXZBSA2PVE\/\" target=\"_self\" class=\"ap-StoryInterstitialLink ap-StoryElement ap-StoryElement--mb\" rel=\"nofollow noopener\">Jusqu&rsquo;\u00e0 cinq ans de prison pour les membres d&rsquo;un r\u00e9seau de trafic d&rsquo;\u00eatres humains<\/a>17 arrestations<\/p>\n<p class=\"ap-StoryElement ap-StoryElement--mb ap-StoryText\">Le bilan est lourd. \u00c0 la suite de cette op\u00e9ration polici\u00e8re, 17 personnes ont \u00e9t\u00e9 arr\u00eat\u00e9es. Les enqu\u00eateurs sont \u00e9galement parvenus \u00e0 identifier 22 victimes mineures, dont 21 \u00e9taient de nationalit\u00e9 belge (l&rsquo;autre \u00e9tait polonaise). Les personnes interpell\u00e9es devront faire face \u00e0 des chefs d&rsquo;inculpation particuli\u00e8rement graves : traite d&rsquo;\u00eatres humains, prostitution forc\u00e9e et incitation de mineurs \u00e0 la d\u00e9bauche.<\/p>\n<p><a href=\"https:\/\/www.dhnet.be\/actu\/belgique\/2026\/07\/06\/un-homme-arme-dun-couteau-qui-criait-allahu-akbar-arrete-dans-le-parc-du-cinquantenaire-FBLOBUJUURCW7LUTDAHSJPYVZA\/\" target=\"_self\" class=\"ap-StoryInterstitialLink ap-StoryElement ap-StoryElement--mb\" rel=\"nofollow noopener\">Un homme qui criait \u00ab\u00a0Allahu Akbar\u00a0\u00bb arr\u00eat\u00e9 dans le parc du Cinquantenaire<\/a>Une offensive mondiale<\/p>\n<p class=\"ap-StoryElement ap-StoryElement--mb ap-StoryText\">Cette intervention men\u00e9e en Belgique n&rsquo;est qu&rsquo;une pi\u00e8ce d&rsquo;un puzzle bien plus vaste \u00e0 l&rsquo;\u00e9chelle internationale. L&rsquo;op\u00e9ration a rassembl\u00e9 pas moins de 59 pays. Coordonn\u00e9 par Europol, Frontex et INTERPOL, ce dispositif ciblait toutes les d\u00e9rives de l&rsquo;exploitation (prostitution, travail forc\u00e9, mendicit\u00e9 obligatoire), avec une priorit\u00e9 absolue accord\u00e9e \u00e0 la protection des enfants.<\/p>\n<p class=\"ap-StoryElement ap-StoryElement--mb ap-StoryText\">\u00c0 l&rsquo;\u00e9chelle mondiale, le coup de force est historique : il s&rsquo;est sold\u00e9 par l&rsquo;arrestation de 1 024 suspects et le sauvetage de plus de 2 000 victimes potentielles. \u00c0 l&rsquo;issue de cette op\u00e9ration, les autorit\u00e9s ont une nouvelle fois tir\u00e9 la sonnette d&rsquo;alarme sur la num\u00e9risation du crime organis\u00e9, soulignant que l&rsquo;usage massif d&rsquo;internet par les r\u00e9seaux pour recruter et asservir leurs victimes rend le travail d&rsquo;enqu\u00eate de plus en plus complexe.<\/p>\n<p><a href=\"https:\/\/www.dhnet.be\/regions\/liege\/2025\/12\/18\/liege-deux-ans-de-prison-requis-pour-tentative-de-trafic-detres-humains-2NGMNTBKANDHFALU4F7TP5PWHI\/\" target=\"_self\" class=\"ap-StoryInterstitialLink ap-StoryElement ap-StoryElement--mb\" rel=\"nofollow noopener\">Li\u00e8ge : deux ans de prison requis pour tentative de trafic d&rsquo;\u00eatres humains<\/a><\/p>\n","protected":false},"excerpt":{"rendered":"Jusqu&rsquo;\u00e0 cinq ans de prison pour les membres d&rsquo;un r\u00e9seau de trafic d&rsquo;\u00eatres humains17 arrestations Le bilan est&hellip;\n","protected":false},"author":2,"featured_media":166214,"comment_status":"","ping_status":"","sticky":false,"template":"","format":"standard","meta":{"footnotes":"","_share_on_mastodon":"0"},"categories":[9],"tags":[12,13,18,17,143,31,3310,32],"class_list":["post-166213","post","type-post","status-publish","format-standard","has-post-thumbnail","category-international","tag-be","tag-be-fr","tag-belgique","tag-belgium","tag-charleroi","tag-international","tag-verviers","tag-world-news"],"share_on_mastodon":{"url":"https:\/\/pubeurope.com\/@be_fr\/116874274733965770","error":""},"_links":{"self":[{"href":"https:\/\/www.europesays.com\/be-fr\/wp-json\/wp\/v2\/posts\/166213","targetHints":{"allow":["GET"]}}],"collection":[{"href":"https:\/\/www.europesays.com\/be-fr\/wp-json\/wp\/v2\/posts"}],"about":[{"href":"https:\/\/www.europesays.com\/be-fr\/wp-json\/wp\/v2\/types\/post"}],"author":[{"embeddable":true,"href":"https:\/\/www.europesays.com\/be-fr\/wp-json\/wp\/v2\/users\/2"}],"replies":[{"embeddable":true,"href":"https:\/\/www.europesays.com\/be-fr\/wp-json\/wp\/v2\/comments?post=166213"}],"version-history":[{"count":0,"href":"https:\/\/www.europesays.com\/be-fr\/wp-json\/wp\/v2\/posts\/166213\/revisions"}],"wp:featuredmedia":[{"embeddable":true,"href":"https:\/\/www.europesays.com\/be-fr\/wp-json\/wp\/v2\/media\/166214"}],"wp:attachment":[{"href":"https:\/\/www.europesays.com\/be-fr\/wp-json\/wp\/v2\/media?parent=166213"}],"wp:term":[{"taxonomy":"category","embeddable":true,"href":"https:\/\/www.europesays.com\/be-fr\/wp-json\/wp\/v2\/categories?post=166213"},{"taxonomy":"post_tag","embeddable":true,"href":"https:\/\/www.europesays.com\/be-fr\/wp-json\/wp\/v2\/tags?post=166213"}],"curies":[{"name":"wp","href":"https:\/\/api.w.org\/{rel}","templated":true}]}}