{"id":166703,"date":"2026-07-07T09:38:12","date_gmt":"2026-07-07T09:38:12","guid":{"rendered":"https:\/\/www.europesays.com\/be-fr\/166703\/"},"modified":"2026-07-07T09:38:12","modified_gmt":"2026-07-07T09:38:12","slug":"petit-bois-de-naniot-cloture-par-son-proprietaire-la-ville-se-pourvoit-en-cassation-apres-avoir-perdu-en-appel","status":"publish","type":"post","link":"https:\/\/www.europesays.com\/be-fr\/166703\/","title":{"rendered":"Petit bois de Naniot cl\u00f4tur\u00e9 par son propri\u00e9taire: la Ville se pourvoit en #cassation apr\u00e8s avoir perdu en appel"},"content":{"rendered":"<p class=\"post-meta\"> 7 Juil 2026<\/p>\n<p><img loading=\"lazy\" decoding=\"async\" src=\"https:\/\/www.europesays.com\/be-fr\/wp-content\/uploads\/2026\/07\/bois-Naniot-1080x675.jpg\" alt=\"Petit bois de Naniot cl\u00f4tur\u00e9 par son propri\u00e9taire: la Ville se pourvoit en cassation apr\u00e8s avoir perdu en appel\" class=\"\" width=\"1080\" height=\"675\"  \/><\/p>\n<p>Ce petit bois, situ\u00e9 entre les rues Naniot, des Neuves Brassines et le boulevard L\u00e9on Philippet, est un lieu de passage et de d\u00e9tente historique pour les habitants des quartiers Naimette et Xhov\u00e9mont. Mais depuis qu\u2019il a \u00e9t\u00e9 acquis par un propri\u00e9taire priv\u00e9 lors d\u2019une vente publique, son acc\u00e8s est devenu l\u2019objet de vives tensions. Celui-ci a en effet entrepris de le cl\u00f4turer, pour en interdire l\u2019acc\u00e8s et b\u00e2tir une partie de la parcelle.<\/p>\n<p>Le propri\u00e9taire avait entam\u00e9 une proc\u00e9dure en Justice de Paix\u2026 qui lui a \u00e9t\u00e9 favorable en 2024. La Ville avait fait appel en octobre de la m\u00eame ann\u00e9e, soutenue par des riverains. Elle a perdu au mois de mars dernier. L\u2019endroit n\u2019a pas \u00e9t\u00e9 consid\u00e9r\u00e9 comme une r\u00e9elle servitude mais comme une simple tol\u00e9rance dudit propri\u00e9taire.<br \/>Selon la DH, qui suit attentivement le dossier, la Ville de Li\u00e8ge a maintenant d\u00e9cid\u00e9 de se pourvoir en cassation.<\/p>\n<p>Suivant : <a href=\"https:\/\/www.todayinliege.be\/accident-tram-velo-hier-a-lentree-de-saint-leonard\/\" rel=\"nofollow noopener\" target=\"_blank\">Accident tram-v\u00e9lo hier \u00e0 l\u2019entr\u00e9e de Saint-L\u00e9onard<\/a> <br \/>Pr\u00e9c\u00e9dent : <a href=\"https:\/\/www.todayinliege.be\/savez-vous-avec-quelles-villes-etrangeres-liege-est-jumelee-et-a-quoi-ca-sert\/\" rel=\"nofollow noopener\" target=\"_blank\">Savez-vous avec quelles villes \u00e9trang\u00e8res Li\u00e8ge est jumel\u00e9e et \u00e0 quoi \u00e7a sert ?<\/a> <\/p>\n<p>\u25ba Une erreur ou une proposition d&rsquo;article, <a href=\"\/contact#contact\">contactez-nous<\/a>.<\/p>\n","protected":false},"excerpt":{"rendered":"7 Juil 2026 Ce petit bois, situ\u00e9 entre les rues Naniot, des Neuves Brassines et le boulevard L\u00e9on&hellip;\n","protected":false},"author":2,"featured_media":166704,"comment_status":"","ping_status":"","sticky":false,"template":"","format":"standard","meta":{"footnotes":"","_share_on_mastodon":"0"},"categories":[2],"tags":[12,13,18,17],"class_list":["post-166703","post","type-post","status-publish","format-standard","has-post-thumbnail","category-belgique","tag-be","tag-be-fr","tag-belgique","tag-belgium"],"share_on_mastodon":{"url":"https:\/\/pubeurope.com\/@be_fr\/116878030402524255","error":""},"_links":{"self":[{"href":"https:\/\/www.europesays.com\/be-fr\/wp-json\/wp\/v2\/posts\/166703","targetHints":{"allow":["GET"]}}],"collection":[{"href":"https:\/\/www.europesays.com\/be-fr\/wp-json\/wp\/v2\/posts"}],"about":[{"href":"https:\/\/www.europesays.com\/be-fr\/wp-json\/wp\/v2\/types\/post"}],"author":[{"embeddable":true,"href":"https:\/\/www.europesays.com\/be-fr\/wp-json\/wp\/v2\/users\/2"}],"replies":[{"embeddable":true,"href":"https:\/\/www.europesays.com\/be-fr\/wp-json\/wp\/v2\/comments?post=166703"}],"version-history":[{"count":0,"href":"https:\/\/www.europesays.com\/be-fr\/wp-json\/wp\/v2\/posts\/166703\/revisions"}],"wp:featuredmedia":[{"embeddable":true,"href":"https:\/\/www.europesays.com\/be-fr\/wp-json\/wp\/v2\/media\/166704"}],"wp:attachment":[{"href":"https:\/\/www.europesays.com\/be-fr\/wp-json\/wp\/v2\/media?parent=166703"}],"wp:term":[{"taxonomy":"category","embeddable":true,"href":"https:\/\/www.europesays.com\/be-fr\/wp-json\/wp\/v2\/categories?post=166703"},{"taxonomy":"post_tag","embeddable":true,"href":"https:\/\/www.europesays.com\/be-fr\/wp-json\/wp\/v2\/tags?post=166703"}],"curies":[{"name":"wp","href":"https:\/\/api.w.org\/{rel}","templated":true}]}}