{"id":167399,"date":"2026-07-08T05:59:18","date_gmt":"2026-07-08T05:59:18","guid":{"rendered":"https:\/\/www.europesays.com\/be-fr\/167399\/"},"modified":"2026-07-08T05:59:18","modified_gmt":"2026-07-08T05:59:18","slug":"trois-jeunes-dont-un-anderlechtois-secourus-au-large-de-blankenberge-lundi-soir","status":"publish","type":"post","link":"https:\/\/www.europesays.com\/be-fr\/167399\/","title":{"rendered":"Trois jeunes, dont un Anderlechtois, secourus au large de Blankenberge lundi soir"},"content":{"rendered":"<p>\nTrois jeunes de 19 ans ont \u00e9t\u00e9 secourus en mer \u00e0\u00a0Blankenberge lundi soir, a indiqu\u00e9 mardi la zone de police locale de Blankenberge\/Zuienkerke. Deux d\u2019entre eux ont \u00e9t\u00e9 transport\u00e9s \u00e0 l\u2019h\u00f4pital pour suspicion d\u2019hypothermie.\n<\/p>\n<p class=\"MuiTypography-root MuiTypography-paragraph01 e1c7hpk70 css-li8meh\">Les services de secours ont \u00e9t\u00e9 appel\u00e9s vers 22h00 lundi. En difficult\u00e9, les nageurs s\u2019\u00e9taient agripp\u00e9s \u00e0 un brise-lames pr\u00e8s de la jet\u00e9e, tandis que des passants tentaient de les aider.<br \/>Arriv\u00e9e sur place avec des gilets de sauvetage, la police a finalement pu aider \u00e0 ramener les trois individus sur la terre ferme.<\/p>\n<p class=\"MuiTypography-root MuiTypography-paragraph01 e1c7hpk70 css-li8meh\">Il s\u2019agissait d\u2019un homme habitant Anderlecht et de deux femmes originaires de Lokeren, dont l\u2019une pr\u00e9sentait des \u00e9corchures aux jambes caus\u00e9es par le brise-lames.<br \/>Deux victimes pr\u00e9sentaient des sympt\u00f4mes d\u2019hypothermie et ont \u00e9t\u00e9 transport\u00e9es \u00e0 l\u2019h\u00f4pital.<\/p>\n<p class=\"MuiTypography-root MuiTypography-paragraph01 e1c7hpk70 css-li8meh\">La police locale rappelle qu\u2019il est extr\u00eamement dangereux de nager \u00e0 proximit\u00e9 d\u2019un brise-lames en raison des courants marins. De plus, il est interdit de se baigner en mer apr\u00e8s la fermeture des postes de sauvetage, \u00e0 18h30.<\/p>\n<p>Belga<\/p>\n","protected":false},"excerpt":{"rendered":"Trois jeunes de 19 ans ont \u00e9t\u00e9 secourus en mer \u00e0\u00a0Blankenberge lundi soir, a indiqu\u00e9 mardi la zone&hellip;\n","protected":false},"author":2,"featured_media":167400,"comment_status":"","ping_status":"","sticky":false,"template":"","format":"standard","meta":{"footnotes":"","_share_on_mastodon":"0"},"categories":[2],"tags":[12,13,18,17,52797,1481,39882],"class_list":["post-167399","post","type-post","status-publish","format-standard","has-post-thumbnail","category-belgique","tag-be","tag-be-fr","tag-belgique","tag-belgium","tag-blankenberg","tag-jeunes","tag-sauvetage"],"share_on_mastodon":{"url":"https:\/\/pubeurope.com\/@be_fr\/116882831105771132","error":""},"_links":{"self":[{"href":"https:\/\/www.europesays.com\/be-fr\/wp-json\/wp\/v2\/posts\/167399","targetHints":{"allow":["GET"]}}],"collection":[{"href":"https:\/\/www.europesays.com\/be-fr\/wp-json\/wp\/v2\/posts"}],"about":[{"href":"https:\/\/www.europesays.com\/be-fr\/wp-json\/wp\/v2\/types\/post"}],"author":[{"embeddable":true,"href":"https:\/\/www.europesays.com\/be-fr\/wp-json\/wp\/v2\/users\/2"}],"replies":[{"embeddable":true,"href":"https:\/\/www.europesays.com\/be-fr\/wp-json\/wp\/v2\/comments?post=167399"}],"version-history":[{"count":0,"href":"https:\/\/www.europesays.com\/be-fr\/wp-json\/wp\/v2\/posts\/167399\/revisions"}],"wp:featuredmedia":[{"embeddable":true,"href":"https:\/\/www.europesays.com\/be-fr\/wp-json\/wp\/v2\/media\/167400"}],"wp:attachment":[{"href":"https:\/\/www.europesays.com\/be-fr\/wp-json\/wp\/v2\/media?parent=167399"}],"wp:term":[{"taxonomy":"category","embeddable":true,"href":"https:\/\/www.europesays.com\/be-fr\/wp-json\/wp\/v2\/categories?post=167399"},{"taxonomy":"post_tag","embeddable":true,"href":"https:\/\/www.europesays.com\/be-fr\/wp-json\/wp\/v2\/tags?post=167399"}],"curies":[{"name":"wp","href":"https:\/\/api.w.org\/{rel}","templated":true}]}}