{"id":167843,"date":"2026-07-08T13:08:07","date_gmt":"2026-07-08T13:08:07","guid":{"rendered":"https:\/\/www.europesays.com\/be-fr\/167843\/"},"modified":"2026-07-08T13:08:07","modified_gmt":"2026-07-08T13:08:07","slug":"pairi-daiza-bat-un-nouveau-record","status":"publish","type":"post","link":"https:\/\/www.europesays.com\/be-fr\/167843\/","title":{"rendered":"Pairi Daiza bat un nouveau record"},"content":{"rendered":"<p>guillement<\/p>\n<p class=\"ap-StoryQuote-text\">\u00ab\u00a0Nous aurions pu nous contenter de ce qui est d\u00e9j\u00e0 accompli. Nous avons choisi de poursuivre notre mission.\u00a0\u00bb<\/p>\n<p>Bient\u00f4t un parc aquatique<\/p>\n<p class=\"ap-StoryElement ap-StoryElement--mb ap-StoryText\">Cette enveloppe a notamment permis de poursuivre ou d&rsquo;achever plusieurs projets d&rsquo;envergure. Parmi eux figure Edenya, le dixi\u00e8me monde de Pairi Daiza, mais aussi la construction du futur parc aquatique, appel\u00e9 \u00e0 devenir le onzi\u00e8me monde du Jardin.<\/p>\n<p class=\"ap-StoryElement ap-StoryElement--mb ap-StoryText\">Le parc a \u00e9galement investi dans la r\u00e9novation de plusieurs espaces embl\u00e9matiques, comme l&rsquo;Izba en Terre du Froid et la Maison de Th\u00e9 du Royaume du Milieu. L&rsquo;acquisition de nouvelles pierres semi-pr\u00e9cieuses figure \u00e9galement parmi les d\u00e9penses mises en avant par Pairi Daiza.<\/p>\n<p><a href=\"https:\/\/www.lalibre.be\/economie\/entreprises-startup\/2026\/06\/01\/eric-domb-il-y-a-une-espece-de-muraille-dideologie-qui-soppose-a-la-realite-observable-I7MPLE22QJF6VGQL3E77T22PDQ\/\" target=\"_self\" class=\"ap-StoryInterstitialLink ap-StoryElement ap-StoryElement--mb\" rel=\"nofollow noopener\">\u00c9ric Domb sur les \u00ab\u00a0pol\u00e9miques\u00a0\u00bb sur Pairi Daiza :\u00a0\u00bbLa situation que nous vivons est hallucinante\u00a0\u00bb<\/a><\/p>\n<p class=\"ap-StoryElement ap-StoryElement--mb ap-StoryText\">Le d\u00e9veloppement du parc s&rsquo;accompagne toutefois d&rsquo;une hausse de son endettement. Au 31 d\u00e9cembre 2025, le total du passif atteignait 579,7 millions d&rsquo;euros, contre 498,4 millions un an auparavant. Les dettes financi\u00e8res \u00e0 plus d&rsquo;un an s&rsquo;\u00e9levaient \u00e0 259,3 millions d&rsquo;euros, soit une augmentation de 62,9 millions en un an. \u00c0 court terme, elles atteignaient 104,9 millions d&rsquo;euros, dont 37,5 millions d&rsquo;\u00e9ch\u00e9ances pr\u00e9vues au cours des douze mois suivants.<\/p>\n<p class=\"ap-StoryElement ap-StoryElement--mb ap-StoryText\">Pairi Daiza explique cette \u00e9volution par l&rsquo;ampleur des chantiers actuellement men\u00e9s et par le choix de financer une partie de ses infrastructures \u00e0 long terme par l&#8217;emprunt.<\/p>\n<p class=\"ap-StoryElement ap-StoryElement--mb ap-StoryText\">\u00ab\u00a0Nous aurions pu nous contenter de ce qui est d\u00e9j\u00e0 accompli. Nous avons choisi de poursuivre notre mission\u00a0\u00bb, confie <a href=\"https:\/\/www.lalibre.be\/economie\/entreprises-startup\/2026\/06\/01\/eric-domb-il-y-a-une-espece-de-muraille-dideologie-qui-soppose-a-la-realite-observable-I7MPLE22QJF6VGQL3E77T22PDQ\/\" target=\"_self\" rel=\"nofollow noopener\">Eric Domb, pr\u00e9sident-fondateur de Pairi Daiza<\/a>. \u00ab\u00a0Chaque r\u00e9sultat nous donne les moyens de cr\u00e9er davantage et de pr\u00e9server davantage. Depuis plus de trente ans, nous b\u00e2tissons une \u0153uvre que nous voulons plus belle chaque ann\u00e9e et qui, nous l&rsquo;esp\u00e9rons, continuera d&rsquo;\u00e9merveiller bien apr\u00e8s nous.\u00a0\u00bb<\/p>\n<p>Plus de 500 \u00e9quivalents temps plein<\/p>\n<p class=\"ap-StoryElement ap-StoryElement--mb ap-StoryText\">La croissance du Jardin se mesure \u00e9galement en mati\u00e8re d&#8217;emploi. En 2025, Pairi Daiza a atteint un nouveau record avec 536,8 \u00e9quivalents temps plein.<\/p>\n<p class=\"ap-StoryElement ap-StoryElement--mb ap-StoryText\">Le parc met aussi en avant ses retomb\u00e9es plus larges sur l&rsquo;\u00e9conomie belge. Selon une \u00e9tude ind\u00e9pendante portant sur l&rsquo;ann\u00e9e 2024, r\u00e9alis\u00e9e par EKLO, SEGEFA-ULi\u00e8ge et HEC Consulting Group, Pairi Daiza aurait g\u00e9n\u00e9r\u00e9 quelque 145 millions d&rsquo;euros de retomb\u00e9es \u00e9conomiques et 125 millions d&rsquo;euros de recettes fiscales et parafiscales. Plus de 3 100 emplois directs et indirects auraient \u00e9galement \u00e9t\u00e9 soutenus en Belgique.<\/p>\n<p><a href=\"https:\/\/www.lalibre.be\/economie\/entreprises-startup\/2025\/12\/01\/pairi-daiza-au-coeur-des-negociations-budgetaires-le-mr-plaiderait-pour-une-exemption-AC4CKJAZBRFLJNNSJE6NDLVZFA\/\" target=\"_self\" class=\"ap-StoryInterstitialLink ap-StoryElement ap-StoryElement--mb\" rel=\"nofollow noopener\">Pairi Daiza au c\u0153ur de n\u00e9gociations budg\u00e9taires ? Des aspects \u00ab\u00a0communautaires\u00a0\u00bb s&rsquo;invitent dans les discussions<\/a><\/p>\n<p class=\"ap-StoryElement ap-StoryElement--mb ap-StoryText\">Ces donn\u00e9es portent toutefois sur 2024 et non sur l&rsquo;exercice dont les r\u00e9sultats viennent d&rsquo;\u00eatre publi\u00e9s. Pairi Daiza estime n\u00e9anmoins que la hausse de la fr\u00e9quentation et du chiffre d&rsquo;affaires enregistr\u00e9e en 2025 laisse pr\u00e9sager des retomb\u00e9es au moins \u00e9quivalentes.<\/p>\n<p class=\"ap-StoryElement ap-StoryElement--mb ap-StoryText\">Avec pr\u00e8s de 2,9 millions de visiteurs, un chiffre d&rsquo;affaires en forte progression et 118,2 millions d&rsquo;euros engag\u00e9s dans ses projets, le parc de Brugelette poursuit donc sa croissance \u00e0 un rythme soutenu.<\/p>\n<p class=\"ap-StoryElement ap-StoryElement--mb ap-StoryText\">Une strat\u00e9gie qui repose \u00e0 la fois sur ses r\u00e9sultats et sur un recours accru \u00e0 l&#8217;emprunt, avec en ligne de mire l&rsquo;ouverture de nouveaux mondes appel\u00e9s \u00e0 transformer encore profond\u00e9ment le visage de Pairi Daiza.<\/p>\n","protected":false},"excerpt":{"rendered":"guillement \u00ab\u00a0Nous aurions pu nous contenter de ce qui est d\u00e9j\u00e0 accompli. Nous avons choisi de poursuivre notre&hellip;\n","protected":false},"author":2,"featured_media":167844,"comment_status":"","ping_status":"","sticky":false,"template":"","format":"standard","meta":{"footnotes":"","_share_on_mastodon":"0"},"categories":[35],"tags":[12,13,18,17,38,37,36,7414,4484,1431,1433,1434,7417,7418,2982,7420],"class_list":["post-167843","post","type-post","status-publish","format-standard","has-post-thumbnail","category-economie","tag-be","tag-be-fr","tag-belgique","tag-belgium","tag-business","tag-economie","tag-economy","tag-namen","tag-parlement","tag-plenaire","tag-pleniere","tag-seance","tag-waals","tag-wallon","tag-wallonie","tag-zitting"],"share_on_mastodon":{"url":"https:\/\/pubeurope.com\/@be_fr\/116884518203993045","error":""},"_links":{"self":[{"href":"https:\/\/www.europesays.com\/be-fr\/wp-json\/wp\/v2\/posts\/167843","targetHints":{"allow":["GET"]}}],"collection":[{"href":"https:\/\/www.europesays.com\/be-fr\/wp-json\/wp\/v2\/posts"}],"about":[{"href":"https:\/\/www.europesays.com\/be-fr\/wp-json\/wp\/v2\/types\/post"}],"author":[{"embeddable":true,"href":"https:\/\/www.europesays.com\/be-fr\/wp-json\/wp\/v2\/users\/2"}],"replies":[{"embeddable":true,"href":"https:\/\/www.europesays.com\/be-fr\/wp-json\/wp\/v2\/comments?post=167843"}],"version-history":[{"count":0,"href":"https:\/\/www.europesays.com\/be-fr\/wp-json\/wp\/v2\/posts\/167843\/revisions"}],"wp:featuredmedia":[{"embeddable":true,"href":"https:\/\/www.europesays.com\/be-fr\/wp-json\/wp\/v2\/media\/167844"}],"wp:attachment":[{"href":"https:\/\/www.europesays.com\/be-fr\/wp-json\/wp\/v2\/media?parent=167843"}],"wp:term":[{"taxonomy":"category","embeddable":true,"href":"https:\/\/www.europesays.com\/be-fr\/wp-json\/wp\/v2\/categories?post=167843"},{"taxonomy":"post_tag","embeddable":true,"href":"https:\/\/www.europesays.com\/be-fr\/wp-json\/wp\/v2\/tags?post=167843"}],"curies":[{"name":"wp","href":"https:\/\/api.w.org\/{rel}","templated":true}]}}