{"id":168435,"date":"2026-07-08T23:36:19","date_gmt":"2026-07-08T23:36:19","guid":{"rendered":"https:\/\/www.europesays.com\/be-fr\/168435\/"},"modified":"2026-07-08T23:36:19","modified_gmt":"2026-07-08T23:36:19","slug":"katy-perry-au-nancy-open-air-des-navettes-pour-eviter-les-embouteillages","status":"publish","type":"post","link":"https:\/\/www.europesays.com\/be-fr\/168435\/","title":{"rendered":"Katy Perry au Nancy Open Air : des navettes pour \u00e9viter les embouteillages"},"content":{"rendered":"\n<p class=\"isSelectedEnd\">On ne doute pas qu&rsquo;il y aura du monde, et m\u00eame beaucoup de monde, ce dimanche 12 juillet au Nancy Open Air. Il faut dire que ce n&rsquo;est pas tous les jours que l&rsquo;on a l&rsquo;occasion de voir Katy Perry sur sc\u00e8ne. Apr\u00e8s Clair Obscur : Expedition 33, Gims, Orelsan, Le Roi Soleil et la Star Academy, c&rsquo;est au tour de la superstar am\u00e9ricaine de monter sur sc\u00e8ne.<\/p>\n<p>Comme lors de chaque repr\u00e9sentation, et afin d&rsquo;\u00e9viter les embouteillages, un syst\u00e8me de navettes gratuites sera mis en place. Les d\u00e9parts s&rsquo;effectueront entre 16 h et 20 h depuis l&rsquo;arr\u00eat Gare-Joffre, avec une navette toutes les 10 \u00e0 15 minutes. \u00c0 l&rsquo;issue du concert, les retours se feront depuis l&rsquo;arr\u00eat Gare-Poirel.<\/p>\n","protected":false},"excerpt":{"rendered":"On ne doute pas qu&rsquo;il y aura du monde, et m\u00eame beaucoup de monde, ce dimanche 12 juillet&hellip;\n","protected":false},"author":2,"featured_media":168436,"comment_status":"","ping_status":"","sticky":false,"template":"","format":"standard","meta":{"footnotes":"","_share_on_mastodon":"0"},"categories":[98],"tags":[1769,12,13,18,17,393,366,96,27325,95,5296,52982,2766,21363,107,108,52984,21078,50213,52985,12531,52983,17539,67],"class_list":["post-168435","post","type-post","status-publish","format-standard","has-post-thumbnail","category-musique","tag-air","tag-be","tag-be-fr","tag-belgique","tag-belgium","tag-bus","tag-concert","tag-divertissement","tag-embouteillage","tag-entertainment","tag-gare","tag-katy","tag-katy-perry","tag-meurthe-et-moselle","tag-music","tag-musique","tag-nanct","tag-nancy","tag-nancy-open-air","tag-navette","tag-open","tag-perry","tag-plaisir","tag-transport"],"share_on_mastodon":{"url":"https:\/\/pubeurope.com\/@be_fr\/116886987481361987","error":""},"_links":{"self":[{"href":"https:\/\/www.europesays.com\/be-fr\/wp-json\/wp\/v2\/posts\/168435","targetHints":{"allow":["GET"]}}],"collection":[{"href":"https:\/\/www.europesays.com\/be-fr\/wp-json\/wp\/v2\/posts"}],"about":[{"href":"https:\/\/www.europesays.com\/be-fr\/wp-json\/wp\/v2\/types\/post"}],"author":[{"embeddable":true,"href":"https:\/\/www.europesays.com\/be-fr\/wp-json\/wp\/v2\/users\/2"}],"replies":[{"embeddable":true,"href":"https:\/\/www.europesays.com\/be-fr\/wp-json\/wp\/v2\/comments?post=168435"}],"version-history":[{"count":0,"href":"https:\/\/www.europesays.com\/be-fr\/wp-json\/wp\/v2\/posts\/168435\/revisions"}],"wp:featuredmedia":[{"embeddable":true,"href":"https:\/\/www.europesays.com\/be-fr\/wp-json\/wp\/v2\/media\/168436"}],"wp:attachment":[{"href":"https:\/\/www.europesays.com\/be-fr\/wp-json\/wp\/v2\/media?parent=168435"}],"wp:term":[{"taxonomy":"category","embeddable":true,"href":"https:\/\/www.europesays.com\/be-fr\/wp-json\/wp\/v2\/categories?post=168435"},{"taxonomy":"post_tag","embeddable":true,"href":"https:\/\/www.europesays.com\/be-fr\/wp-json\/wp\/v2\/tags?post=168435"}],"curies":[{"name":"wp","href":"https:\/\/api.w.org\/{rel}","templated":true}]}}