{"id":168475,"date":"2026-07-09T03:21:48","date_gmt":"2026-07-09T03:21:48","guid":{"rendered":"https:\/\/www.europesays.com\/be-fr\/168475\/"},"modified":"2026-07-09T03:21:48","modified_gmt":"2026-07-09T03:21:48","slug":"vaiana-la-legende-du-bout-du-monde-film-2026-thomas-kail","status":"publish","type":"post","link":"https:\/\/www.europesays.com\/be-fr\/168475\/","title":{"rendered":"Vaiana: la l\u00e9gende du bout du monde | film 2026 | Thomas Kail"},"content":{"rendered":"<p>\ue023\u00a0S\u00e9ances de Vaiana: la l\u00e9gende du bout du monde\u00a0\u00bb&gt;<\/p>\n<p>\ue023\u00a0S\u00e9ances<\/p>\n<p>&#13;<br \/>\n                                        &#13;<br \/>\n                                            &#13;<br \/>\n                                                Aujourd&rsquo;hui&#13;<br \/>\n                                            &#13;<br \/>\n                                                &#13;<br \/>\n                                                vendredi 10 juil.&#13;<br \/>\n                                            &#13;<br \/>\n                                                &#13;<br \/>\n                                                samedi 11 juil.&#13;<br \/>\n                                            &#13;<br \/>\n                                                &#13;<br \/>\n                                                dimanche 12 juil.&#13;<br \/>\n                                            &#13;<br \/>\n                                                &#13;<br \/>\n                                                lundi 13 juil.&#13;<br \/>\n                                            &#13;<br \/>\n                                        &#13;\n                                    <\/p>\n<p>&#13;<br \/>\n                                        &#13;<br \/>\n                                            &#13;<br \/>\n                                                Anvers&#13;<br \/>\n                                            &#13;<br \/>\n                                                Brabant Flamand&#13;<br \/>\n                                            &#13;<br \/>\n                                                Brabant Wallon&#13;<br \/>\n                                            &#13;<br \/>\n                                                Hainaut&#13;<br \/>\n                                            &#13;<br \/>\n                                                Li\u00e8ge&#13;<br \/>\n                                            &#13;<br \/>\n                                                Limbourg&#13;<br \/>\n                                            &#13;<br \/>\n                                                Luxembourg&#13;<br \/>\n                                            &#13;<br \/>\n                                                Namur&#13;<br \/>\n                                            &#13;<br \/>\n                                                Flandre Orientale&#13;<br \/>\n                                            &#13;<br \/>\n                                                Flandre Occidentale&#13;<br \/>\n                                            &#13;<br \/>\n                                                Bruxelles&#13;<br \/>\n                                            &#13;<br \/>\n                                        &#13;\n                                    <\/p>\n<p>\ue02f\u00a0VOD\u00a0\u00bb&gt;<\/p>\n<p>\ue02f\u00a0VOD<\/p>\n<p>T\u00e9l\u00e9charger et regarder Vaiana: la l\u00e9gende du bout du monde en VOD.<\/p>\n<p>\ue012\u00a0Concours\u00a0\u00bb&gt;<\/p>\n<p>\ue012\u00a0Concours<\/p>\n<p>\ue028\u00a0Vid\u00e9os\u00a0\u00bb&gt;<\/p>\n<p>\ue028\u00a0Vid\u00e9os<\/p>\n<p>Bande-annonce (1) : VO st Bil.<\/p>\n<p>                                            <a href=\"https:\/\/www.cinenews.be\/fr\/films\/vaiana-la-legende-du-bout-du-monde-1\/javascript:javascript:void(0)\" onclick=\"this.closest(&#039;.mvplayer&#039;).mvplayer.load()\" style=\"top:0;right:0;left:0;bottom:0;position:absolute;font-family: cn2022;font-size: 3rem;font-weight:normal;display: flex;align-items: center;flex-direction: row;justify-content: center;\" rel=\"nofollow noopener\" target=\"_blank\">\ue010<\/a><\/p>\n<p>Bande-annonce (3) : VO st Bil.<\/p>\n<p>                                            <a href=\"https:\/\/www.cinenews.be\/fr\/films\/vaiana-la-legende-du-bout-du-monde-1\/javascript:javascript:void(0)\" onclick=\"this.closest(&#039;.mvplayer&#039;).mvplayer.load()\" style=\"top:0;right:0;left:0;bottom:0;position:absolute;font-family: cn2022;font-size: 3rem;font-weight:normal;display: flex;align-items: center;flex-direction: row;justify-content: center;\" rel=\"nofollow noopener\" target=\"_blank\">\ue010<\/a><\/p>\n<p>\ue012\u00a0Galerie photos\u00a0\u00bb&gt;<\/p>\n<p>\ue012\u00a0Galerie photos (6)<\/p>\n<p>\ue00c\u00a0Casting\u00a0\u00bb&gt;<\/p>\n<p>\ue00c\u00a0Casting<\/p>\n<p>\ue003\u00a0Votre avis\u00a0\u00bb&gt;<\/p>\n<p>\ue003\u00a0Avis<\/p>\n<p>\ue003\u00a0Avis des blogueurs\u00a0\u00bb&gt;<\/p>\n<p>\ue003\u00a0Avis des blogueurs<\/p>\n<p>\ue033\u00a0Vaiana: la l\u00e9gende du bout du monde a \u00e9t\u00e9 s\u00e9lectionn\u00e9 dans\u00a0\u00bb&gt;<\/p>\n<p>\ue033\u00a0\u00ab\u00a0Vaiana: la l\u00e9gende du bout du monde\u00a0\u00bb a \u00e9t\u00e9 s\u00e9lectionn\u00e9 dans&#8230;<\/p>\n<p>\ue02e\u00a0Toute l&rsquo;actualit\u00e9 sur Vaiana: la l\u00e9gende du bout du monde\u00a0\u00bb&gt;<\/p>\n<p>\ue02e\u00a0Toute l&rsquo;actualit\u00e9 sur \u00ab\u00a0Vaiana: la l\u00e9gende du bout du monde\u00a0\u00bb<\/p>\n<p>                                &#13;<br \/>\n                                    <a href=\"https:\/\/www.cinenews.be\/fr\/cinema\/actualites\/166873\/decouvrez-la-nouvelle-bande-annonce-pour-vaiana-la-legende-du-bout-du-monde\/\" title=\"D\u00e9couvrez la nouvelle bande-annonce pour Vaiana: la L\u00e9gende du bout du Monde - Actu\" style=\"position:relative;\" rel=\"nofollow noopener\" target=\"_blank\"><img decoding=\"async\" data-hd-quality=\"90\" src=\"https:\/\/www.europesays.com\/be-fr\/wp-content\/uploads\/2026\/07\/decouvrez-la-nouvelle-bande-annonce-pour-vaiana-la-legende-du-bout-du-monde.20260612100416.webp\" loading=\"lazy\" alt=\"D\u00e9couvrez la nouvelle bande-annonce pour Vaiana: la L\u00e9gende du bout du Monde - Actu\" width=\"300\" height=\"168\" border=\"0\" style=\"visibility: visible; opacity: 1; display: block;\"\/> <\/a> &#13;<\/p>\n<p>                                &#13;<br \/>\n                                    <a href=\"https:\/\/www.cinenews.be\/fr\/cinema\/actualites\/165378\/decouvrez-la-premiere-bande-annonce-pour-vaiana-la-legende-du-bout-du-monde\/\" title=\"D\u00e9couvrez la premi\u00e8re bande-annonce pour Vaiana: la L\u00e9gende du bout du Monde - Actu\" style=\"position:relative;\" rel=\"nofollow noopener\" target=\"_blank\"><img decoding=\"async\" data-hd-quality=\"90\" src=\"https:\/\/www.europesays.com\/be-fr\/wp-content\/uploads\/2026\/07\/decouvrez-la-premiere-bande-annonce-pour-vaiana-la-legende-du-bout-du-monde.20251118033830.webp\" loading=\"lazy\" alt=\"D\u00e9couvrez la premi\u00e8re bande-annonce pour Vaiana: la L\u00e9gende du bout du Monde - Actu\" width=\"300\" height=\"168\" border=\"0\" style=\"visibility: visible; opacity: 1; display: block;\"\/> <\/a> &#13;<\/p>\n<p>\ue02d\u00a0Autres films \u00e0 l&rsquo;affiche&#8230;\u00a0\u00bb&gt;<\/p>\n<p>\ue02d\u00a0Autres films \u00e0 l&rsquo;affiche&#8230;<\/p>\n<p>                                &#13;<br \/>\n                                    <a href=\"https:\/\/www.cinenews.be\/fr\/films\/supergirl-woman-of-tomorrow\/\" title=\"Supergirl - Fantastique, Aventure\" rel=\"nofollow noopener\" target=\"_blank\"><img decoding=\"async\" data-hd-quality=\"80\" src=\"https:\/\/www.europesays.com\/be-fr\/wp-content\/uploads\/2026\/07\/supergirl-woman-of-tomorrow.20260407022212.webp\" loading=\"lazy\" alt=\"Supergirl - Fantastique, Aventure\" width=\"300\" height=\"410\" border=\"0\" style=\"visibility: visible; opacity: 1; display: block;\"\/><\/a> &#13;<\/p>\n<p>                                &#13;<br \/>\n                                    <a href=\"https:\/\/www.cinenews.be\/fr\/films\/le-virtuose\/\" title=\"Le Virtuose - Policier\" rel=\"nofollow noopener\" target=\"_blank\"><img decoding=\"async\" data-hd-quality=\"80\" src=\"https:\/\/www.europesays.com\/be-fr\/wp-content\/uploads\/2026\/07\/le-virtuose.20260528040435.webp\" loading=\"lazy\" alt=\"Le Virtuose - Policier\" width=\"300\" height=\"410\" border=\"0\" style=\"visibility: visible; opacity: 1; display: block;\"\/><\/a> &#13;<\/p>\n<p>                                &#13;<br \/>\n                                    <a href=\"https:\/\/www.cinenews.be\/fr\/films\/les-parfait-s\/\" title=\"Les parfait(s) - Com\u00e9die\" rel=\"nofollow noopener\" target=\"_blank\"><img decoding=\"async\" data-hd-quality=\"80\" src=\"https:\/\/www.europesays.com\/be-fr\/wp-content\/uploads\/2026\/07\/les-parfait-s.20260630030235.webp\" loading=\"lazy\" alt=\"Les parfait(s) - Com\u00e9die\" width=\"300\" height=\"410\" border=\"0\" style=\"visibility: visible; opacity: 1; display: block;\"\/><\/a> &#13;<\/p>\n<p>                                &#13;<br \/>\n                                    <a href=\"https:\/\/www.cinenews.be\/fr\/films\/la-bataille-de-gaulle-j-ecris-ton-nom\/\" title=\"La bataille de Gaulle: J&#039;\u00e9cris ton nom\u00a0 - Drame\" rel=\"nofollow noopener\" target=\"_blank\"><img decoding=\"async\" data-hd-quality=\"80\" src=\"https:\/\/www.europesays.com\/be-fr\/wp-content\/uploads\/2026\/07\/la-bataille-de-gaulle-j-ecris-ton-nom.20260616013749.webp\" loading=\"lazy\" alt=\"La bataille de Gaulle: J'\u00e9cris ton nom\u00a0 - Drame\" width=\"300\" height=\"410\" border=\"0\" style=\"visibility: visible; opacity: 1; display: block;\"\/><\/a> &#13;<\/p>\n<p>                                &#13;<br \/>\n                                    <a href=\"https:\/\/www.cinenews.be\/fr\/films\/in-waves\/\" title=\"In Waves - Animation\" rel=\"nofollow noopener\" target=\"_blank\"><img decoding=\"async\" data-hd-quality=\"80\" src=\"https:\/\/www.europesays.com\/be-fr\/wp-content\/uploads\/2026\/07\/in-waves.20260529021801.webp\" loading=\"lazy\" alt=\"In Waves - Animation\" width=\"300\" height=\"410\" border=\"0\" style=\"visibility: visible; opacity: 1; display: block;\"\/><\/a> <a href=\"https:\/\/www.cinenews.be\/fr\/films\/in-waves\/\" title=\"In Waves - Animation\" rel=\"nofollow noopener\" target=\"_blank\">In Waves<\/a><a href=\"https:\/\/www.cinenews.be\/fr\/cinema\/films\/par-genre\/genre\/animation\/\" itemprop=\"genre\" rel=\"nofollow noopener\" target=\"_blank\">Animation<\/a>\u00a0De : <a href=\"https:\/\/www.cinenews.be\/fr\/acteurs\/phuong-mai-nguyen\/filmographie\/\" rel=\"nofollow noopener\" target=\"_blank\">Phuong Mai Nguyen<\/a>Avec : <a href=\"https:\/\/www.cinenews.be\/fr\/acteurs\/rio-vega\/filmographie\/\" rel=\"nofollow noopener\" target=\"_blank\">Rio Vega<\/a>, <a href=\"https:\/\/www.cinenews.be\/fr\/acteurs\/lyna-khoudri\/filmographie\/\" rel=\"nofollow noopener\" target=\"_blank\">Lyna Khoudri<\/a>, <a href=\"https:\/\/www.cinenews.be\/fr\/acteurs\/paul-kircher\/filmographie\/\" rel=\"nofollow noopener\" target=\"_blank\">Paul Kircher<\/a>, <a href=\"https:\/\/www.cinenews.be\/fr\/acteurs\/birane-ba\/filmographie\/\" rel=\"nofollow noopener\" target=\"_blank\">Birane Ba<\/a>,&#8230;A Los Angeles, AJ, lyc\u00e9en discret, rencontre Kristen. Elle est passionn\u00e9e de surf, lui de skateboard et de dessin. Ils tombent follement amoureux ; un avenir heureux se profile. Mais tout bascule lorsque Kristen tombe malade. Ensemble, ils se lancent dans un combat contre l&rsquo;adversit\u00e9, port\u00e9s par la&#8230; <a href=\"https:\/\/www.cinenews.be\/fr\/films\/in-waves\/\" class=\"readmore c\" title=\"Synopsis : In Waves - Animation\" rel=\"nofollow noopener\" target=\"_blank\">Lire la suite&#8230;<\/a> &#13;<\/p>\n<p>                                &#13;<br \/>\n                                    <a href=\"https:\/\/www.cinenews.be\/fr\/films\/silent-friend\/\" title=\"Silent Friend - Biographie\" rel=\"nofollow noopener\" target=\"_blank\"><img decoding=\"async\" data-hd-quality=\"80\" src=\"https:\/\/www.europesays.com\/be-fr\/wp-content\/uploads\/2026\/07\/silent-friend.20260529020027.webp\" loading=\"lazy\" alt=\"Silent Friend - Biographie\" width=\"300\" height=\"410\" border=\"0\" style=\"visibility: visible; opacity: 1; display: block;\"\/><\/a> &#13;<\/p>\n<p>                                &#13;<br \/>\n                                    <a href=\"https:\/\/www.cinenews.be\/fr\/films\/gohan\/\" title=\"Gohan - Drame\" rel=\"nofollow noopener\" target=\"_blank\"><img decoding=\"async\" data-hd-quality=\"80\" src=\"https:\/\/www.europesays.com\/be-fr\/wp-content\/uploads\/2026\/07\/gohan.20260424025206.webp\" loading=\"lazy\" alt=\"Gohan - Drame\" width=\"300\" height=\"410\" border=\"0\" style=\"visibility: visible; opacity: 1; display: block;\"\/><\/a> <a href=\"https:\/\/www.cinenews.be\/fr\/films\/gohan\/\" title=\"Gohan - Drame\" rel=\"nofollow noopener\" target=\"_blank\">Gohan<\/a><a href=\"https:\/\/www.cinenews.be\/fr\/cinema\/films\/par-genre\/genre\/drame\/\" itemprop=\"genre\" rel=\"nofollow noopener\" target=\"_blank\">Drame<\/a>\u00a0De : <a href=\"https:\/\/www.cinenews.be\/fr\/acteurs\/chayanop-boonprakob\/filmographie\/\" rel=\"nofollow noopener\" target=\"_blank\">Chayanop Boonprakob<\/a>, <a href=\"https:\/\/www.cinenews.be\/fr\/acteurs\/atta-hemwadee\/filmographie\/\" rel=\"nofollow noopener\" target=\"_blank\">\u00a0Atta Hemwadee<\/a>, <a href=\"https:\/\/www.cinenews.be\/fr\/acteurs\/baz-poonpiriya\/filmographie\/\" rel=\"nofollow noopener\" target=\"_blank\">Baz Poonpiriya<\/a>Au coin d&rsquo;un 7-Eleven dans une ville c\u00f4ti\u00e8re de Tha\u00eflande, une petite boule de poils blancs avec un nez rose, Gohan, un chien errant, attend patiemment une main tendue. Ce qui commence par une simple poign\u00e9e de riz devient une odyss\u00e9e de plusieurs ann\u00e9es \u00e0 travers le destin de trois inconnus. Qu&rsquo;il&#8230; <a href=\"https:\/\/www.cinenews.be\/fr\/films\/gohan\/\" class=\"readmore c\" title=\"Synopsis : Gohan - Drame\" rel=\"nofollow noopener\" target=\"_blank\">Lire la suite&#8230;<\/a> &#13;<\/p>\n<p>                                &#13;<br \/>\n                                    <a href=\"https:\/\/www.cinenews.be\/fr\/films\/la-grande-revasion\/\" title=\"La Grande R\u00eavasion - Animation\" rel=\"nofollow noopener\" target=\"_blank\"><img decoding=\"async\" data-hd-quality=\"80\" src=\"https:\/\/www.europesays.com\/be-fr\/wp-content\/uploads\/2026\/07\/la-grande-revasion.20260630025759.webp\" loading=\"lazy\" alt=\"La Grande R\u00eavasion - Animation\" width=\"300\" height=\"410\" border=\"0\" style=\"visibility: visible; opacity: 1; display: block;\"\/><\/a> <a href=\"https:\/\/www.cinenews.be\/fr\/films\/la-grande-revasion\/\" title=\"La Grande R\u00eavasion - Animation\" rel=\"nofollow noopener\" target=\"_blank\">La Grande R\u00eavasion<\/a><a href=\"https:\/\/www.cinenews.be\/fr\/cinema\/films\/par-genre\/genre\/animation\/\" itemprop=\"genre\" rel=\"nofollow noopener\" target=\"_blank\">Animation<\/a>\u00a0De : <a href=\"https:\/\/www.cinenews.be\/fr\/acteurs\/remi-durin\/filmographie\/\" rel=\"nofollow noopener\" target=\"_blank\">R\u00e9mi Durin<\/a>, <a href=\"https:\/\/www.cinenews.be\/fr\/acteurs\/bram-algoed\/filmographie\/\" rel=\"nofollow noopener\" target=\"_blank\">Bram Algoed<\/a>, <a href=\"https:\/\/www.cinenews.be\/fr\/acteurs\/eric-montchaud\/filmographie\/\" rel=\"nofollow noopener\" target=\"_blank\">Eric Montchaud<\/a>Un programme de trois courts m\u00e9trages o\u00f9 l&rsquo;imagination donne des ailes ! Avoir le trac avant de monter sur sc\u00e8ne et s&rsquo;inventer un monde, d\u00e9couvrir un objet bien myst\u00e9rieux ou ce qui se cache dans une grande bo\u00eete, ces trois court-m\u00e9trages \u00e9veilleront l&rsquo;imaginaire et aideront les jeunes spectateurs \u00e0&#8230; <a href=\"https:\/\/www.cinenews.be\/fr\/films\/la-grande-revasion\/\" class=\"readmore c\" title=\"Synopsis : La Grande R\u00eavasion - Animation\" rel=\"nofollow noopener\" target=\"_blank\">Lire la suite&#8230;<\/a> &#13;<\/p>\n","protected":false},"excerpt":{"rendered":"\ue023\u00a0S\u00e9ances de Vaiana: la l\u00e9gende du bout du monde\u00a0\u00bb&gt; \ue023\u00a0S\u00e9ances &#13; &#13; &#13; Aujourd&rsquo;hui&#13; &#13; &#13; vendredi 10&hellip;\n","protected":false},"author":2,"featured_media":168476,"comment_status":"","ping_status":"","sticky":false,"template":"","format":"standard","meta":{"footnotes":"","_share_on_mastodon":"0"},"categories":[97],"tags":[52993,10,12,13,52990,18,17,20358,52989,96,6424,95,106,52991,52992,105,52946,15417,52988],"class_list":["post-168475","post","type-post","status-publish","format-standard","has-post-thumbnail","category-films","tag-2026-07-08","tag-actualites","tag-be","tag-be-fr","tag-beau-flynn","tag-belgique","tag-belgium","tag-cinemas","tag-dany-garcia","tag-divertissement","tag-dwayne-johnson","tag-entertainment","tag-films","tag-hiram-garcia","tag-lin-manuel-miranda","tag-movies","tag-thomas-kail","tag-vaiana","tag-vaiana-la-legende-du-bout-du-monde"],"share_on_mastodon":{"url":"https:\/\/pubeurope.com\/@be_fr\/116887872526480241","error":""},"_links":{"self":[{"href":"https:\/\/www.europesays.com\/be-fr\/wp-json\/wp\/v2\/posts\/168475","targetHints":{"allow":["GET"]}}],"collection":[{"href":"https:\/\/www.europesays.com\/be-fr\/wp-json\/wp\/v2\/posts"}],"about":[{"href":"https:\/\/www.europesays.com\/be-fr\/wp-json\/wp\/v2\/types\/post"}],"author":[{"embeddable":true,"href":"https:\/\/www.europesays.com\/be-fr\/wp-json\/wp\/v2\/users\/2"}],"replies":[{"embeddable":true,"href":"https:\/\/www.europesays.com\/be-fr\/wp-json\/wp\/v2\/comments?post=168475"}],"version-history":[{"count":0,"href":"https:\/\/www.europesays.com\/be-fr\/wp-json\/wp\/v2\/posts\/168475\/revisions"}],"wp:featuredmedia":[{"embeddable":true,"href":"https:\/\/www.europesays.com\/be-fr\/wp-json\/wp\/v2\/media\/168476"}],"wp:attachment":[{"href":"https:\/\/www.europesays.com\/be-fr\/wp-json\/wp\/v2\/media?parent=168475"}],"wp:term":[{"taxonomy":"category","embeddable":true,"href":"https:\/\/www.europesays.com\/be-fr\/wp-json\/wp\/v2\/categories?post=168475"},{"taxonomy":"post_tag","embeddable":true,"href":"https:\/\/www.europesays.com\/be-fr\/wp-json\/wp\/v2\/tags?post=168475"}],"curies":[{"name":"wp","href":"https:\/\/api.w.org\/{rel}","templated":true}]}}