{"id":16997,"date":"2026-02-23T16:11:11","date_gmt":"2026-02-23T16:11:11","guid":{"rendered":"https:\/\/www.europesays.com\/be-fr\/16997\/"},"modified":"2026-02-23T16:11:11","modified_gmt":"2026-02-23T16:11:11","slug":"plus-belle-la-vie-spoilers-lea-et-apolline-demasquees-un-tueur-de-retour-les-resumes-jusquau-13-mars-2026","status":"publish","type":"post","link":"https:\/\/www.europesays.com\/be-fr\/16997\/","title":{"rendered":"Plus Belle La Vie spoilers : L\u00e9a et Apolline d\u00e9masqu\u00e9es ? Un tueur de retour, les r\u00e9sum\u00e9s jusqu&rsquo;au 13 mars 2026"},"content":{"rendered":"<p>\n<br \/>Publicit\u00e9<\/p>\n<p>Plus belle la vie spoilers : les r\u00e9sum\u00e9s en avance jusqu\u2019au 13 mars 2026 \u2013 Que va-t-il se passer en mars dans votre s\u00e9rie marseillaise de TF1 \u00ab\u00a0Plus belle la vie, encore plus belle\u00a0\u00bb ? Si vous \u00eates curieux d\u2019en savoir plus, alors c\u2019est le moment. <a href=\"https:\/\/www.stars-actu.fr\/tag\/pblv\/\" target=\"_blank\" rel=\"nofollow noopener\">Stars Actu<\/a> vous d\u00e9voile les nouveaux r\u00e9sum\u00e9s spoilers de \u00ab\u00a0Plus belle la vie, encore plus belle\u00a0\u00bb pour la semaine du lundi 9 au vendredi 13 mars 2026.<\/p>\n<p style=\"text-align: center;\">ATTENTION SPOILERS, ne lisez pas si vous ne voulez pas savoir.<\/p>\n<p><img fetchpriority=\"high\" decoding=\"async\" src=\"data:image\/svg+xml,%3Csvg%20xmlns=\" http:=\"\" alt=\"Plus Belle La Vie spoilers : L\u00e9a et Apolline d\u00e9masqu\u00e9es ? Un tueur de retour, les r\u00e9sum\u00e9s jusqu'au 13 mars 2026\" width=\"1200\" height=\"669\" class=\"size-full wp-image-179523\" data-lazy- data-lazy- data-lazy-src=\"https:\/\/www.europesays.com\/be-fr\/wp-content\/uploads\/2026\/02\/pblv-14h.jpg\"\/><img fetchpriority=\"high\" decoding=\"async\" src=\"https:\/\/www.europesays.com\/be-fr\/wp-content\/uploads\/2026\/02\/pblv-14h.jpg\" alt=\"Plus Belle La Vie spoilers : L\u00e9a et Apolline d\u00e9masqu\u00e9es ? Un tueur de retour, les r\u00e9sum\u00e9s jusqu'au 13 mars 2026\" width=\"1200\" height=\"669\" class=\"size-full wp-image-179523\"  \/>Capture TF1<\/p>\n<p>\n<br \/>Publicit\u00e9<\/p>\n<p>Dans deux semaines, on peut vous dire que la liaison entre Apolline et L\u00e9a pourrait bien \u00eatre d\u00e9voil\u00e9e. Les deux jeunes femmes se montrent imprudentes et Jean-Paul pourrait bien tomber de tr\u00e8s haut en d\u00e9couvrant l\u2019infid\u00e9lit\u00e9 de sa femme\u2026 Et comme les malheurs ne s\u2019arr\u00eatent pas l\u00e0 pour Boher, il doit composer avec le retour de Darius Kassian, encore d\u00e9termin\u00e9e \u00e0 tirer les ficelles.<\/p>\n<p>Pour Zo\u00e9, la cohabitation avec Ariane et Djawad devient pesante. Et Robert annonce une terrible nouvelle \u00e0 Mirta\u2026<\/p>\n<p>\n<br \/>Publicit\u00e9<\/p>\n<p>Plus belle la vie spoilers : les r\u00e9sum\u00e9s de la semaine du 9 au 13 mars 2026<\/p>\n<p>Lundi 9 mars 2026 (\u00e9pisode 535) : Les derniers \u00e9v\u00e9nements permettent aux d\u00e9tectives et aux policiers de faire avancer l\u2019enqu\u00eate. Au m\u00eame moment, le centre p\u00e9nitentiaire alerte le commissariat de la pr\u00e9sence d\u2019un colis suspect. Amoureuse, Apolline a pr\u00e9par\u00e9 une surprise \u00e0 sa moiti\u00e9.<\/p>\n<p>Mardi 10 mars 2026 (\u00e9pisode 536) : Au commissariat, les policiers redoutent ce que contient le myst\u00e9rieux colis. Inquiet pour la sant\u00e9 d\u2019un proche, Riva tente de le convaincre de suivre un traitement. De son c\u00f4t\u00e9, Luna refuse de baisser les bras pour son petit-fils.<\/p>\n<p>Mercredi 11 mars 2026 (\u00e9pisode 537) : Une lourde menace plane sur le quartier du Mistral et un de ses habitants. En parall\u00e8le, Jennifer se lie d\u2019amiti\u00e9 avec une nouvelle connaissance. Lors du tutorat, Lucie s\u2019interroge sur l\u2019attitude de Martin.<\/p>\n<p>Jeudi 12 mars 2026 (\u00e9pisode 538) : Pour avancer, les policiers doivent accepter de suivre les r\u00e8gles de leur suspect. Malgr\u00e9 sa bonne action, Vanessa n\u2019est pas tir\u00e9e de l\u2019affaire Oktalis. Chez les Hersant, Zo\u00e9 cherche \u00e0 s\u2019extirper du cocon familial.<\/p>\n<p>Vendredi 13 mars 2026 (\u00e9pisode 539) : Les policiers sont toujours \u00e0 la recherche de nouveaux \u00e9l\u00e9ments pour r\u00e9soudre l\u2019\u00e9nigme. Par manque de vigilance, la nouvelle histoire de L\u00e9a risque d\u2019\u00eatre compromise. Au Mistral, Robert a une terrible nouvelle \u00e0 annoncer \u00e0 Mirta.<\/p>\n<p>Plus belle la vie spoilers : les r\u00e9sum\u00e9s pr\u00e9c\u00e9dents<\/p>\n<p>Vous avez loup\u00e9 les r\u00e9sum\u00e9s en avance et autres spoilers pr\u00e9c\u00e9dents ? Pas de panique. Retrouvez \u00e9galement tous les r\u00e9sum\u00e9s de \u00ab\u00a0Plus belle la vie, encore plus belle\u00a0\u00bb :<\/p>\n","protected":false},"excerpt":{"rendered":"Publicit\u00e9 Plus belle la vie spoilers : les r\u00e9sum\u00e9s en avance jusqu\u2019au 13 mars 2026 \u2013 Que va-t-il&hellip;\n","protected":false},"author":2,"featured_media":16998,"comment_status":"","ping_status":"","sticky":false,"template":"","format":"standard","meta":{"footnotes":"","_share_on_mastodon":"0"},"categories":[99],"tags":[12,13,18,17,96,95,1812,1447,112],"class_list":["post-16997","post","type-post","status-publish","format-standard","has-post-thumbnail","category-television","tag-be","tag-be-fr","tag-belgique","tag-belgium","tag-divertissement","tag-entertainment","tag-pblv","tag-plus-belle-la-vie","tag-television"],"share_on_mastodon":{"url":"","error":""},"_links":{"self":[{"href":"https:\/\/www.europesays.com\/be-fr\/wp-json\/wp\/v2\/posts\/16997","targetHints":{"allow":["GET"]}}],"collection":[{"href":"https:\/\/www.europesays.com\/be-fr\/wp-json\/wp\/v2\/posts"}],"about":[{"href":"https:\/\/www.europesays.com\/be-fr\/wp-json\/wp\/v2\/types\/post"}],"author":[{"embeddable":true,"href":"https:\/\/www.europesays.com\/be-fr\/wp-json\/wp\/v2\/users\/2"}],"replies":[{"embeddable":true,"href":"https:\/\/www.europesays.com\/be-fr\/wp-json\/wp\/v2\/comments?post=16997"}],"version-history":[{"count":0,"href":"https:\/\/www.europesays.com\/be-fr\/wp-json\/wp\/v2\/posts\/16997\/revisions"}],"wp:featuredmedia":[{"embeddable":true,"href":"https:\/\/www.europesays.com\/be-fr\/wp-json\/wp\/v2\/media\/16998"}],"wp:attachment":[{"href":"https:\/\/www.europesays.com\/be-fr\/wp-json\/wp\/v2\/media?parent=16997"}],"wp:term":[{"taxonomy":"category","embeddable":true,"href":"https:\/\/www.europesays.com\/be-fr\/wp-json\/wp\/v2\/categories?post=16997"},{"taxonomy":"post_tag","embeddable":true,"href":"https:\/\/www.europesays.com\/be-fr\/wp-json\/wp\/v2\/tags?post=16997"}],"curies":[{"name":"wp","href":"https:\/\/api.w.org\/{rel}","templated":true}]}}