{"id":170374,"date":"2026-07-10T15:27:27","date_gmt":"2026-07-10T15:27:27","guid":{"rendered":"https:\/\/www.europesays.com\/be-fr\/170374\/"},"modified":"2026-07-10T15:27:27","modified_gmt":"2026-07-10T15:27:27","slug":"olivier-desvaux-et-jonathan-florent-la-jeune-garde-des-peintres-de-la-marine-sexpose-au-musee-des-thoniers-a-etel","status":"publish","type":"post","link":"https:\/\/www.europesays.com\/be-fr\/170374\/","title":{"rendered":"Olivier Desvaux et Jonathan Florent, la jeune garde des peintres de la Marine s\u2019expose au Mus\u00e9e des thoniers \u00e0 \u00c9tel"},"content":{"rendered":"<p>\n      Jusqu\u2019au 31 ao\u00fbt, le Mus\u00e9e des thoniers, \u00e0 \u00c9tel, accueille une exposition de la jeune garde des peintres officiels de la Marine avec pr\u00e8s 70 tableaux des artistes Olivier Desvaux et Jonathan Florent. Un article de la r\u00e9daction du T\u00e9l\u00e9gramme.\n    <\/p>\n<p>Apr\u00e8s les <a href=\"https:\/\/www.letelegramme.fr\/morbihan\/etel-56410\/michel-king-et-francois-bellec-les-deux-doyens-des-peintres-de-la-marine-aux-thoniers-detel-6850416.php#:~:text=Elle%20r%C3%A9unit%20les%20deux%20doyens,posthume%20(il%20est%20d%C3%A9c%C3%A9d%C3%A9%20en\" rel=\"nofollow noopener\" target=\"_blank\">doyens des peintres officiels de la Marine l\u2019\u00e9t\u00e9 dernier<\/a>, le Mus\u00e9e des thoniers, \u00e0 \u00c9tel, accueille cet \u00e9t\u00e9 la jeune garde qui arrive avec un niveau de qualit\u00e9 comparable, Olivier Desvaux et Jonathan Florent. Ils \u00e9taient jusqu\u2019\u00e0 ces derni\u00e8res semaines les benjamins des peintres officiels de la Marine.<\/p>\n<p>C\u2019est une des raisons pour laquelle Yannick Agron, responsable des expositions artistiques du mus\u00e9e, les a sollicit\u00e9s. \u00ab\u00a0Mais c\u2019est surtout pour la qualit\u00e9 de leur \u0153uvre et leurs bleus sublimes\u00a0\u00bb, confie-t-il, en \u00ab\u00a0amoureux des bleus\u00a0\u00bb. Les exposer de concert est aussi un vrai choix.<\/p>\n<p>Pr\u00e8s de 70 tableaux expos\u00e9s<\/p>\n<p>\u00ab\u00a0Ce sont des grands artistes qui se connaissent et s\u2019appr\u00e9cient, ils sont tr\u00e8s diff\u00e9rents dans leurs fa\u00e7ons de peindre et leur technique mais ce qu\u2019ils pr\u00e9sentent est magnifique\u00a0\u00bb, explique Yannick Agron. Le point commun, s\u2019il faut en chercher un, se situe dans leur art de la composition et du dessin, avec des approches tr\u00e8s graphiques et des mati\u00e8res et lumi\u00e8res et reflets tr\u00e8s travaill\u00e9s.<\/p>\n<p>Venu de Caudebec-en-Caux (Seine-Maritime), <a href=\"https:\/\/www.letelegramme.fr\/ille-et-vilaine\/dinard-35800\/dinard-olivier-desvaux-peintre-de-la-marine-expose-a-la-galerie-winston-285256.php\" rel=\"nofollow noopener\" target=\"_blank\">Olivier Desvaux est dipl\u00f4m\u00e9 des Arts d\u00e9co de Paris<\/a>. Illustrateur et grand voyageur, il a \u00e9t\u00e9 a \u00e9t\u00e9 nomm\u00e9 peintre officiel de la marine en 2018. <a href=\"https:\/\/www.letelegramme.fr\/finistere\/morlaix-29600\/a-plougasnou-jonathan-florent-est-officiellement-peintre-de-la-marine-3858574.php\" rel=\"nofollow noopener\" target=\"_blank\">Quant \u00e0 Jonathan Florent, de Plougasnou (29)<\/a>, il est \u00e9galement dessinateur et navigateur. Il a \u00e9t\u00e9 nomm\u00e9 peintre officiel de la Marine en 2021. Ses \u0153uvres, influenc\u00e9es par la BD, narrent des paysages de mer et de rivages, voire de montagne. Ils pr\u00e9sentent 70 tableaux, dont de tr\u00e8s grands formats.<\/p>\n<p>Pratique : Exposition d\u2019Olivier Desvaux et Jonathan Florent jusqu\u2019au 31 ao\u00fbt au Mus\u00e9e des thoniers, \u00e0 \u00c9tel, du lundi au vendredi, entre 10\u00a0h et 12\u00a0h\u00a030 et entre 14\u00a0h\u00a030 et 18\u00a0h\u00a030, samedi-dimanche entre 14\u00a0h\u00a030 et 18\u00a0h\u00a030. Contact\u00a0: 02\u00a097\u00a055\u00a026\u00a067<\/p>\n<p>Un article publi\u00e9 sur<a href=\"https:\/\/www.letelegramme.fr\/morbihan\/etel-56410\/olivier-desvaux-et-jonathan-florent-la-jeune-garde-des-peintres-de-la-marine-sexpose-au-musee-des-thoniers-a-etel-7080030.php\" target=\"_blank\" rel=\"nofollow noopener\"> Le T\u00e9l\u00e9gramme<\/a><\/p>\n<p>\u00a0<\/p>\n","protected":false},"excerpt":{"rendered":"Jusqu\u2019au 31 ao\u00fbt, le Mus\u00e9e des thoniers, \u00e0 \u00c9tel, accueille une exposition de la jeune garde des peintres&hellip;\n","protected":false},"author":2,"featured_media":170375,"comment_status":"","ping_status":"","sticky":false,"template":"","format":"standard","meta":{"footnotes":"","_share_on_mastodon":"0"},"categories":[101],"tags":[126,124,125,12,13,18,17,11358,11372,11359,11367,11360,11364,2234,127,96,95,11365,11370,11363,11369,2677,11357,11356,5682,11361,11368,11362,11371,11366],"class_list":["post-170374","post","type-post","status-publish","format-standard","has-post-thumbnail","category-arts-et-design","tag-arts","tag-arts-and-design","tag-arts-et-design","tag-be","tag-be-fr","tag-belgique","tag-belgium","tag-chantiers","tag-commando","tag-construction-navale","tag-costa","tag-croisiere","tag-dcns","tag-defense","tag-design","tag-divertissement","tag-entertainment","tag-euronaval","tag-fremm","tag-interviews","tag-littoral","tag-marine","tag-marine-nationale","tag-maritime","tag-mer","tag-offshore","tag-peche","tag-reportages","tag-sncm","tag-stx"],"share_on_mastodon":{"url":"https:\/\/pubeurope.com\/@be_fr\/116896389349635580","error":""},"_links":{"self":[{"href":"https:\/\/www.europesays.com\/be-fr\/wp-json\/wp\/v2\/posts\/170374","targetHints":{"allow":["GET"]}}],"collection":[{"href":"https:\/\/www.europesays.com\/be-fr\/wp-json\/wp\/v2\/posts"}],"about":[{"href":"https:\/\/www.europesays.com\/be-fr\/wp-json\/wp\/v2\/types\/post"}],"author":[{"embeddable":true,"href":"https:\/\/www.europesays.com\/be-fr\/wp-json\/wp\/v2\/users\/2"}],"replies":[{"embeddable":true,"href":"https:\/\/www.europesays.com\/be-fr\/wp-json\/wp\/v2\/comments?post=170374"}],"version-history":[{"count":0,"href":"https:\/\/www.europesays.com\/be-fr\/wp-json\/wp\/v2\/posts\/170374\/revisions"}],"wp:featuredmedia":[{"embeddable":true,"href":"https:\/\/www.europesays.com\/be-fr\/wp-json\/wp\/v2\/media\/170375"}],"wp:attachment":[{"href":"https:\/\/www.europesays.com\/be-fr\/wp-json\/wp\/v2\/media?parent=170374"}],"wp:term":[{"taxonomy":"category","embeddable":true,"href":"https:\/\/www.europesays.com\/be-fr\/wp-json\/wp\/v2\/categories?post=170374"},{"taxonomy":"post_tag","embeddable":true,"href":"https:\/\/www.europesays.com\/be-fr\/wp-json\/wp\/v2\/tags?post=170374"}],"curies":[{"name":"wp","href":"https:\/\/api.w.org\/{rel}","templated":true}]}}