{"id":170662,"date":"2026-07-10T19:54:50","date_gmt":"2026-07-10T19:54:50","guid":{"rendered":"https:\/\/www.europesays.com\/be-fr\/170662\/"},"modified":"2026-07-10T19:54:50","modified_gmt":"2026-07-10T19:54:50","slug":"naissance-dun-4e-bebe-issu-dune-greffe-duterus-en-france-a-lhopital-foch","status":"publish","type":"post","link":"https:\/\/www.europesays.com\/be-fr\/170662\/","title":{"rendered":"Naissance d\u2019un 4e b\u00e9b\u00e9 issu d\u2019une greffe d\u2019ut\u00e9rus en France, \u00e0 l\u2019H\u00f4pital Foch"},"content":{"rendered":"<p class=\"mb-4 text-lg md:leading-8 break-words\">La greffe avait \u00e9t\u00e9 annonc\u00e9e en 2023. L&rsquo;h\u00f4pital Foch de Suresnes (Hauts-de-Seine), en premi\u00e8re ligne dans le domaine des greffes d&rsquo;ut\u00e9rus, a annonc\u00e9 que le succ\u00e8s de cette troisi\u00e8me greffe est total, puisqu&rsquo;un b\u00e9b\u00e9 est depuis n\u00e9 de cette greffe.<\/p>\n<p class=\"mb-4 text-lg md:leading-8 break-words\">Pr\u00e9cisant que la naissance s&rsquo;est d\u00e9roul\u00e9e dans de tr\u00e8s bonnes conditions, le 3 juillet dernier, au terme de 8 mois de grossesse, l&rsquo;\u00e9tablissement hospitalier indique dans un communiqu\u00e9 que Louisa, 2kg600 \u00e0 la naissance, est ainsi \u00ab le quatri\u00e8me b\u00e9b\u00e9 n\u00e9 d&rsquo;une greffe ut\u00e9rus en France apr\u00e8s Misha, Maxine (n\u00e9e de D\u00e9borah, premi\u00e8re greff\u00e9e) et L\u00e9onie (n\u00e9e d&rsquo;Ana\u00efs, deuxi\u00e8me greff\u00e9e) \u00bb.<\/p>\n<p class=\"mb-4 text-lg md:leading-8 break-words\">La maman de cette petite Louisa, Oc\u00e9ane, \u00e9tait atteinte d&rsquo;une ag\u00e9n\u00e9sie ut\u00e9rine, autrement dit porteuse d&rsquo;un ut\u00e9rus atrophi\u00e9, d\u00fb au syndrome MRKH, ou syndrome de Rokitansky. Une malformation cong\u00e9nitale rare qui concerne une naissance sur 4 500 en France.<\/p>\n<p class=\"mb-4 text-lg md:leading-8 break-words\">Oc\u00e9ane a pu b\u00e9n\u00e9ficier, en octobre 2023, d&rsquo;une greffe d&rsquo;ut\u00e9rus venant de sa m\u00e8re, qui n&rsquo;\u00e9tait pas atteinte de ce syndrome rare.<\/p>\n<p class=\"mb-4 text-lg md:leading-8 break-words\">&#8230;<\/p>\n<p class=\"mb-4 text-lg md:leading-8 break-words\"><a data-ylk=\"slk:Lire la suite;elm:context_link;itc:0;sec:content-canvas;\" data-yga=\"{&quot;yLinkElement&quot;:&quot;link&quot;,&quot;yLinkElementType&quot;:&quot;article_link&quot;}\" href=\"https:\/\/www.parents.fr\/actualites\/grossesse\/naissance-dun-4e-bebe-issu-dune-greffe-duterus-en-france-a-lhopital-foch-1154708#at_medium=affiliate&amp;at_campaign=flux_rss&amp;at_type=Yahoo\" rel=\"noopener noreferrer nofollow\" target=\"_blank\">Lire la suite<\/a><\/p>\n","protected":false},"excerpt":{"rendered":"La greffe avait \u00e9t\u00e9 annonc\u00e9e en 2023. L&rsquo;h\u00f4pital Foch de Suresnes (Hauts-de-Seine), en premi\u00e8re ligne dans le domaine&hellip;\n","protected":false},"author":2,"featured_media":170663,"comment_status":"","ping_status":"","sticky":false,"template":"","format":"standard","meta":{"footnotes":"","_share_on_mastodon":"0"},"categories":[82],"tags":[53455,12,13,18,17,8025,19518,86,53456,87,1650],"class_list":["post-170662","post","type-post","status-publish","format-standard","has-post-thumbnail","category-sante","tag-8-mois-de-grossesse","tag-be","tag-be-fr","tag-belgique","tag-belgium","tag-greffe","tag-hauts-de-seine","tag-health","tag-premiere-ligne","tag-sante","tag-uterus"],"share_on_mastodon":{"url":"https:\/\/pubeurope.com\/@be_fr\/116897442970602826","error":""},"_links":{"self":[{"href":"https:\/\/www.europesays.com\/be-fr\/wp-json\/wp\/v2\/posts\/170662","targetHints":{"allow":["GET"]}}],"collection":[{"href":"https:\/\/www.europesays.com\/be-fr\/wp-json\/wp\/v2\/posts"}],"about":[{"href":"https:\/\/www.europesays.com\/be-fr\/wp-json\/wp\/v2\/types\/post"}],"author":[{"embeddable":true,"href":"https:\/\/www.europesays.com\/be-fr\/wp-json\/wp\/v2\/users\/2"}],"replies":[{"embeddable":true,"href":"https:\/\/www.europesays.com\/be-fr\/wp-json\/wp\/v2\/comments?post=170662"}],"version-history":[{"count":0,"href":"https:\/\/www.europesays.com\/be-fr\/wp-json\/wp\/v2\/posts\/170662\/revisions"}],"wp:featuredmedia":[{"embeddable":true,"href":"https:\/\/www.europesays.com\/be-fr\/wp-json\/wp\/v2\/media\/170663"}],"wp:attachment":[{"href":"https:\/\/www.europesays.com\/be-fr\/wp-json\/wp\/v2\/media?parent=170662"}],"wp:term":[{"taxonomy":"category","embeddable":true,"href":"https:\/\/www.europesays.com\/be-fr\/wp-json\/wp\/v2\/categories?post=170662"},{"taxonomy":"post_tag","embeddable":true,"href":"https:\/\/www.europesays.com\/be-fr\/wp-json\/wp\/v2\/tags?post=170662"}],"curies":[{"name":"wp","href":"https:\/\/api.w.org\/{rel}","templated":true}]}}