{"id":171213,"date":"2026-07-11T11:29:20","date_gmt":"2026-07-11T11:29:20","guid":{"rendered":"https:\/\/www.europesays.com\/be-fr\/171213\/"},"modified":"2026-07-11T11:29:20","modified_gmt":"2026-07-11T11:29:20","slug":"amel-bent-ouvre-le-baudetstival-2026-devant-5-000-spectateurs-a-bertrix-video-et-photos","status":"publish","type":"post","link":"https:\/\/www.europesays.com\/be-fr\/171213\/","title":{"rendered":"Amel Bent ouvre le Baudet&rsquo;stival 2026 devant 5\u00a0000 spectateurs \u00e0 Bertrix (vid\u00e9o et photos)"},"content":{"rendered":"<p><img loading=\"lazy\" decoding=\"async\" class=\"w-full lazyload lazyload--opacity object-contain\" style=\"aspect-ratio:150 \/ 100;opacity:1\" alt=\"Le Baudet\u2019stival est lanc\u00e9. Pour son premier soir, le festival bertrigeois a accueilli Amel Bent accompagn\u00e9e d'autres artistes sur les sc\u00e8nes de la place des Trois Fers.\" width=\"768\" height=\"513\" fetchpriority=\"auto\" src=\"https:\/\/www.europesays.com\/be-fr\/wp-content\/uploads\/2026\/07\/1783769358_775_S5VKD3X55FFF3BW6V4SEHXNP7I.png\"  data- data-optimumx=\"1\"\/><img loading=\"lazy\" decoding=\"async\" src=\"https:\/\/www.europesays.com\/be-fr\/wp-content\/uploads\/2026\/07\/34HK7JSYXRBEVAPSS5XHWV3GAA.jpg\" width=\"768\" height=\"513\" alt=\"Le Baudet\u2019stival est lanc\u00e9. Pour son premier soir, le festival bertrigeois a accueilli Amel Bent accompagn\u00e9e d'autres artistes sur les sc\u00e8nes de la place des Trois Fers.\" class=\"absolute inset-0 w-full\"\/>Amel Bent a lanc\u00e9 le Baudet&rsquo;stival 2026 ce vendredi 10 juillet \u00e0 Bertrix devant pr\u00e8s de 5 000 spectateurs r\u00e9unis sur la place des Trois Fers. \u00a9EdA Claudy Petit<\/p>\n<p class=\"ap-StoryElement ap-StoryElement--mb ap-StoryText\">Un concert plac\u00e9 sous le signe de l&rsquo;\u00e9motion<\/p>\n<p class=\"ap-StoryElement ap-StoryElement--mb ap-StoryText\">Depuis quelques mois, Amel Bent est en tourn\u00e9e avec son huiti\u00e8me album, Minuit une. Bertrix faisait partie de ses premi\u00e8res dates dans <a href=\"https:\/\/www.lavenir.net\/culture\/festival\/2026\/05\/25\/sting-aux-francos-vanessa-paradis-a-lasemo-soprano-aux-solidarites-plus-de-1300-artistes-en-belgique-pour-les-festivals-2026-videos-7SIZ56VNQFAUVAMQBHUTPPY4QU\/\" target=\"_self\" rel=\"nofollow noopener\">les festivals de l&rsquo;\u00e9t\u00e9<\/a>.<\/p>\n<p class=\"ap-StoryElement ap-StoryElement--mb ap-StoryText\">L&rsquo;artiste a ouvert son concert avec D\u00e9charge mentale, un titre issu de son nouvel album. Un morceau qui illustre le ton de ses nouvelles chansons, plus personnelles et introspectives.<\/p>\n<p><img loading=\"lazy\" decoding=\"async\" class=\"w-full lazyload lazyload--opacity object-contain\" style=\"aspect-ratio:150 \/ 100;opacity:1\" alt=\"Le Baudet\u2019stival est lanc\u00e9. Pour son premier soir, le festival bertrigeois a accueilli Amel Bent accompagn\u00e9e d'autres artistes sur les sc\u00e8nes de la place des Trois Fers.\" width=\"768\" height=\"513\" fetchpriority=\"auto\" src=\"https:\/\/www.europesays.com\/be-fr\/wp-content\/uploads\/2026\/07\/1783769358_775_S5VKD3X55FFF3BW6V4SEHXNP7I.png\"  data- data-optimumx=\"1\"\/><img loading=\"lazy\" decoding=\"async\" src=\"https:\/\/www.europesays.com\/be-fr\/wp-content\/uploads\/2026\/07\/BLINTL3HP5ETTBI7R7ENHX5ZGE.jpg\" width=\"768\" height=\"513\" alt=\"Le Baudet\u2019stival est lanc\u00e9. Pour son premier soir, le festival bertrigeois a accueilli Amel Bent accompagn\u00e9e d'autres artistes sur les sc\u00e8nes de la place des Trois Fers.\" class=\"absolute inset-0 w-full\"\/>Sur la sc\u00e8ne du Baudet&rsquo;stival, Amel Bent a m\u00eal\u00e9 chansons et textes parl\u00e9s-chant\u00e9s, partageant avec le public des morceaux aux accents personnels et introspectifs. \u00a9EdA Claudy Petit<\/p>\n<p class=\"ap-StoryElement ap-StoryElement--mb ap-StoryText\">Sur sc\u00e8ne, Amel Bent a altern\u00e9 entre interpr\u00e9tations musicales et textes parl\u00e9s-chant\u00e9s, parfois proches du slam. Ses chansons, construites autour de th\u00e8mes personnels, ont rapidement trouv\u00e9 un \u00e9cho aupr\u00e8s du public.<\/p>\n<p><a href=\"https:\/\/www.lavenir.net\/regions\/luxembourg\/libramont-chevigny\/2026\/05\/27\/le-13e-baudetstival-promet-en-juillet-a-bertrix-des-finances-saines-retrouvees-et-une-affiche-au-top-XBTV2GVI75F7ZN5EW34UWR4GOA\/\" target=\"_self\" class=\"ap-StoryInterstitialLink ap-StoryElement ap-StoryElement--mb\" rel=\"nofollow noopener\">Le 13e Baudet&rsquo;stival promet en juillet \u00e0 Bertrix : des finances saines retrouv\u00e9es et une affiche au top<\/a><\/p>\n<p class=\"ap-StoryElement ap-StoryElement--mb ap-StoryText\">Apr\u00e8s s&rsquo;\u00eatre \u00e9loign\u00e9e de la sc\u00e8ne pendant plus d&rsquo;un an, la chanteuse a fait son retour avec de nouveaux morceaux. \u00c0 Bertrix, elle a c\u00e9l\u00e9br\u00e9 ses 20 ans de carri\u00e8re avec un public qui lui a largement t\u00e9moign\u00e9 son soutien.<\/p>\n<p class=\"ap-StoryElement ap-StoryElement--mb ap-StoryText\">\u00ab\u00a0Amel, on t&rsquo;aime ! \u00ab\u00a0, a lanc\u00e9 une partie des spectateurs pendant le concert.<\/p>\n<p class=\"ap-StoryElement ap-StoryElement--mb ap-StoryText\">Une ambiance de communion avec le public<\/p>\n<p class=\"ap-StoryElement ap-StoryElement--mb ap-StoryText\">La proximit\u00e9 entre l&rsquo;artiste et son public a marqu\u00e9 cette premi\u00e8re soir\u00e9e du festival. Une festivali\u00e8re r\u00e9sume l&rsquo;exp\u00e9rience ainsi : \u00ab\u00a0Amel, c&rsquo;est une th\u00e9rapie de groupe. \u00ab\u00a0<\/p>\n<p class=\"ap-StoryElement ap-StoryElement--mb ap-StoryText\">Une th\u00e9rapie v\u00e9cue par 5 000 personnes sur la place des Trois Fers, pour lancer cette treizi\u00e8me \u00e9dition du Baudet&rsquo;stival.<\/p>\n","protected":false},"excerpt":{"rendered":"Amel Bent a lanc\u00e9 le Baudet&rsquo;stival 2026 ce vendredi 10 juillet \u00e0 Bertrix devant pr\u00e8s de 5 000&hellip;\n","protected":false},"author":2,"featured_media":171214,"comment_status":"","ping_status":"","sticky":false,"template":"","format":"standard","meta":{"footnotes":"","_share_on_mastodon":"0"},"categories":[102],"tags":[53665,3719,53671,12,13,18,17,53668,129,128,96,53666,95,53670,8595,109,1876,53667,6130,12882,53669,6129,6133,6134],"class_list":["post-171213","post","type-post","status-publish","format-standard","has-post-thumbnail","category-people","tag-53665","tag-3719","tag-20220618_zna_c181_272-jpg","tag-be","tag-be-fr","tag-belgique","tag-belgium","tag-category_code_new","tag-celebrities","tag-celebrity","tag-divertissement","tag-eduardo","tag-entertainment","tag-europapress_4528249_extinguishing_fire_in_alto_perdon_june_18_20","tag-june","tag-people","tag-press","tag-sanz","tag-zagency","tag-zlast24","tag-znoworldrights","tag-zselect","tag-zuma","tag-zumapress-com"],"share_on_mastodon":{"url":"https:\/\/pubeurope.com\/@be_fr\/116901116090596134","error":""},"_links":{"self":[{"href":"https:\/\/www.europesays.com\/be-fr\/wp-json\/wp\/v2\/posts\/171213","targetHints":{"allow":["GET"]}}],"collection":[{"href":"https:\/\/www.europesays.com\/be-fr\/wp-json\/wp\/v2\/posts"}],"about":[{"href":"https:\/\/www.europesays.com\/be-fr\/wp-json\/wp\/v2\/types\/post"}],"author":[{"embeddable":true,"href":"https:\/\/www.europesays.com\/be-fr\/wp-json\/wp\/v2\/users\/2"}],"replies":[{"embeddable":true,"href":"https:\/\/www.europesays.com\/be-fr\/wp-json\/wp\/v2\/comments?post=171213"}],"version-history":[{"count":0,"href":"https:\/\/www.europesays.com\/be-fr\/wp-json\/wp\/v2\/posts\/171213\/revisions"}],"wp:featuredmedia":[{"embeddable":true,"href":"https:\/\/www.europesays.com\/be-fr\/wp-json\/wp\/v2\/media\/171214"}],"wp:attachment":[{"href":"https:\/\/www.europesays.com\/be-fr\/wp-json\/wp\/v2\/media?parent=171213"}],"wp:term":[{"taxonomy":"category","embeddable":true,"href":"https:\/\/www.europesays.com\/be-fr\/wp-json\/wp\/v2\/categories?post=171213"},{"taxonomy":"post_tag","embeddable":true,"href":"https:\/\/www.europesays.com\/be-fr\/wp-json\/wp\/v2\/tags?post=171213"}],"curies":[{"name":"wp","href":"https:\/\/api.w.org\/{rel}","templated":true}]}}