{"id":171621,"date":"2026-07-11T21:30:46","date_gmt":"2026-07-11T21:30:46","guid":{"rendered":"https:\/\/www.europesays.com\/be-fr\/171621\/"},"modified":"2026-07-11T21:30:46","modified_gmt":"2026-07-11T21:30:46","slug":"vierge-voici-votre-horoscope-de-lete-par-notre-astrologue-patricia-millis-contacts-interessants","status":"publish","type":"post","link":"https:\/\/www.europesays.com\/be-fr\/171621\/","title":{"rendered":"Vierge\u00a0: voici votre horoscope de l\u2019\u00e9t\u00e9 par notre astrologue Patricia Millis, \u00ab\u00a0contacts int\u00e9ressants\u00a0!\u00a0\u00bb"},"content":{"rendered":"<p>VIERGE, contacts int\u00e9ressants\u00a0!<\/p>\n<p>Mercure, V\u00e9nus et le Soleil traversent votre signe cet \u00e9t\u00e9, autant dire que l\u2019\u00e9nergie du c\u0153ur s\u2019emballe. Mais aussi celle de la communication, avec de belles qualit\u00e9s d\u2019analyse\u00a0: les solutions arrivent rapidement, tout s\u2019\u00e9claire, de plus vos talents d\u2019organisation ne sont plus \u00e0 d\u00e9montrer, tout est rang\u00e9, ordonn\u00e9 et bien pens\u00e9 pour faciliter les t\u00e2ches. En d\u00e9but d\u2019\u00e9t\u00e9, le renouveau op\u00e8re dans le domaine du travail, de nouvelles id\u00e9es vous traversent l\u2019esprit. Les voyages font du bien, ils permettent de vous d\u00e9lester du stress accumul\u00e9\u00a0; en clair, l\u00e2chez prise\u00a0!<\/p>\n<p>En amour\u00a0: Une belle complicit\u00e9 se marque dans les couples, les \u00e9changes sont agr\u00e9ables. En solo, nouvelles rencontres possibles, vous vous sentez enfin respect\u00e9.<\/p>\n","protected":false},"excerpt":{"rendered":"VIERGE, contacts int\u00e9ressants\u00a0! Mercure, V\u00e9nus et le Soleil traversent votre signe cet \u00e9t\u00e9, autant dire que l\u2019\u00e9nergie du&hellip;\n","protected":false},"author":2,"featured_media":171622,"comment_status":"","ping_status":"","sticky":false,"template":"","format":"standard","meta":{"footnotes":"","_share_on_mastodon":"0"},"categories":[83],"tags":[53851,53849,12,13,18,17,96,95,5523,14655,53852,53850,1722,26143,45913,4202,12646],"class_list":["post-171621","post","type-post","status-publish","format-standard","has-post-thumbnail","category-divertissement","tag-contacts","tag-astrologue","tag-be","tag-be-fr","tag-belgique","tag-belgium","tag-divertissement","tag-entertainment","tag-ete","tag-horoscope","tag-interessants","tag-millis","tag-notre","tag-patricia","tag-vierge","tag-voici","tag-votre"],"share_on_mastodon":{"url":"https:\/\/pubeurope.com\/@be_fr\/116903478835141226","error":""},"_links":{"self":[{"href":"https:\/\/www.europesays.com\/be-fr\/wp-json\/wp\/v2\/posts\/171621","targetHints":{"allow":["GET"]}}],"collection":[{"href":"https:\/\/www.europesays.com\/be-fr\/wp-json\/wp\/v2\/posts"}],"about":[{"href":"https:\/\/www.europesays.com\/be-fr\/wp-json\/wp\/v2\/types\/post"}],"author":[{"embeddable":true,"href":"https:\/\/www.europesays.com\/be-fr\/wp-json\/wp\/v2\/users\/2"}],"replies":[{"embeddable":true,"href":"https:\/\/www.europesays.com\/be-fr\/wp-json\/wp\/v2\/comments?post=171621"}],"version-history":[{"count":0,"href":"https:\/\/www.europesays.com\/be-fr\/wp-json\/wp\/v2\/posts\/171621\/revisions"}],"wp:featuredmedia":[{"embeddable":true,"href":"https:\/\/www.europesays.com\/be-fr\/wp-json\/wp\/v2\/media\/171622"}],"wp:attachment":[{"href":"https:\/\/www.europesays.com\/be-fr\/wp-json\/wp\/v2\/media?parent=171621"}],"wp:term":[{"taxonomy":"category","embeddable":true,"href":"https:\/\/www.europesays.com\/be-fr\/wp-json\/wp\/v2\/categories?post=171621"},{"taxonomy":"post_tag","embeddable":true,"href":"https:\/\/www.europesays.com\/be-fr\/wp-json\/wp\/v2\/tags?post=171621"}],"curies":[{"name":"wp","href":"https:\/\/api.w.org\/{rel}","templated":true}]}}