{"id":172001,"date":"2026-07-12T09:05:20","date_gmt":"2026-07-12T09:05:20","guid":{"rendered":"https:\/\/www.europesays.com\/be-fr\/172001\/"},"modified":"2026-07-12T09:05:20","modified_gmt":"2026-07-12T09:05:20","slug":"cancer-voici-votre-horoscope-de-lete-par-notre-astrologue-patricia-millis-ecoutez-vos-intuitions","status":"publish","type":"post","link":"https:\/\/www.europesays.com\/be-fr\/172001\/","title":{"rendered":"Cancer\u00a0: voici votre horoscope de l\u2019\u00e9t\u00e9 par notre astrologue Patricia Millis, \u00ab\u00a0\u00e9coutez vos intuitions\u00a0!\u00a0\u00bb"},"content":{"rendered":"<p>CANCER, \u00e9coutez vos intuitions\u00a0!<\/p>\n<p>L\u2019\u00e9t\u00e9 vous invite \u00e0 ralentir la cadence dans le domaine de la vie sociale et professionnelle. Prenez du temps pour vous, ne le gaspillez pas \u00e0 des t\u00e2ches qui peuvent attendre. Vous \u00eates la personne la plus importante de votre vie, soyez-en conscient\u00a0! Ecoutez votre corps, vos ressentis, vos intuitions. Pluton et Neptune bien connect\u00e9s vous permettent de reprendre confiance, de faire un gros travail d\u2019introspection qui vous permettra d\u2019envisager le futur sous un angle diff\u00e9rent et positif.<\/p>\n<p>En amour\u00a0: L\u2019\u00e9nergie de V\u00e9nus am\u00e8ne de la douceur, elle chemine dans les secteurs de votre vie personnelle\u00a0: vous vivez des moments pr\u00e9cieux avec la famille, les enfants et tous ceux que vous portez dans votre c\u0153ur.<\/p>\n","protected":false},"excerpt":{"rendered":"CANCER, \u00e9coutez vos intuitions\u00a0! L\u2019\u00e9t\u00e9 vous invite \u00e0 ralentir la cadence dans le domaine de la vie sociale&hellip;\n","protected":false},"author":2,"featured_media":172002,"comment_status":"","ping_status":"","sticky":false,"template":"","format":"standard","meta":{"footnotes":"","_share_on_mastodon":"0"},"categories":[83],"tags":[53849,12,13,18,17,89,96,42273,95,5523,14655,53934,53850,1722,26143,4202,12646],"class_list":["post-172001","post","type-post","status-publish","format-standard","has-post-thumbnail","category-divertissement","tag-astrologue","tag-be","tag-be-fr","tag-belgique","tag-belgium","tag-cancer","tag-divertissement","tag-ecoutez","tag-entertainment","tag-ete","tag-horoscope","tag-intuitions","tag-millis","tag-notre","tag-patricia","tag-voici","tag-votre"],"share_on_mastodon":{"url":"https:\/\/pubeurope.com\/@be_fr\/116906211888494590","error":""},"_links":{"self":[{"href":"https:\/\/www.europesays.com\/be-fr\/wp-json\/wp\/v2\/posts\/172001","targetHints":{"allow":["GET"]}}],"collection":[{"href":"https:\/\/www.europesays.com\/be-fr\/wp-json\/wp\/v2\/posts"}],"about":[{"href":"https:\/\/www.europesays.com\/be-fr\/wp-json\/wp\/v2\/types\/post"}],"author":[{"embeddable":true,"href":"https:\/\/www.europesays.com\/be-fr\/wp-json\/wp\/v2\/users\/2"}],"replies":[{"embeddable":true,"href":"https:\/\/www.europesays.com\/be-fr\/wp-json\/wp\/v2\/comments?post=172001"}],"version-history":[{"count":0,"href":"https:\/\/www.europesays.com\/be-fr\/wp-json\/wp\/v2\/posts\/172001\/revisions"}],"wp:featuredmedia":[{"embeddable":true,"href":"https:\/\/www.europesays.com\/be-fr\/wp-json\/wp\/v2\/media\/172002"}],"wp:attachment":[{"href":"https:\/\/www.europesays.com\/be-fr\/wp-json\/wp\/v2\/media?parent=172001"}],"wp:term":[{"taxonomy":"category","embeddable":true,"href":"https:\/\/www.europesays.com\/be-fr\/wp-json\/wp\/v2\/categories?post=172001"},{"taxonomy":"post_tag","embeddable":true,"href":"https:\/\/www.europesays.com\/be-fr\/wp-json\/wp\/v2\/tags?post=172001"}],"curies":[{"name":"wp","href":"https:\/\/api.w.org\/{rel}","templated":true}]}}