{"id":174172,"date":"2026-07-14T08:51:23","date_gmt":"2026-07-14T08:51:23","guid":{"rendered":"https:\/\/www.europesays.com\/be-fr\/174172\/"},"modified":"2026-07-14T08:51:23","modified_gmt":"2026-07-14T08:51:23","slug":"comment-expliquer-la-decision-surprenante-de-leandro-trossard-qui-quitte-lun-des-meilleurs-clubs-du-monde","status":"publish","type":"post","link":"https:\/\/www.europesays.com\/be-fr\/174172\/","title":{"rendered":"Comment expliquer la d\u00e9cision surprenante de Leandro Trossard,\u00a0qui quitte l&rsquo;un des meilleurs clubs du monde ?"},"content":{"rendered":"<p class=\"ap-StoryElement ap-StoryElement--mb ap-StoryText\">Ce mardi sera d&rsquo;ailleurs un grand jour (sauf en cas de changement de programme de derni\u00e8re minute).<a href=\"https:\/\/www.lalibre.be\/sports\/football\/coupe-du-monde\/2026\/06\/29\/trossard-a-enfin-endosse-son-vrai-role-de-patron-offensif-des-diables-rouges-CWET3M4HXRFGBMIMWTWWJK4MI4\/\" target=\"_self\" rel=\"nofollow noopener\"> Leandro Trossard<\/a> est d&rsquo;abord attendu du c\u00f4t\u00e9 de Maastricht pour rencontrer Serdal Adal\u0131, le pr\u00e9sident du Besiktas qui aura fait un crochet depuis le stage de l&rsquo;\u00e9quipe en Slovaquie, et finaliser son transfert : un contrat jusqu&rsquo;en 2030.<\/p>\n<p class=\"ap-StoryElement ap-StoryElement--mb ap-StoryText\">Direction ensuite Istanbul en fin de journ\u00e9e, pour atterrir sur le coup de 20h30 en compagnie du pr\u00e9sident. L\u00e0-bas, l&rsquo;ancien Genkois aura droit \u00e0 un premier bain de foule des supporters du Besiktas qui se r\u00e9jouiront de voir d\u00e9barquer une star internationale achet\u00e9e 20 millions d&rsquo;euros, soit la deuxi\u00e8me plus grosse d\u00e9pense de l&rsquo;histoire du club.<\/p>\n<p class=\"ap-StoryElement ap-StoryElement--mb ap-StoryText\">Se pose par contre forc\u00e9ment cette question : pourquoi le Diable rouge quitte-t-il l&rsquo;un des meilleurs clubs du monde pour rejoindre le quatri\u00e8me du dernier championnat turc ? La r\u00e9ponse tient en plusieurs \u00e9l\u00e9ments.<\/p>\n<p>Une question de contrat<\/p>\n<p class=\"ap-StoryElement ap-StoryElement--mb ap-StoryText\">La premi\u00e8re raison vient de la strat\u00e9gie d&rsquo;Arsenal, qui a d\u00e9cid\u00e9 de recruter le Brugeois <a href=\"https:\/\/www.lalibre.be\/dernieres-depeches\/2026\/05\/25\/pro-league-awards-christos-tzolis-est-le-joueur-de-lannee-en-jupiler-pro-league-3WKGSUPPNJGUJPYWU7YGWZT36Y\/\" target=\"_self\" rel=\"nofollow noopener\">Christos Tzolis<\/a> (24 ans) pour rajeunir son aile gauche. Ce qui am\u00e8ne \u00e0 la deuxi\u00e8me : Trossard (31 ans) n&rsquo;avait plus que douze mois de contrat \u00e0 Londres et le club avait pris la d\u00e9cision de ne pas lui offrir de prolongation de plus d&rsquo;une saison. De quoi lui donner des envies de d\u00e9part.<\/p>\n<p><img loading=\"lazy\" decoding=\"async\" class=\"w-full lazyload lazyload--opacity object-contain\" style=\"aspect-ratio:150 \/ 100;opacity:1\" alt=\"Arsenal's manager Mikel Arteta hugs Leandro Trossard after the Premier League soccer match between West Ham and Arsenal in London, Sunday, May 10, 2026. (AP Photo\/Ian Walton)\" width=\"768\" height=\"512\" fetchpriority=\"auto\" src=\"https:\/\/www.europesays.com\/be-fr\/wp-content\/uploads\/2026\/07\/1784019082_207_S5VKD3X55FFF3BW6V4SEHXNP7I.png\"  data- data-optimumx=\"1\"\/><img loading=\"lazy\" decoding=\"async\" src=\"https:\/\/www.europesays.com\/be-fr\/wp-content\/uploads\/2026\/07\/DI44MHC46NCXNPSSTTJPVCKSJA.jpg\" width=\"768\" height=\"512\" alt=\"Arsenal's manager Mikel Arteta hugs Leandro Trossard after the Premier League soccer match between West Ham and Arsenal in London, Sunday, May 10, 2026. (AP Photo\/Ian Walton)\" class=\"absolute inset-0 w-full\"\/>Trossard \u00e9tait devenu un \u00e9l\u00e9ment indispensable de l&rsquo;effectif de Mikel Arteta. \u00a9Copyright 2026 The Associated Press. All rights reserved<\/p>\n<p class=\"ap-StoryElement ap-StoryElement--mb ap-StoryText\">En revanche, le joueur s&rsquo;est assur\u00e9 d&rsquo;\u00eatre sous contrat jusqu&rsquo;\u00e0 ses 35 ans, en juin 2030, en signant \u00e0 Besiktas. Et si Arsenal a accept\u00e9 facilement le transfert, c&rsquo;est aussi parce que r\u00e9cup\u00e9rer 20 millions d&rsquo;euros (soit quasi la totalit\u00e9 de la somme pay\u00e9e \u00e0 <a href=\"https:\/\/www.lalibre.be\/sports\/football\/2025\/07\/07\/maxim-de-cuyper-sur-les-traces-de-leandro-trossard-a-brighton-FMNCPXHTAZB5ZJC7CC3FYNSK5M\/\" target=\"_self\" rel=\"nofollow noopener\">Brighton <\/a>en 2021, 24 millions) pour un joueur de 31 ans en fin de contrat douze mois plus tard \u00e9tait presque utopique.<\/p>\n<p class=\"ap-StoryElement ap-StoryElement--mb ap-StoryText\">Outre la dur\u00e9e de son contrat, Leandro Trossard a par ailleurs choisi l&rsquo;ancien club de<a href=\"https:\/\/www.lalibre.be\/sports\/football\/2025\/02\/03\/nouveau-defi-pour-michy-batshuayi-lattaquant-rejoint-la-bundesliga-X4AX26IO4ZH4DE63MZGRLFKFDQ\/\" target=\"_self\" rel=\"nofollow noopener\"> Michy Batshuayi <\/a>(en 2021-2022) \u2013 aux d\u00e9pens d&rsquo;une offre d&rsquo;Arabie saoudite et d&rsquo;une autre en Europe \u2013 parce que la direction \u00ab\u00a0a tout fait pour le signer\u00a0\u00bb, selon son agent Dirk Hebel, cit\u00e9 par Sky Sport. Et c&rsquo;est ici qu&rsquo;est intervenu l&rsquo;ultime argument : le salaire.<\/p>\n<p class=\"ap-StoryElement ap-StoryElement--mb ap-StoryText\">En Turquie, il gagnera bien plus qu&rsquo;en Angleterre. Avec Arsenal, l&rsquo;ailier touchait \u00ab\u00a0seulement\u00a0\u00bb 6 millions d&rsquo;euros nets, \u00e0 cause du syst\u00e8me d&rsquo;imposition anglais (11 millions brut). Alors qu&rsquo;au Besiktas, son salaire annuel devrait d\u00e9passer les 7 millions d&rsquo;euros, avec une prime \u00e0 la signature d&rsquo;1,5 million et d&rsquo;autres bonus li\u00e9s aux performances.<\/p>\n<p class=\"ap-StoryElement ap-StoryElement--mb ap-StoryText\">Le tout en \u00e9voluant malgr\u00e9 tout dans un championnat tr\u00e8s comp\u00e9titif, o\u00f9 il d\u00e9couvrira notamment les bouillants derbies face au Fenerbah\u00e7e et \u00e0 Galatasaray. Il retrouvera \u00e9galement son ancien partenaire de Genk Wilfred Ndidi, qui a lui aussi quitt\u00e9 l&rsquo;Angleterre (Leicester City) pour rejoindre le Besiktas il y a douze mois.<\/p>\n","protected":false},"excerpt":{"rendered":"Ce mardi sera d&rsquo;ailleurs un grand jour (sauf en cas de changement de programme de derni\u00e8re minute). Leandro&hellip;\n","protected":false},"author":2,"featured_media":174173,"comment_status":"","ping_status":"","sticky":false,"template":"","format":"standard","meta":{"footnotes":"","_share_on_mastodon":"0"},"categories":[8],"tags":[10,961,3847,12,13,18,17,3026,3851,23101,3028,6191,1080,482,3961,3031,3855,968,11,901,3036,41593,906,84,3964,4900,1082,11914,1439],"class_list":["post-174172","post","type-post","status-publish","format-standard","has-post-thumbnail","category-actualites","tag-actualites","tag-adult","tag-athlete","tag-be","tag-be-fr","tag-belgique","tag-belgium","tag-clothing","tag-competition","tag-coupe-du-monde","tag-diables-rouges","tag-focus-on-foreground","tag-foot","tag-football","tag-football-player","tag-group-of-people","tag-lifestyles","tag-men","tag-news","tag-player","tag-rode-duivels","tag-round-of-32","tag-soccer","tag-sports","tag-team-sport","tag-togetherness","tag-voetbal","tag-wereldkampioenschap","tag-young-adult"],"share_on_mastodon":{"url":"https:\/\/pubeurope.com\/@be_fr\/116917481666080478","error":""},"_links":{"self":[{"href":"https:\/\/www.europesays.com\/be-fr\/wp-json\/wp\/v2\/posts\/174172","targetHints":{"allow":["GET"]}}],"collection":[{"href":"https:\/\/www.europesays.com\/be-fr\/wp-json\/wp\/v2\/posts"}],"about":[{"href":"https:\/\/www.europesays.com\/be-fr\/wp-json\/wp\/v2\/types\/post"}],"author":[{"embeddable":true,"href":"https:\/\/www.europesays.com\/be-fr\/wp-json\/wp\/v2\/users\/2"}],"replies":[{"embeddable":true,"href":"https:\/\/www.europesays.com\/be-fr\/wp-json\/wp\/v2\/comments?post=174172"}],"version-history":[{"count":0,"href":"https:\/\/www.europesays.com\/be-fr\/wp-json\/wp\/v2\/posts\/174172\/revisions"}],"wp:featuredmedia":[{"embeddable":true,"href":"https:\/\/www.europesays.com\/be-fr\/wp-json\/wp\/v2\/media\/174173"}],"wp:attachment":[{"href":"https:\/\/www.europesays.com\/be-fr\/wp-json\/wp\/v2\/media?parent=174172"}],"wp:term":[{"taxonomy":"category","embeddable":true,"href":"https:\/\/www.europesays.com\/be-fr\/wp-json\/wp\/v2\/categories?post=174172"},{"taxonomy":"post_tag","embeddable":true,"href":"https:\/\/www.europesays.com\/be-fr\/wp-json\/wp\/v2\/tags?post=174172"}],"curies":[{"name":"wp","href":"https:\/\/api.w.org\/{rel}","templated":true}]}}