{"id":174180,"date":"2026-07-14T09:00:18","date_gmt":"2026-07-14T09:00:18","guid":{"rendered":"https:\/\/www.europesays.com\/be-fr\/174180\/"},"modified":"2026-07-14T09:00:18","modified_gmt":"2026-07-14T09:00:18","slug":"ibm-franchit-le-seuil-du-nanometre-avec-une-nouvelle-technologie-de-puces-a-07-nm","status":"publish","type":"post","link":"https:\/\/www.europesays.com\/be-fr\/174180\/","title":{"rendered":"IBM franchit le seuil du nanom\u00e8tre avec une nouvelle technologie de puces \u00e0 0,7 nm"},"content":{"rendered":"<p class=\"PDq2pG_selectionAnchorContainer\" data-start=\"113\" data-end=\"579\">IBM a d\u00e9voil\u00e9 une nouvelle technologie de semi-conducteurs reposant sur des transistors au n\u0153ud de 0,7 nanom\u00e8tre, soit 7 angstr\u00f6ms. Pr\u00e9sent\u00e9e comme la premi\u00e8re technologie de puces situ\u00e9e sous le seuil symbolique du nanom\u00e8tre, cette avanc\u00e9e vise \u00e0 repousser les limites de la miniaturisation alors que les architectures conventionnelles se rapprochent de contraintes physiques majeures.<\/p>\n<p data-start=\"581\" data-end=\"951\">Au c\u0153ur de cette innovation figure une architecture tridimensionnelle baptis\u00e9e \u00ab nanostack \u00bb. Contrairement aux conceptions traditionnelles, o\u00f9 les transistors sont principalement dispos\u00e9s c\u00f4te \u00e0 c\u00f4te, cette approche permet de les empiler verticalement afin d\u2019accro\u00eetre leur densit\u00e9 tout en limitant l\u2019espace occup\u00e9 sur la puce.<\/p>\n<p data-start=\"953\" data-end=\"1424\">Selon les projections d\u2019IBM, cette technologie pourrait offrir jusqu\u2019\u00e0 50 % de performances suppl\u00e9mentaires par rapport \u00e0 son n\u0153ud de 2 nm pr\u00e9sent\u00e9 en 2021. \u00c0 niveau de performance comparable, elle pourrait \u00e9galement am\u00e9liorer l\u2019efficacit\u00e9 \u00e9nerg\u00e9tique de jusqu\u2019\u00e0 70 %. Il s\u2019agit toutefois d\u2019objectifs technologiques annonc\u00e9s par le groupe et non des performances mesur\u00e9es sur des processeurs commerciaux d\u00e9j\u00e0 disponibles.<\/p>\n<p data-start=\"1426\" data-end=\"1895\">Le prototype permettrait d\u2019int\u00e9grer pr\u00e8s de 100 milliards de transistors sur une surface comparable \u00e0 celle d\u2019un ongle, soit une densit\u00e9 presque deux fois sup\u00e9rieure \u00e0 celle de la technologie 2 nm d\u2019IBM. Le groupe fait \u00e9galement \u00e9tat d\u2019une am\u00e9lioration de 40 % de la densit\u00e9 de la m\u00e9moire SRAM, un composant essentiel pour acc\u00e9l\u00e9rer l\u2019acc\u00e8s aux donn\u00e9es dans les processeurs destin\u00e9s notamment \u00e0 l\u2019intelligence artificielle.<\/p>\n<p data-start=\"1897\" data-end=\"2386\">Cette avanc\u00e9e pourrait contribuer au d\u00e9veloppement de syst\u00e8mes d\u2019intelligence artificielle, d\u2019infrastructures cloud et d\u2019\u00e9quipements \u00e9lectroniques plus puissants et moins \u00e9nergivores. La technologie demeure n\u00e9anmoins au stade de la recherche et du d\u00e9veloppement. IBM n\u2019a pas encore annonc\u00e9 de partenaire industriel charg\u00e9 de sa fabrication \u00e0 grande \u00e9chelle, tandis qu\u2019une \u00e9ventuelle production commerciale est envisag\u00e9e dans les prochaines ann\u00e9es.<\/p>\n","protected":false},"excerpt":{"rendered":"IBM a d\u00e9voil\u00e9 une nouvelle technologie de semi-conducteurs reposant sur des transistors au n\u0153ud de 0,7 nanom\u00e8tre, soit&hellip;\n","protected":false},"author":2,"featured_media":174181,"comment_status":"","ping_status":"","sticky":false,"template":"","format":"standard","meta":{"footnotes":"","_share_on_mastodon":"0"},"categories":[70],"tags":[54572,12,13,18,17,995,54573,73,71,75,72,2693,54574,76,74,54575],"class_list":["post-174180","post","type-post","status-publish","format-standard","has-post-thumbnail","category-sciences-et-technologies","tag-architecture-nanostack","tag-be","tag-be-fr","tag-belgique","tag-belgium","tag-la-une","tag-puce-ibm","tag-science","tag-science-and-technology","tag-sciences","tag-sciences-et-technologies","tag-semi-conducteurs","tag-technologie-sub-1-nm","tag-technologies","tag-technology","tag-transistors-7-angstroms"],"share_on_mastodon":{"url":"https:\/\/pubeurope.com\/@be_fr\/116917516720862362","error":""},"_links":{"self":[{"href":"https:\/\/www.europesays.com\/be-fr\/wp-json\/wp\/v2\/posts\/174180","targetHints":{"allow":["GET"]}}],"collection":[{"href":"https:\/\/www.europesays.com\/be-fr\/wp-json\/wp\/v2\/posts"}],"about":[{"href":"https:\/\/www.europesays.com\/be-fr\/wp-json\/wp\/v2\/types\/post"}],"author":[{"embeddable":true,"href":"https:\/\/www.europesays.com\/be-fr\/wp-json\/wp\/v2\/users\/2"}],"replies":[{"embeddable":true,"href":"https:\/\/www.europesays.com\/be-fr\/wp-json\/wp\/v2\/comments?post=174180"}],"version-history":[{"count":0,"href":"https:\/\/www.europesays.com\/be-fr\/wp-json\/wp\/v2\/posts\/174180\/revisions"}],"wp:featuredmedia":[{"embeddable":true,"href":"https:\/\/www.europesays.com\/be-fr\/wp-json\/wp\/v2\/media\/174181"}],"wp:attachment":[{"href":"https:\/\/www.europesays.com\/be-fr\/wp-json\/wp\/v2\/media?parent=174180"}],"wp:term":[{"taxonomy":"category","embeddable":true,"href":"https:\/\/www.europesays.com\/be-fr\/wp-json\/wp\/v2\/categories?post=174180"},{"taxonomy":"post_tag","embeddable":true,"href":"https:\/\/www.europesays.com\/be-fr\/wp-json\/wp\/v2\/tags?post=174180"}],"curies":[{"name":"wp","href":"https:\/\/api.w.org\/{rel}","templated":true}]}}