{"id":174436,"date":"2026-07-14T12:40:19","date_gmt":"2026-07-14T12:40:19","guid":{"rendered":"https:\/\/www.europesays.com\/be-fr\/174436\/"},"modified":"2026-07-14T12:40:19","modified_gmt":"2026-07-14T12:40:19","slug":"ce-pantalon-zara-fait-polemique-de-nombreux-clients-evoquent-des-chutes-et-voici-pourquoi","status":"publish","type":"post","link":"https:\/\/www.europesays.com\/be-fr\/174436\/","title":{"rendered":"Ce pantalon Zara fait pol\u00e9mique: de nombreux clients \u00e9voquent des chutes et voici pourquoi"},"content":{"rendered":"<p class=\"ap-StoryElement ap-StoryElement--mb ap-StoryText\">Vendu par Zara \u00e0 25,95\u20ac et compos\u00e9 100 % de polyester, ce \u00ab\u00a0pantalon fluide large\u00a0\u00bb fait face \u00e0 un v\u00e9ritable bad buzz.<\/p>\n<p class=\"ap-StoryElement ap-StoryElement--mb ap-StoryText\">Tout commence lorsqu&rsquo;une cr\u00e9atrice de contenus britannique t\u00e9moigne avoir fait une mauvaise chute \u00e0 cause de ce pantalon Zara. Elle explique que le tissu s&rsquo;est pris dans ses pieds pendant qu&rsquo;elle marchait. Une chute qui s&rsquo;est r\u00e9v\u00e9l\u00e9e cons\u00e9quente puisqu&rsquo;elle a d\u00fb se faire enlever un ongle d&rsquo;orteil, indique <a href=\"https:\/\/www.hln.be\/nieuws\/vrouwen-waarschuwen-voor-valpartijen-met-populaire-wijde-zara-broek-mijn-teennagel-moest-verwijderd-worden~ae50e2a4\/\" target=\"_blank\" rel=\"noreferrer noopener nofollow\">Het Laatste Nieuws<\/a>.<\/p>\n<p class=\"ap-StoryElement ap-StoryElement--mb ap-StoryText\">Le quotidien flamand relaye \u00e9galement d&rsquo;autres t\u00e9moignages de femmes ayant aussi tr\u00e9buch\u00e9 plusieurs fois, dont une femme enceinte de sept mois.<\/p>\n<p><a href=\"https:\/\/www.parismatch.be\/actualites\/people\/2026\/02\/27\/le-look-zara-remarque-de-meghan-markle-pour-son-dernier-jour-en-jordanie-OJMDT3GBGRFE3GLDK6BMJ7HAPA\/\" target=\"_self\" class=\"ap-StoryInterstitialLink ap-StoryElement ap-StoryElement--mb js-paywall-target\" rel=\"nofollow noopener\">Le look Zara remarqu\u00e9 de Meghan Markle pour son dernier jour en Jordanie<\/a><\/p>\n<p class=\"ap-StoryElement ap-StoryElement--mb ap-StoryText\">Une \u00e9tudiante irlandaise a, quant \u00e0 elle, subi une fracture du genou \u00e0 cause de ce m\u00eame pantalon, et a d\u00fb se d\u00e9placer temporairement en fauteuil roulant, ajoute le m\u00e9dia n\u00e9erlandophone. D&rsquo;autres clientes rapportent des blessures diverses comme les mains et les genoux \u00e9corch\u00e9s et ensanglant\u00e9s, un coude cass\u00e9, ou encore un orteil ab\u00eem\u00e9.<\/p>\n<p>Une coupe trop large et lisse <\/p>\n<p class=\"ap-StoryElement ap-StoryElement--mb ap-StoryText\">Si certains internautes reprochent \u00e0 ces femmes de porter un pantalon trop long, d&rsquo;autres estiment que le probl\u00e8me ne vient pas de la longueur, mais de la coupe. Les jambes du pantalon seraient en effet jug\u00e9es trop amples, et le tissu trop fin et glissant.<\/p>\n<p><a href=\"https:\/\/www.parismatch.be\/actualites\/people\/2026\/02\/09\/bad-bunny-surprend-au-super-bowl-dans-une-tenue-zara-le-message-cache-derriere-cette-decision-pas-anodine-HI4VW2AWHRGOBMXWHGD7VM77A4\/\" target=\"_self\" class=\"ap-StoryInterstitialLink ap-StoryElement ap-StoryElement--mb\" rel=\"nofollow noopener\">Bad Bunny surprend au Super Bowl dans une tenue\u2026 Zara : le message cach\u00e9 derri\u00e8re cette d\u00e9cision \u00ab\u00a0pas anodine\u00a0\u00bb<\/a><\/p>\n<p class=\"ap-StoryElement ap-StoryElement--mb ap-StoryText\">Sur les r\u00e9seaux sociaux, ce pantalon qui respecte les codes de pi\u00e8ces tendances de l&rsquo;\u00e9t\u00e9 est d\u00e9sormais de plus en plus d\u00e9conseill\u00e9 par les internautes.<\/p>\n<p class=\"ap-StoryElement ap-StoryElement--mb ap-StoryText\">\u00c0 l&rsquo;heure actuelle, l&rsquo;enseigne espagnole n&rsquo;a pas r\u00e9agi, alors que la pi\u00e8ce reste disponible \u00e0 la vente.<\/p>\n<p><a href=\"https:\/\/www.parismatch.be\/lifestyle\/mode-mode\/2026\/07\/03\/cette-forme-de-talons-est-la-plus-confortable-selon-les-podologues-4BDNV7O2FVGKZKP433K3P3P5GQ\/\" target=\"_self\" class=\"ap-StoryInterstitialLink ap-StoryElement ap-StoryElement--mb\" rel=\"nofollow noopener\">Cette forme de talons est la plus confortable, selon les podologues<\/a><\/p>\n<p>Pour acc\u00e9der \u00e0 cet article, veuillez vous connecter au r\u00e9seau internet.<\/p>\n","protected":false},"excerpt":{"rendered":"Vendu par Zara \u00e0 25,95\u20ac et compos\u00e9 100 % de polyester, ce \u00ab\u00a0pantalon fluide large\u00a0\u00bb fait face \u00e0&hellip;\n","protected":false},"author":2,"featured_media":174437,"comment_status":"","ping_status":"","sticky":false,"template":"","format":"standard","meta":{"footnotes":"","_share_on_mastodon":"0"},"categories":[83],"tags":[961,12,13,18,17,38,1419,16254,16087,6190,17941,96,54598,95,12022,1967,12023,3031,1425,964,967,968,4490,1436,6331,443,4900,2266],"class_list":["post-174436","post","type-post","status-publish","format-standard","has-post-thumbnail","category-divertissement","tag-adult","tag-be","tag-be-fr","tag-belgique","tag-belgium","tag-business","tag-businessman","tag-businesswoman","tag-cooperation","tag-corporate-business","tag-coworker","tag-divertissement","tag-electric-blue","tag-entertainment","tag-eyeglasses","tag-female","tag-glasses","tag-group-of-people","tag-happiness","tag-indoors","tag-mature-adult","tag-men","tag-royals","tag-smiling","tag-teamwork","tag-tennis","tag-togetherness","tag-women"],"share_on_mastodon":{"url":"https:\/\/pubeurope.com\/@be_fr\/116918382222867346","error":""},"_links":{"self":[{"href":"https:\/\/www.europesays.com\/be-fr\/wp-json\/wp\/v2\/posts\/174436","targetHints":{"allow":["GET"]}}],"collection":[{"href":"https:\/\/www.europesays.com\/be-fr\/wp-json\/wp\/v2\/posts"}],"about":[{"href":"https:\/\/www.europesays.com\/be-fr\/wp-json\/wp\/v2\/types\/post"}],"author":[{"embeddable":true,"href":"https:\/\/www.europesays.com\/be-fr\/wp-json\/wp\/v2\/users\/2"}],"replies":[{"embeddable":true,"href":"https:\/\/www.europesays.com\/be-fr\/wp-json\/wp\/v2\/comments?post=174436"}],"version-history":[{"count":0,"href":"https:\/\/www.europesays.com\/be-fr\/wp-json\/wp\/v2\/posts\/174436\/revisions"}],"wp:featuredmedia":[{"embeddable":true,"href":"https:\/\/www.europesays.com\/be-fr\/wp-json\/wp\/v2\/media\/174437"}],"wp:attachment":[{"href":"https:\/\/www.europesays.com\/be-fr\/wp-json\/wp\/v2\/media?parent=174436"}],"wp:term":[{"taxonomy":"category","embeddable":true,"href":"https:\/\/www.europesays.com\/be-fr\/wp-json\/wp\/v2\/categories?post=174436"},{"taxonomy":"post_tag","embeddable":true,"href":"https:\/\/www.europesays.com\/be-fr\/wp-json\/wp\/v2\/tags?post=174436"}],"curies":[{"name":"wp","href":"https:\/\/api.w.org\/{rel}","templated":true}]}}