{"id":176615,"date":"2026-07-16T07:11:33","date_gmt":"2026-07-16T07:11:33","guid":{"rendered":"https:\/\/www.europesays.com\/be-fr\/176615\/"},"modified":"2026-07-16T07:11:33","modified_gmt":"2026-07-16T07:11:33","slug":"on-ma-ramasse-a-la-petite-cuillere-paga-cest-la-famille-prend-la-parole-pour-la-premiere-fois-depuis-sa-separation-avec-giuseppa","status":"publish","type":"post","link":"https:\/\/www.europesays.com\/be-fr\/176615\/","title":{"rendered":"\u00ab\u00a0On m\u2019a ramass\u00e9 \u00e0 la petite cuill\u00e8re\u00a0\u00bb : Paga (C\u2019est la famille) prend la parole pour la premi\u00e8re fois depuis sa s\u00e9paration avec Giuseppa"},"content":{"rendered":"<p class=\"articleContent-meta\">\n        Vendredi 28 novembre 2025 \u00e0 10:53 &#8211; par             <a class=\"articleContent-metaAuthorsLink\" href=\"https:\/\/www.programme.tv\/auteur\/clara-pouvil\/\" rel=\"nofollow noopener\" target=\"_blank\">Clara Pouvil<\/a><\/p>\n<p>                        <img decoding=\"async\" src=\"https:\/\/www.europesays.com\/be-fr\/wp-content\/uploads\/2026\/07\/paga-et-giuseppa-en-larmes-lors-de-la-naissance-de-leur-fille-giorgia.jpg\" alt=\"Player Video\" class=\"player-applyRatio poster exclude-seedtag\"\/><\/p>\n<p>Ce vendredi 28 novembre 2025, le tout premier \u00e9pisode de la nouvelle saison de C&rsquo;est la famille a \u00e9t\u00e9 mis en ligne sur M6+. L&rsquo;occasion de retrouver Paga et Giuseppa dans leur nouvelle vie de couple s\u00e9par\u00e9. Pour la premi\u00e8re fois depuis leur rupture, le Marseillais s&rsquo;est confi\u00e9 sur ce qu&rsquo;il a travers\u00e9.<\/p>\n<p>C&rsquo;est en 2021, dans l&rsquo;\u00e9mission <a href=\"https:\/\/www.programme.tv\/news\/jeux-televises\/221677-le-cross-quelle-est-la-date-de-la-finale-des-marseillais-vs-le-reste-du-monde-vs-les-motives\/\" rel=\"nofollow noopener\" target=\"_blank\">Les Marseillais VS Le reste du monde<\/a>, que Giuseppa et Paga s&rsquo;\u00e9taient rencontr\u00e9s avant de se mettre en couple. Si le d\u00e9but de leur relation a \u00e9t\u00e9 chaotique, ils ont finalement r\u00e9ussi \u00e0 vivre leur amour. Ensemble, ils ont eu deux filles pr\u00e9nomm\u00e9es Giorgia et Adrianna. Mais en ao\u00fbt dernier, sur sa page Instagram, Giuseppa a annonc\u00e9 la fin de leur couple apr\u00e8s <a href=\"https:\/\/www.programme.tv\/news\/celebrites\/264230-l-influenceur-paga-les-marseillais-vise-par-une-enquete-pour-viol-le-mari-de-giuseppa-place-en-garde-a-vue\/\" rel=\"nofollow noopener\" target=\"_blank\">une enqu\u00eate pour viol<\/a> qui a vis\u00e9 son compagnon. \u00ab\u00a0Entre Paga et moi, c&rsquo;est termin\u00e9, c&rsquo;est fini. Je n&rsquo;ai pas envie de donner plus de d\u00e9tails. C&rsquo;est une d\u00e9cision qu&rsquo;on a prise pour des raisons personnelles. C&rsquo;\u00e9tait tr\u00e8s compliqu\u00e9 ces derniers mois. On s&rsquo;est toujours battu pour nos enfants. Il y a eu toujours du respect, mais on s&rsquo;est fait du mal et \u00e7a n&rsquo;allait plus. On a d\u00e9cid\u00e9 de mettre un terme \u00e0 notre relation\u00a0\u00bb, disait-elle.<\/p>\n<p>                                C&rsquo;est la famille : Paga et Giuseppa en tr\u00e8s bons termes malgr\u00e9 leur s\u00e9paration, visite d&rsquo;une nouvelle maison pour leurs deux filles<\/p>\n<p>Ce vendredi 28 novembre 2025, M6+ a d\u00e9voil\u00e9 le tout premier \u00e9pisode de <a href=\"https:\/\/www.programme.tv\/news\/tele-realite\/265984-cest-la-famille-voici-le-casting-de-la-nouvelle-saison-un-nouveau-couple-fait-son-entree\/\" rel=\"nofollow noopener\" target=\"_blank\">la nouvelle saison de C&rsquo;est la famille<\/a>. Une \u00e9dition \u00e0 laquelle Paga et Giuseppa ont particip\u00e9. Les cam\u00e9ras ont pu les suivre dans un moment important de leur vie, \u00e0 savoir la visite de la nouvelle maison de Giuseppa. <a href=\"https:\/\/www.programme.tv\/news\/tele-realite\/265019-je-suis-toujours-avec-lui-giuseppa-clarifie-sa-relation-avec-paga-depuis-leur-separation\/\" rel=\"nofollow noopener\" target=\"_blank\">Le Marseillais<\/a> en a profit\u00e9 pour revenir sur les raisons de sa s\u00e9paration avec la candidate de t\u00e9l\u00e9-r\u00e9alit\u00e9. \u00ab\u00a0\u00c7a n&rsquo;allait plus entre nous&#8230; C&rsquo;\u00e9tait disputes sur disputes, on avait des d\u00e9saccords, il n&rsquo;y avait plus d&rsquo;issue\u00a0\u00bb, a-t-il expliqu\u00e9. Pour la premi\u00e8re fois depuis leur rupture, il s&rsquo;est exprim\u00e9 sur ce qu&rsquo;il a travers\u00e9 ces derniers mois. \u00ab\u00a0L\u00e0, je sors un peu la t\u00eate de l&rsquo;eau, mais c&rsquo;\u00e9tait tr\u00e8s compliqu\u00e9. On m&rsquo;a ramass\u00e9 \u00e0 la petite cuill\u00e8re, mes amis, mes parents. La s\u00e9paration, c&rsquo;est pas quelque chose de super facile \u00e0 vivre, mais je pense que c&rsquo;est mieux pour elle, pour moi, mais surtout pour les enfants\u00a0\u00bb, a-t-il fait savoir.<\/p>\n<p>                \u00ab\u00a0On a pris la bonne et juste d\u00e9cision de se s\u00e9parer, avec intelligence\u00a0\u00bb<\/p>\n<p>Cette relation, Paga n&rsquo;en garde que de bons souvenirs. \u00ab\u00a0Gr\u00e2ce \u00e0 elle, j&rsquo;ai eu deux enfants magnifiques, bien \u00e9duqu\u00e9s\u00a0\u00bb, a-t-il indiqu\u00e9. Aucun des deux ne regrette la d\u00e9cision prise de faire chacun son chemin s\u00e9par\u00e9ment. \u00ab\u00a0On a pris la bonne et juste d\u00e9cision de se s\u00e9parer, avec intelligence (&#8230;) On s&rsquo;entend bien\u00a0\u00bb, a-t-il continu\u00e9. Un avis partag\u00e9 par son ex : \u00ab\u00a0On a construit beaucoup de choses, de moments, de souvenirs, mais c&rsquo;est mieux comme \u00e7a\u00a0\u00bb, a-t-elle dit.<\/p>\n","protected":false},"excerpt":{"rendered":"Vendredi 28 novembre 2025 \u00e0 10:53 &#8211; par Clara Pouvil Ce vendredi 28 novembre 2025, le tout premier&hellip;\n","protected":false},"author":2,"featured_media":176616,"comment_status":"","ping_status":"","sticky":false,"template":"","format":"standard","meta":{"footnotes":"","_share_on_mastodon":"0"},"categories":[99],"tags":[12,13,18,17,96,95,41828,4146,55115,112,2887,1729],"class_list":["post-176615","post","type-post","status-publish","format-standard","has-post-thumbnail","category-television","tag-be","tag-be-fr","tag-belgique","tag-belgium","tag-divertissement","tag-entertainment","tag-giuseppa","tag-les-marseillais","tag-paga","tag-television","tag-tu00e9lu00e9-ru00e9alitu00e9","tag-zapping"],"share_on_mastodon":{"url":"https:\/\/pubeurope.com\/@be_fr\/116928412982132767","error":""},"_links":{"self":[{"href":"https:\/\/www.europesays.com\/be-fr\/wp-json\/wp\/v2\/posts\/176615","targetHints":{"allow":["GET"]}}],"collection":[{"href":"https:\/\/www.europesays.com\/be-fr\/wp-json\/wp\/v2\/posts"}],"about":[{"href":"https:\/\/www.europesays.com\/be-fr\/wp-json\/wp\/v2\/types\/post"}],"author":[{"embeddable":true,"href":"https:\/\/www.europesays.com\/be-fr\/wp-json\/wp\/v2\/users\/2"}],"replies":[{"embeddable":true,"href":"https:\/\/www.europesays.com\/be-fr\/wp-json\/wp\/v2\/comments?post=176615"}],"version-history":[{"count":0,"href":"https:\/\/www.europesays.com\/be-fr\/wp-json\/wp\/v2\/posts\/176615\/revisions"}],"wp:featuredmedia":[{"embeddable":true,"href":"https:\/\/www.europesays.com\/be-fr\/wp-json\/wp\/v2\/media\/176616"}],"wp:attachment":[{"href":"https:\/\/www.europesays.com\/be-fr\/wp-json\/wp\/v2\/media?parent=176615"}],"wp:term":[{"taxonomy":"category","embeddable":true,"href":"https:\/\/www.europesays.com\/be-fr\/wp-json\/wp\/v2\/categories?post=176615"},{"taxonomy":"post_tag","embeddable":true,"href":"https:\/\/www.europesays.com\/be-fr\/wp-json\/wp\/v2\/tags?post=176615"}],"curies":[{"name":"wp","href":"https:\/\/api.w.org\/{rel}","templated":true}]}}