{"id":177236,"date":"2026-07-16T15:44:17","date_gmt":"2026-07-16T15:44:17","guid":{"rendered":"https:\/\/www.europesays.com\/be-fr\/177236\/"},"modified":"2026-07-16T15:44:17","modified_gmt":"2026-07-16T15:44:17","slug":"a-lanester-natalie-lanson-relie-les-differentes-formes-de-vie-a-la-rotonde","status":"publish","type":"post","link":"https:\/\/www.europesays.com\/be-fr\/177236\/","title":{"rendered":"\u00c0 Lanester, Natalie Lanson \u00ab\u00a0relie les diff\u00e9rentes formes de vie\u00a0\u00bb, \u00e0 La Rotonde"},"content":{"rendered":"<p><a href=\"https:\/\/www.letelegramme.fr\/morbihan\/lanester-56600\/a-lanester-la-rotonde-accueille-la-graveuse-nathalie-douillard-6972062.php\" title=\"www.letelegramme.fr\" rel=\"nofollow noopener\" target=\"_blank\">La galerie La Rotonde de Lanester<\/a> accueille, jusqu\u2019au 22 ao\u00fbt, l\u2019exposition \u00ab\u00a0Humus\u00a0\u00bb de l\u2019artiste plasticienne Natalie Lanson. Originaire de Brest et install\u00e9e \u00e0 Lorient depuis 2001, l\u2019autodidacte poursuit son exploration sensible du monde v\u00e9g\u00e9tal \u00e0 travers une trentaine d\u2019\u0153uvres o\u00f9 se croisent encre, aquarelle, broderie, modelage et photographie.<\/p>\n<p>Troisi\u00e8me chapitre d\u2019un travail amorc\u00e9 avec \u00ab\u00a0La For\u00eat qui respire\u00a0\u00bb puis \u00ab\u00a0Il \u00e9tait un jardin\u00a0\u00bb, \u00ab\u00a0Humus\u00a0\u00bb plonge le visiteur dans les profondeurs du vivant. L\u2019artiste s\u2019inspire des sciences naturelles pour r\u00e9v\u00e9ler les liens invisibles entre les animaux, les v\u00e9g\u00e9taux et les \u00e9l\u00e9ments. Son trait d\u00e9licat \u00e0 l\u2019encre, rehauss\u00e9 de transparences et de nuances de verts, \u00e9voque aussi bien les nervures des feuilles que les formes de l\u2019infiniment petit.<\/p>\n<p>Rien ne dispara\u00eet, tout se transforme<\/p>\n<p>\u00ab\u00a0Entre abstraction et figuration, chaque \u0153uvre invite \u00e0 ralentir et \u00e0 observer ce qui relie les diff\u00e9rentes formes de vie\u00a0\u00bb, explique l\u2019artiste. Le fil conducteur de l\u2019exposition est l\u2019humus, cette couche fertile issue de la d\u00e9composition de la mati\u00e8re organique. Pour Natalie Lanson, \u00ab\u00a0il symbolise le renouvellement permanent de la nature\u00a0: rien ne dispara\u00eet, tout se transforme pour nourrir la vie future\u00a0\u00bb. Inspir\u00e9e notamment par les travaux du biologiste Marc-Andr\u00e9 Selosse et du philosophe Gaspard Koenig, l\u2019artiste propose un regard po\u00e9tique autant que scientifique sur les m\u00e9canismes invisibles qui se jouent sous nos pieds.<\/p>\n","protected":false},"excerpt":{"rendered":"La galerie La Rotonde de Lanester accueille, jusqu\u2019au 22 ao\u00fbt, l\u2019exposition \u00ab\u00a0Humus\u00a0\u00bb de l\u2019artiste plasticienne Natalie Lanson. Originaire&hellip;\n","protected":false},"author":2,"featured_media":177237,"comment_status":"","ping_status":"","sticky":false,"template":"","format":"standard","meta":{"footnotes":"","_share_on_mastodon":"0"},"categories":[101],"tags":[126,124,125,12,13,18,17,127,96,95,4413,21826],"class_list":["post-177236","post","type-post","status-publish","format-standard","has-post-thumbnail","category-arts-et-design","tag-arts","tag-arts-and-design","tag-arts-et-design","tag-be","tag-be-fr","tag-belgique","tag-belgium","tag-design","tag-divertissement","tag-entertainment","tag-exposition","tag-lanester"],"share_on_mastodon":{"url":"https:\/\/pubeurope.com\/@be_fr\/116930429951117894","error":""},"_links":{"self":[{"href":"https:\/\/www.europesays.com\/be-fr\/wp-json\/wp\/v2\/posts\/177236","targetHints":{"allow":["GET"]}}],"collection":[{"href":"https:\/\/www.europesays.com\/be-fr\/wp-json\/wp\/v2\/posts"}],"about":[{"href":"https:\/\/www.europesays.com\/be-fr\/wp-json\/wp\/v2\/types\/post"}],"author":[{"embeddable":true,"href":"https:\/\/www.europesays.com\/be-fr\/wp-json\/wp\/v2\/users\/2"}],"replies":[{"embeddable":true,"href":"https:\/\/www.europesays.com\/be-fr\/wp-json\/wp\/v2\/comments?post=177236"}],"version-history":[{"count":0,"href":"https:\/\/www.europesays.com\/be-fr\/wp-json\/wp\/v2\/posts\/177236\/revisions"}],"wp:featuredmedia":[{"embeddable":true,"href":"https:\/\/www.europesays.com\/be-fr\/wp-json\/wp\/v2\/media\/177237"}],"wp:attachment":[{"href":"https:\/\/www.europesays.com\/be-fr\/wp-json\/wp\/v2\/media?parent=177236"}],"wp:term":[{"taxonomy":"category","embeddable":true,"href":"https:\/\/www.europesays.com\/be-fr\/wp-json\/wp\/v2\/categories?post=177236"},{"taxonomy":"post_tag","embeddable":true,"href":"https:\/\/www.europesays.com\/be-fr\/wp-json\/wp\/v2\/tags?post=177236"}],"curies":[{"name":"wp","href":"https:\/\/api.w.org\/{rel}","templated":true}]}}