{"id":177634,"date":"2026-07-16T21:41:17","date_gmt":"2026-07-16T21:41:17","guid":{"rendered":"https:\/\/www.europesays.com\/be-fr\/177634\/"},"modified":"2026-07-16T21:41:17","modified_gmt":"2026-07-16T21:41:17","slug":"vendee-sevre-autise-des-ateliers-dinitiation-au-croquis-dans-des-exploitations-agricoles","status":"publish","type":"post","link":"https:\/\/www.europesays.com\/be-fr\/177634\/","title":{"rendered":"Vend\u00e9e S\u00e8vre Autise\u00a0: des ateliers d\u2019initiation au croquis dans des exploitations agricoles"},"content":{"rendered":"<p>\n                Article premium,<br \/>\n                    R\u00e9serv\u00e9 aux\u00a0abonn\u00e9s\n            <\/p>\n<p class=\"su-standfirst chapeau\">Tout au long de l\u2019\u00e9t\u00e9 2026, le service actions culturelles de la communaut\u00e9 de communes Vend\u00e9e S\u00e8vre Autise organise des ateliers artistiques pour tout public, \u00e0 partir de 8\u00a0ans. Ils se d\u00e9rouleront dans plusieurs communes du territoire, en partenariat avec des exploitations agricoles. Charlotte Piednoir, graveuse artisanale, dipl\u00f4m\u00e9e de l\u2019\u00e9cole des Beaux-arts d\u2019Angers (Maine-et-Loire), les animera.<\/p>\n<p>                                        <img decoding=\"async\" class=\"su-media\" src=\"https:\/\/www.europesays.com\/be-fr\/wp-content\/uploads\/2026\/07\/MjAyNjA3ZDdhNjA0OTk1ZDljOWVlZTE4ZTViNDBiMjBhMGJiYTM.webp\" alt=\"Tout au long de l\u2019\u00e9t\u00e9, dans un cadre bucolique, dans le respect des animaux et de la nature, Charlotte Piednoir animera dans plusieurs communes, des ateliers d\u2019initiation au croquis, en partenariat avec des exploitations agricoles.\"  \/><\/p>\n<p>                            Tout au long de l\u2019\u00e9t\u00e9, dans un cadre bucolique, dans le respect des animaux et de la nature, Charlotte Piednoir animera dans plusieurs communes, des ateliers d\u2019initiation au croquis, en partenariat avec des exploitations agricoles. | OUEST-FRANCE<\/p>\n<p>                            fermer<\/p>\n<p><img decoding=\"async\" data-ofmaxheight=\"\" class=\"su-media lazyload\" alt=\"Tout au long de l\u2019\u00e9t\u00e9, dans un cadre bucolique, dans le respect des animaux et de la nature, Charlotte Piednoir animera dans plusieurs communes, des ateliers d\u2019initiation au croquis, en partenariat avec des exploitations agricoles.\" src=\"data:image\/png;base64,iVBORw0KGgoAAAANSUhEUgAAABAAAAAJCAYAAAA7KqwyAAAAGXRFWHRTb2Z0d2FyZQBBZG9iZSBJbWFnZVJlYWR5ccllPAAAABhJREFUeNpi\/P\/\/PwMlgHHUgFEDgAAgwAD+lBrvy+NcxAAAAABJRU5ErkJggg==\" data-oflazyload=\"{&quot;srcset&quot;:&quot;https:\/\/media.ouest-france.fr\/v1\/pictures\/MjAyNjA3ZDdhNjA0OTk1ZDljOWVlZTE4ZTViNDBiMjBhMGJiYTM?width=320&amp;focuspoint=50%2C25&amp;cropresize=1&amp;client_id=bpeditorial&amp;sign=56552e22b93cb47aaeea041b8b2a268e23597f84319baa5b4c12bb09c1952960 320w,https:\/\/media.ouest-france.fr\/v1\/pictures\/MjAyNjA3ZDdhNjA0OTk1ZDljOWVlZTE4ZTViNDBiMjBhMGJiYTM?width=375&amp;focuspoint=50%2C25&amp;cropresize=1&amp;client_id=bpeditorial&amp;sign=2f75eacbbfcff883682514ff338f71825fe35fd07bfb1f163e432e8acfa3a1a3 360w,https:\/\/media.ouest-france.fr\/v1\/pictures\/MjAyNjA3ZDdhNjA0OTk1ZDljOWVlZTE4ZTViNDBiMjBhMGJiYTM?width=480&amp;focuspoint=50%2C25&amp;cropresize=1&amp;client_id=bpeditorial&amp;sign=747877af297b3573b8dd913b1e81c2c4e3b78420b18c6f5aae5212b4645a65f3 480w,https:\/\/media.ouest-france.fr\/v1\/pictures\/MjAyNjA3ZDdhNjA0OTk1ZDljOWVlZTE4ZTViNDBiMjBhMGJiYTM?width=630&amp;focuspoint=50%2C25&amp;cropresize=1&amp;client_id=bpeditorial&amp;sign=3723ad9af092061fa27566fe1362f4891ef9df1d3c44593f99a66f86770328ff 630w,https:\/\/media.ouest-france.fr\/v1\/pictures\/MjAyNjA3ZDdhNjA0OTk1ZDljOWVlZTE4ZTViNDBiMjBhMGJiYTM?width=940&amp;focuspoint=50%2C25&amp;cropresize=1&amp;client_id=bpeditorial&amp;sign=5e95f79388bbac3e59acbbb6c2497484252c54aed5b420b1cb5ae7a3da7fb049 940w,https:\/\/media.ouest-france.fr\/v1\/pictures\/MjAyNjA3ZDdhNjA0OTk1ZDljOWVlZTE4ZTViNDBiMjBhMGJiYTM?width=1260&amp;focuspoint=50%2C25&amp;cropresize=1&amp;client_id=bpeditorial&amp;sign=79a0311ba6aedab251090a57c6a894320c0ed7ced32d733f78369f1f0fac790a 1260w&quot;}\"\/>Tout au long de l\u2019\u00e9t\u00e9, dans un cadre bucolique, dans le respect des animaux et de la nature, Charlotte Piednoir animera dans plusieurs communes, des ateliers d\u2019initiation au croquis, en partenariat avec des exploitations agricoles. | OUEST-FRANCE                            <\/p>\n<p>Tout au long de l\u2019\u00e9t\u00e9, le service actions culturelles de <a href=\"https:\/\/www.ouest-france.fr\/pays-de-la-loire\/saint-hilaire-des-loges-85240\/saint-hilaire-des-loges-vendee-sevre-autise-quels-sont-les-sujets-sur-la-table-du-conseil-communautaire-346ee4da-7c2e-11f1-b616-dddac7a26294?utm_source=troove&amp;utm_medium=site\" rel=\"nofollow noopener\" target=\"_blank\">la communaut\u00e9 de communes Vend\u00e9e S\u00e8vre Autise <\/a>organise des ateliers artistiques pour tout public, \u00e0 partir de 8\u00a0ans. Ils se d\u00e9rouleront dans plusieurs communes du territoire, en partenariat avec des exploitations agricoles. Charlotte Piednoir, graveuse artisanale, dipl\u00f4m\u00e9e de l\u2019\u00e9cole des Beaux-arts d\u2019Angers (Maine-et-Loire), les animera.<\/p>\n<p>Lors de ces ateliers artistiques gratuits et sur r\u00e9servation, elle proposera aux participants de croquer veaux, vaches, cochons des exploitations de&#8230;<\/p>\n<p style=\"text-align: center; background-color: #dbbe4d; padding-top: 5px; padding-bottom: 5px; font-size: 14px;\">D\u00e9j\u00e0 abonn\u00e9 ? <a data-trkartmonet=\"Identification\" data-trk-sipa=\"{\" blockcategory=\"\" paywall=\"\" href=\"http:\/\/www.ouest-france.fr\/login?redirect=https:\/\/www.ouest-france.fr\/pays-de-la-loire\/benet-85490\/vendee-sevre-autise-des-ateliers-dinitiation-au-croquis-dans-des-exploitations-agricoles-856eb886-7aa5-11f1-ae95-49be6b75151e\" rel=\"nofollow noopener\" title=\"Se connecter \u00e0 Ouest-France\" class=\"su-link-light\" target=\"_blank\">Connectez-vous<\/a><\/p>\n<p style=\"text-align: center; padding-top: 15px; padding-bottom: 8px; vertical-align: bottom;\">bloqu\u00e9 Pour lire la suite, abonnez-vous<\/p>\n<p style=\"text-align: center;\">1er mois \u00e0 1\u20ac<\/p>\n<p style=\"text-align: center; margin-top: -5px;\">Annulable \u00e0 tout moment<\/p>\n<p style=\"text-align: center;\">\u00a0<\/p>\n<p style=\"text-align: center;\"><a data-ida=\"\" data-trkartmonet=\"Tunnel OF+\" data-trk-sipa=\"{&#010;\" blockcategory=\"\" paywall=\"\" :=\"\" m=\"\" of=\"\" class=\"su-button su-subscription\" data-trk-bloc=\"paywall\" href=\"https:\/\/abonnement.ouest-france.fr\/tunnel\/pack-essentiel-article\/122096117101?int_medium=lien&amp;int_campaign=PWFR0225-OF&amp;int_content=page-article-payant_boutonjaune-paywall&amp;marquesource=OF&amp;rt=https:\/\/www.ouest-france.fr\/pays-de-la-loire\/benet-85490\/vendee-sevre-autise-des-ateliers-dinitiation-au-croquis-dans-des-exploitations-agricoles-856eb886-7aa5-11f1-ae95-49be6b75151e\" rel=\"nofollow noopener\" target=\"_blank\">Je m&rsquo;abonne<\/a><\/p>\n<p style=\"text-align: center; padding-top: 10px; padding-bottom: 10px;\"><img decoding=\"async\" src=\"https:\/\/media.ouest-france.fr\/v1\/fonts\/be7723fcee3f1866f1ce99184077fc6f-carte-bancaire.svg?height=36\" alt=\"CB\"\/>\u00a0\u00a0<img decoding=\"async\" src=\"https:\/\/media.ouest-france.fr\/v1\/fonts\/1819d54c599d8afa64539cfba4ac9dde-rib.svg?height=36\" alt=\"RIB\"\/>\u00a0\u00a0<img decoding=\"async\" src=\"https:\/\/media.ouest-france.fr\/v1\/fonts\/065fc80d7b6a03d14a834c224ce723e1-paypal.svg?height=36\" alt=\"PAYPAL\"\/><\/p>\n","protected":false},"excerpt":{"rendered":"Article premium, R\u00e9serv\u00e9 aux\u00a0abonn\u00e9s Tout au long de l\u2019\u00e9t\u00e9 2026, le service actions culturelles de la communaut\u00e9 de&hellip;\n","protected":false},"author":2,"featured_media":177635,"comment_status":"","ping_status":"","sticky":false,"template":"","format":"standard","meta":{"footnotes":"","_share_on_mastodon":"0"},"categories":[101],"tags":[126,124,125,12,13,18,17,46708,127,96,95,55280,55279],"class_list":["post-177634","post","type-post","status-publish","format-standard","has-post-thumbnail","category-arts-et-design","tag-arts","tag-arts-and-design","tag-arts-et-design","tag-be","tag-be-fr","tag-belgique","tag-belgium","tag-benet","tag-design","tag-divertissement","tag-entertainment","tag-le-mazeau","tag-saint-hilaire-des-loges"],"share_on_mastodon":{"url":"https:\/\/pubeurope.com\/@be_fr\/116931833886802423","error":""},"_links":{"self":[{"href":"https:\/\/www.europesays.com\/be-fr\/wp-json\/wp\/v2\/posts\/177634","targetHints":{"allow":["GET"]}}],"collection":[{"href":"https:\/\/www.europesays.com\/be-fr\/wp-json\/wp\/v2\/posts"}],"about":[{"href":"https:\/\/www.europesays.com\/be-fr\/wp-json\/wp\/v2\/types\/post"}],"author":[{"embeddable":true,"href":"https:\/\/www.europesays.com\/be-fr\/wp-json\/wp\/v2\/users\/2"}],"replies":[{"embeddable":true,"href":"https:\/\/www.europesays.com\/be-fr\/wp-json\/wp\/v2\/comments?post=177634"}],"version-history":[{"count":0,"href":"https:\/\/www.europesays.com\/be-fr\/wp-json\/wp\/v2\/posts\/177634\/revisions"}],"wp:featuredmedia":[{"embeddable":true,"href":"https:\/\/www.europesays.com\/be-fr\/wp-json\/wp\/v2\/media\/177635"}],"wp:attachment":[{"href":"https:\/\/www.europesays.com\/be-fr\/wp-json\/wp\/v2\/media?parent=177634"}],"wp:term":[{"taxonomy":"category","embeddable":true,"href":"https:\/\/www.europesays.com\/be-fr\/wp-json\/wp\/v2\/categories?post=177634"},{"taxonomy":"post_tag","embeddable":true,"href":"https:\/\/www.europesays.com\/be-fr\/wp-json\/wp\/v2\/tags?post=177634"}],"curies":[{"name":"wp","href":"https:\/\/api.w.org\/{rel}","templated":true}]}}