{"id":177974,"date":"2026-07-17T07:18:10","date_gmt":"2026-07-17T07:18:10","guid":{"rendered":"https:\/\/www.europesays.com\/be-fr\/177974\/"},"modified":"2026-07-17T07:18:10","modified_gmt":"2026-07-17T07:18:10","slug":"incendie-a-fontainebleau-travaux-en-cause-macron-salue-les-pompiers","status":"publish","type":"post","link":"https:\/\/www.europesays.com\/be-fr\/177974\/","title":{"rendered":"Incendie \u00e0 Fontainebleau\u00a0: travaux en cause, Macron salue les pompiers"},"content":{"rendered":"<p>\n  &#13;<br \/>\n  \u00c0 lire aussi&#13;<br \/>\n  &#13;<\/p>\n<p>  <img decoding=\"async\" data-copyright=\"LOU BENOIST \/ AFP\" class=\"r-img\"  typeof=\"foaf:Image\" src=\"https:\/\/www.europesays.com\/be-fr\/wp-content\/uploads\/2026\/07\/1784272690_92_91790060.jpeg\" alt=\"Belgaimage-181258098.jpg\"\/><br \/>\n        <a class=\"r-stories--link\" href=\"https:\/\/www.rtl.be\/actu\/monde\/france\/incendies-fontainebleau-deux-ouvriers-et-le-gerant-dune-societe-de-travaux\/2026-07-16\/article\/794829\" rel=\"nofollow noopener\" target=\"_blank\">Incendies \u00e0 Fontainebleau\u00a0: deux ouvriers et le g\u00e9rant d\u2019une soci\u00e9t\u00e9 de travaux pr\u00e9sent\u00e9s \u00e0 un juge en vue de leur mise en examen<\/a>&#13;<br \/>\n  &#13;<br \/>\n&#13;\n<\/p>\n<p>La France fait face \u00abaux pires incendies\u00bb qu\u2019elle ait connus depuis 1945, a dit le pr\u00e9sident de la R\u00e9publique.<\/p>\n<p>Avec pr\u00e8s de 11.000 feux et 35.000 hectares touch\u00e9s par les flammes, la surface br\u00fbl\u00e9e en France \u00e0 mi-juillet a \u00abd\u2019ores et d\u00e9j\u00e0 d\u00e9pass\u00e9\u00bb le total de la saison pass\u00e9e, a soulign\u00e9 \u00e0 ses c\u00f4t\u00e9s le directeur g\u00e9n\u00e9ral de la S\u00e9curit\u00e9 civile Julien Marion.<\/p>\n<p>Lourd tribut<\/p>\n<p>Pris\u00e9e des randonneurs et des grimpeurs, class\u00e9e \u00abr\u00e9serve de biosph\u00e8re\u00bb par l\u2019Unesco, la for\u00eat de Fontainebleau, situ\u00e9e \u00e0 60 km de Paris, paiera un lourd tribut.<\/p>\n<p>Ce sont des travaux de r\u00e9paration d\u2019une glissi\u00e8re de l\u2019autoroute et l\u2019\u00e9tincelle d\u2019une disqueuse qui auraient mis le feu \u00e0 la v\u00e9g\u00e9tation puis \u00e0 la for\u00eat jouxtant l\u2019A6, a expliqu\u00e9 jeudi la procureure de Fontainebleau, Diane Ngomsik. L\u2019incendie s\u2019\u00e9tait rapidement propag\u00e9 du bord de l\u2019A6 \u00e0 la for\u00eat.<\/p>\n<p>Deux ouvriers ont \u00e9t\u00e9 mis en examen pour \u00abdestruction involontaire par incendie (&#8230;) par manquement \u00e0 une obligation de s\u00e9curit\u00e9 ou de prudence\u00bb, a indiqu\u00e9 la procureure de Fontainebleau \u00e0 l\u2019AFP. Ils ont \u00e9t\u00e9 laiss\u00e9s libres sous contr\u00f4le judiciaire. Le g\u00e9rant de la soci\u00e9t\u00e9 a, lui, \u00e9t\u00e9 plac\u00e9 sous le statut de t\u00e9moin assist\u00e9, a ajout\u00e9 la m\u00eame source.<\/p>\n<p>Mercredi, deux jeunes hommes de 18 ans dont un pompier volontaire, soup\u00e7onn\u00e9s d\u2019avoir mis le feu d\u00e9lib\u00e9r\u00e9ment cette fois-ci, en deux autres endroits, Arbonne-la-For\u00eat et Fontainebleau, ont \u00e9t\u00e9 mis en examen et \u00e9crou\u00e9s.<\/p>\n<p>A cet \u00e9gard, le chef de l\u2019Etat a assur\u00e9 qu\u2019il n\u2019y aurait \u00abaucune tol\u00e9rance\u00bb pour les incendiaires \u00abparce que c\u2019est notre territoire national qui est attaqu\u00e9 chaque fois qu\u2019un feu se d\u00e9clenche\u00bb.<\/p>\n<p>Quelque 950 pompiers ont \u00e9t\u00e9 encore \u00e0 pied d\u2019oeuvre jeudi pour \u00e9teindre le feu, qui avait conduit \u00e0 l\u2019\u00e9vacuation de pr\u00e8s d\u2019un millier d\u2019habitants dans la nuit de dimanche \u00e0 lundi alors qu\u2019il se rapprochait des habitations.<\/p>\n<p>\u00abComme les autres jours, on a toujours de la r\u00e9activation du vent et la temp\u00e9rature qui se l\u00e8ve, ce qui nous occasionne des r\u00e9activations de feu ici ou l\u00e0\u00bb, a indiqu\u00e9 jeudi \u00e0 la mi-journ\u00e9e S\u00e9bastien Avenel, directeur adjoint des pompiers de Seine-et-Marne, qui commande les op\u00e9rations de secours depuis Noisy-sur-Ecole.<\/p>\n<p>R\u00e9ouverture de l\u2019A6<\/p>\n<p>Mais si le gros du feu est ma\u00eetris\u00e9, le combat fastidieux des pompiers va durer, en raison de la tourbe et du sable tr\u00e8s pr\u00e9sents dans cette for\u00eat.<\/p>\n<p>\u00abNous avons beaucoup de tourbe \u00e0 retourner, il y a \u00e9norm\u00e9ment de chantiers \u00e0 traiter\u00bb, a expliqu\u00e9 le colonel Avenel. Cent vingt militaires du g\u00e9nie en provenance de l\u2019est de la France, habitu\u00e9s \u00e0 pr\u00e9parer terrain et infrastructures, sont arriv\u00e9s en renfort jeudi.<\/p>\n<p>Le massif est encore \u00abinterdit\u00bb d\u2019acc\u00e8s et \u00abdangereux\u00bb, a rappel\u00e9 de son c\u00f4t\u00e9 Sophie David, une responsable de l\u2019Office nationale des for\u00eats (ONF). \u00abLes arbres sont br\u00fbl\u00e9s au niveau des racines et peuvent tomber \u00e0 tout moment.\u00bb<\/p>\n<p>L\u2019incendie avait provoqu\u00e9 la fermeture dimanche de l\u2019A6 sur une vingtaine de kilom\u00e8tres, mais l\u2019autoroute a pu rouvrir \u00abprogressivement\u00bb \u00e0 partir de jeudi 20H00, avec une voie r\u00e9serv\u00e9e aux v\u00e9hicules de secours dans les deux sens et \u00e0 une vitesse limit\u00e9e \u00e0 90 km\/h, a indiqu\u00e9 la pr\u00e9fecture \u00e0 la veille d\u2019un week-end de grands d\u00e9parts en vacances.<\/p>\n<p>Face \u00e0 une pol\u00e9mique sur les moyens, lanc\u00e9e par le RN et LFI, sur une commande de deux Canadair annul\u00e9e, Emmanuel Macron a affirm\u00e9 jeudi avoir au contraire relanc\u00e9 la production de ces appareils gr\u00e2ce \u00e0 une action europ\u00e9enne.<\/p>\n<p>\u00abEn 2017, on ne produisait plus de Canadair. Il n\u2019y avait pas de pol\u00e9mique \u00e0 l\u2019\u00e9poque pour savoir si c\u2019\u00e9tait deux, quatre ou six. On en produisait z\u00e9ro\u00bb, a-t-il relev\u00e9.<\/p>\n<p>L\u2019Airbus A400M, un avion de transport militaire, pourra \u00eatre exp\u00e9riment\u00e9 dans quelques jours pour larguer l\u2019\u00e9quivalent de trois Canadair.<\/p>\n<p>Emmanuel Macron a aussi annonc\u00e9 la mise en place dans les prochaines heures d\u2019\u00abun guichet unique\u00bb afin de collecter des fonds pour la for\u00eat de Fontainebleau.<\/p>\n<p>\u00abJe compte sur chacune et chacun pour pouvoir d\u00e8s maintenant donner\u00bb et permettre \u00abde replanter, de reb\u00e2tir et de continuer de nous am\u00e9liorer aussi pour que cette for\u00eat soit encore, demain, mieux prot\u00e9g\u00e9e\u00bb, a-t-il ajout\u00e9.<\/p>\n<p>La Fondation du patrimoine a annonc\u00e9 lancer cette \u00abcollecte d\u2019urgence\u00bb notamment avec l\u2019ONF, la ville et le ch\u00e2teau de Fontainebleau, le d\u00e9partement et la r\u00e9gion.<\/p>\n<p>Alors que les feux sont fix\u00e9s, les commer\u00e7ants commencent \u00e0 s\u2019inqui\u00e9ter de leur impact local.<\/p>\n<p>A Fontainebleau, Arthur Maillodat, vendeur au magasin d\u2019\u00e9quipement sportif S\u2019Cape, qui vend et loue notamment du mat\u00e9riel d\u2019escalade, s\u2019inqui\u00e8te des \u00abcons\u00e9quences \u00e9cologiques\u00bb et \u00ab\u00e9conomiques\u00bb pour les restaurateurs, les g\u00eetes, les h\u00f4tels de cette zone tr\u00e8s fr\u00e9quent\u00e9e, non loin du c\u00e9l\u00e8bre village des peintres de Barbizon.<\/p>\n","protected":false},"excerpt":{"rendered":"&#13; \u00c0 lire aussi&#13; &#13; Incendies \u00e0 Fontainebleau\u00a0: deux ouvriers et le g\u00e9rant d\u2019une soci\u00e9t\u00e9 de travaux pr\u00e9sent\u00e9s&hellip;\n","protected":false},"author":2,"featured_media":177975,"comment_status":"","ping_status":"","sticky":false,"template":"","format":"standard","meta":{"footnotes":"","_share_on_mastodon":"0"},"categories":[9],"tags":[55421,12,13,18,17,55420,55422,55423,2562,55419,55022,31,4533,2537,24632,32],"class_list":["post-177974","post","type-post","status-publish","format-standard","has-post-thumbnail","category-international","tag-a6-autoroute","tag-be","tag-be-fr","tag-belgique","tag-belgium","tag-canadair","tag-collecte-de-fonds","tag-consequences-ecologiques","tag-emmanuel-macron","tag-foret-de-fontainebleau","tag-incendie-fontainebleau","tag-international","tag-pompiers","tag-seine-et-marne","tag-travaux-publics","tag-world-news"],"share_on_mastodon":{"url":"https:\/\/pubeurope.com\/@be_fr\/116934102896631958","error":""},"_links":{"self":[{"href":"https:\/\/www.europesays.com\/be-fr\/wp-json\/wp\/v2\/posts\/177974","targetHints":{"allow":["GET"]}}],"collection":[{"href":"https:\/\/www.europesays.com\/be-fr\/wp-json\/wp\/v2\/posts"}],"about":[{"href":"https:\/\/www.europesays.com\/be-fr\/wp-json\/wp\/v2\/types\/post"}],"author":[{"embeddable":true,"href":"https:\/\/www.europesays.com\/be-fr\/wp-json\/wp\/v2\/users\/2"}],"replies":[{"embeddable":true,"href":"https:\/\/www.europesays.com\/be-fr\/wp-json\/wp\/v2\/comments?post=177974"}],"version-history":[{"count":0,"href":"https:\/\/www.europesays.com\/be-fr\/wp-json\/wp\/v2\/posts\/177974\/revisions"}],"wp:featuredmedia":[{"embeddable":true,"href":"https:\/\/www.europesays.com\/be-fr\/wp-json\/wp\/v2\/media\/177975"}],"wp:attachment":[{"href":"https:\/\/www.europesays.com\/be-fr\/wp-json\/wp\/v2\/media?parent=177974"}],"wp:term":[{"taxonomy":"category","embeddable":true,"href":"https:\/\/www.europesays.com\/be-fr\/wp-json\/wp\/v2\/categories?post=177974"},{"taxonomy":"post_tag","embeddable":true,"href":"https:\/\/www.europesays.com\/be-fr\/wp-json\/wp\/v2\/tags?post=177974"}],"curies":[{"name":"wp","href":"https:\/\/api.w.org\/{rel}","templated":true}]}}