{"id":178170,"date":"2026-07-17T10:06:12","date_gmt":"2026-07-17T10:06:12","guid":{"rendered":"https:\/\/www.europesays.com\/be-fr\/178170\/"},"modified":"2026-07-17T10:06:12","modified_gmt":"2026-07-17T10:06:12","slug":"kim-kardashian-annonce-une-triste-nouvelle-sur-instagram","status":"publish","type":"post","link":"https:\/\/www.europesays.com\/be-fr\/178170\/","title":{"rendered":"Kim Kardashian annonce une triste nouvelle sur Instagram"},"content":{"rendered":"<p class=\"ap-StoryElement ap-StoryElement--mb ap-StoryText\">Temps difficile pour le clan Kardashian. Ce jeudi 16 juillet, Kim Kardashian a annonc\u00e9 une bien triste nouvelle \u00e0 ses millions d&rsquo;abonn\u00e9s : le d\u00e9c\u00e8s de sa grand-m\u00e8re maternelle, Mary Jo Shannon, \u00e0 l&rsquo;\u00e2ge de 91 ans.<\/p>\n<p class=\"ap-StoryElement ap-StoryElement--mb ap-StoryText\">Tr\u00e8s proche de cette derni\u00e8re, la femme d&rsquo;affaires lui a rendu hommage sur Instagram. \u00ab\u00a0Ma douce grand-m\u00e8re MJ, ma meilleure amie, ma complice de potins, ma jumelle pour toujours\u00a0\u00bb, commence-t-elle par \u00e9crire.<\/p>\n<p><a href=\"https:\/\/www.dhnet.be\/lifestyle\/people\/2026\/02\/02\/kim-kardashian-aurait-retrouve-lamour-dans-les-bras-dun-celebre-sportif-NXYCQHNLKBAEJGZG3ZYEPHVI2A\/\" target=\"_self\" class=\"ap-StoryInterstitialLink ap-StoryElement ap-StoryElement--mb\" rel=\"nofollow noopener\">Kim Kardashian aurait retrouv\u00e9 l&rsquo;amour dans les bras d&rsquo;un c\u00e9l\u00e8bre sportif<\/a>\u00ab\u00a0Tu nous as tous appris l&rsquo;importance de la famille\u00a0\u00bb, confie Kim Kardashian<\/p>\n<p class=\"ap-StoryElement ap-StoryElement--mb ap-StoryText\">Au fil de son long message, celle qui partage d\u00e9sormais sa vie avec le pilote de F1, Lewis Hamilton, revient ensuite sur les nombreuses valeurs que lui a transmises celle qui a marqu\u00e9 toute la famille. \u00ab\u00a0Tu nous as tous appris l&rsquo;importance de la famille, et ce sont des valeurs que nous porterons avec nous toute notre vie. Tu es la femme qui m&rsquo;a montr\u00e9 ce que signifiait \u00eatre une femme d&rsquo;affaires travailleuse\u00a0\u00bb, confie-t-elle, avant de saluer son soutien sans faille : \u00ab\u00a0Tu as toujours cru en moi, tu m&rsquo;as toujours soutenue et tu as toujours \u00e9t\u00e9 mon refuge. Tu \u00e9tais v\u00e9ritablement le pilier de notre famille, et ton amour est pr\u00e9sent en chacun de nous.\u00a0\u00bb<\/p>\n","protected":false},"excerpt":{"rendered":"Temps difficile pour le clan Kardashian. Ce jeudi 16 juillet, Kim Kardashian a annonc\u00e9 une bien triste nouvelle&hellip;\n","protected":false},"author":2,"featured_media":178171,"comment_status":"","ping_status":"","sticky":false,"template":"","format":"standard","meta":{"footnotes":"","_share_on_mastodon":"0"},"categories":[83],"tags":[961,12,13,18,17,38,1418,9475,55470,96,1422,95,1967,1425,964,966,967,968,55471,30928,15066,1429,1430,491,15068,4490,4491,4718,1436,4628,4900,12253,2266],"class_list":["post-178170","post","type-post","status-publish","format-standard","has-post-thumbnail","category-divertissement","tag-adult","tag-be","tag-be-fr","tag-belgique","tag-belgium","tag-business","tag-business-finance-and-industry","tag-cheerful","tag-diplomatieke-zendingen","tag-divertissement","tag-emotion","tag-entertainment","tag-female","tag-happiness","tag-indoors","tag-looking-at-camera","tag-mature-adult","tag-men","tag-missions-diplomatiques","tag-monarchie","tag-nieuwjaarsreceptie","tag-occupation","tag-person","tag-portrait","tag-reception-de-nouvel-an","tag-royals","tag-royalty","tag-senior-adult","tag-smiling","tag-standing","tag-togetherness","tag-two-people","tag-women"],"share_on_mastodon":{"url":"https:\/\/pubeurope.com\/@be_fr\/116934763328442395","error":""},"_links":{"self":[{"href":"https:\/\/www.europesays.com\/be-fr\/wp-json\/wp\/v2\/posts\/178170","targetHints":{"allow":["GET"]}}],"collection":[{"href":"https:\/\/www.europesays.com\/be-fr\/wp-json\/wp\/v2\/posts"}],"about":[{"href":"https:\/\/www.europesays.com\/be-fr\/wp-json\/wp\/v2\/types\/post"}],"author":[{"embeddable":true,"href":"https:\/\/www.europesays.com\/be-fr\/wp-json\/wp\/v2\/users\/2"}],"replies":[{"embeddable":true,"href":"https:\/\/www.europesays.com\/be-fr\/wp-json\/wp\/v2\/comments?post=178170"}],"version-history":[{"count":0,"href":"https:\/\/www.europesays.com\/be-fr\/wp-json\/wp\/v2\/posts\/178170\/revisions"}],"wp:featuredmedia":[{"embeddable":true,"href":"https:\/\/www.europesays.com\/be-fr\/wp-json\/wp\/v2\/media\/178171"}],"wp:attachment":[{"href":"https:\/\/www.europesays.com\/be-fr\/wp-json\/wp\/v2\/media?parent=178170"}],"wp:term":[{"taxonomy":"category","embeddable":true,"href":"https:\/\/www.europesays.com\/be-fr\/wp-json\/wp\/v2\/categories?post=178170"},{"taxonomy":"post_tag","embeddable":true,"href":"https:\/\/www.europesays.com\/be-fr\/wp-json\/wp\/v2\/tags?post=178170"}],"curies":[{"name":"wp","href":"https:\/\/api.w.org\/{rel}","templated":true}]}}